{"id":18985,"date":"2021-02-05T11:51:20","date_gmt":"2021-02-05T14:51:20","guid":{"rendered":"https:\/\/blogs.correiobraziliense.com.br\/servidor\/?p=18985"},"modified":"2021-02-05T11:52:48","modified_gmt":"2021-02-05T14:52:48","slug":"assistencia-social-entra-em-greve-por-nao-ter-sido-incluida-em-plano-de-vacinacao","status":"publish","type":"post","link":"https:\/\/blogs.correiobraziliense.com.br\/servidor\/assistencia-social-entra-em-greve-por-nao-ter-sido-incluida-em-plano-de-vacinacao\/","title":{"rendered":"Assist\u00eancia social entra em greve por n\u00e3o ter sido inclu\u00edda em plano de vacina\u00e7\u00e3o"},"content":{"rendered":"<p><em><strong>Decis\u00e3o foi tomada pela categoria em assembleia, ontem (4 de fevereiro). O Sindsasc afirma que a secret\u00e1ria de Desenvolvimento Social n\u00e3o falou a verdade quando afirmou nas redes sociais que era &#8220;fake&#8221; que a categoria estava fora da imuniza\u00e7\u00e3o. Na verdade, garante o sindicato, foram vacinados apenas os que cuidam de idosos e de pessoas com comorbidades. O restante da classe n\u00e3o foi inclu\u00eddo no plano nacional de vacina\u00e7\u00e3o<\/strong><\/em><\/p>\n<p><img loading=\"lazy\" decoding=\"async\" class=\"alignright size-large wp-image-18986\" src=\"https:\/\/blogs.correiobraziliense.com.br\/servidor\/wp-content\/uploads\/sites\/10\/2021\/02\/Assist\u00eancia-social-entra-em-greve-por-n\u00e3o-ser-inclu\u00edda-em-plano-de-vacina\u00e7\u00e3o-Foto-Sindsasc-2-1024x576.jpeg\" alt=\"\" width=\"1024\" height=\"576\" srcset=\"https:\/\/blogs.correiobraziliense.com.br\/servidor\/wp-content\/uploads\/sites\/10\/2021\/02\/Assist\u00eancia-social-entra-em-greve-por-n\u00e3o-ser-inclu\u00edda-em-plano-de-vacina\u00e7\u00e3o-Foto-Sindsasc-2-1024x576.jpeg 1024w, https:\/\/blogs.correiobraziliense.com.br\/servidor\/wp-content\/uploads\/sites\/10\/2021\/02\/Assist\u00eancia-social-entra-em-greve-por-n\u00e3o-ser-inclu\u00edda-em-plano-de-vacina\u00e7\u00e3o-Foto-Sindsasc-2-300x169.jpeg 300w, https:\/\/blogs.correiobraziliense.com.br\/servidor\/wp-content\/uploads\/sites\/10\/2021\/02\/Assist\u00eancia-social-entra-em-greve-por-n\u00e3o-ser-inclu\u00edda-em-plano-de-vacina\u00e7\u00e3o-Foto-Sindsasc-2-768x432.jpeg 768w, https:\/\/blogs.correiobraziliense.com.br\/servidor\/wp-content\/uploads\/sites\/10\/2021\/02\/Assist\u00eancia-social-entra-em-greve-por-n\u00e3o-ser-inclu\u00edda-em-plano-de-vacina\u00e7\u00e3o-Foto-Sindsasc-2-800x450.jpeg 800w, https:\/\/blogs.correiobraziliense.com.br\/servidor\/wp-content\/uploads\/sites\/10\/2021\/02\/Assist\u00eancia-social-entra-em-greve-por-n\u00e3o-ser-inclu\u00edda-em-plano-de-vacina\u00e7\u00e3o-Foto-Sindsasc-2-550x310.jpeg 550w, https:\/\/blogs.correiobraziliense.com.br\/servidor\/wp-content\/uploads\/sites\/10\/2021\/02\/Assist\u00eancia-social-entra-em-greve-por-n\u00e3o-ser-inclu\u00edda-em-plano-de-vacina\u00e7\u00e3o-Foto-Sindsasc-2-230x129.jpeg 230w, https:\/\/blogs.correiobraziliense.com.br\/servidor\/wp-content\/uploads\/sites\/10\/2021\/02\/Assist\u00eancia-social-entra-em-greve-por-n\u00e3o-ser-inclu\u00edda-em-plano-de-vacina\u00e7\u00e3o-Foto-Sindsasc-2.jpeg 1032w\" sizes=\"auto, (max-width: 1024px) 100vw, 1024px\" \/><\/p>\n<p>Os servidores da assist\u00eancia social do Governo do Distrito Federal (GDF) entraram em greve na quinta-feira (4 de fevereiro). O principal motivo para a paralisa\u00e7\u00e3o foi a exclus\u00e3o da categoria dos grupos priorit\u00e1rios da vacina\u00e7\u00e3o contra a Covid-19. A decis\u00e3o foi tomada em assembleia do Sindicato dos Servidores da Assist\u00eancia Social e Cultural do GDF (Sindsasc). Tamb\u00e9m ficou definido que, caso o GDF inclua a categoria nos grupos priorit\u00e1rios da vacina\u00e7\u00e3o, a greve pode ser suspensa.<\/p>\n<p>H\u00e1 dois meses, os servidores da assist\u00eancia social tentam a inclus\u00e3o no plano de imuniza\u00e7\u00e3o, mas foram negligenciados pelo GDF, na an\u00e1lise do Sindsasc. &#8220;\u00c9 uma greve pela vida. N\u00e3o queremos perder mais nenhum colega. N\u00e3o queremos que mais nenhum trabalhador da assist\u00eancia social se torne vetor de propaga\u00e7\u00e3o da Covid-19&#8221;, destacou o presidente do Sindsasc, Clayton Avelar durante a assembleia.<\/p>\n<p>O Sindsasc notificou extrajudicialmente a titular da Secretaria de Desenvolvimento Social (Sedes), Mayara Noronha. O motivo foi a divulga\u00e7\u00e3o de informa\u00e7\u00f5es sem respaldo da Secretaria de Sa\u00fade do DF. No \u00faltimo dia 28, por meio dos Stories do Instagram da Sedes, a secret\u00e1ria disse ser \u201cfake\u201d que os servidores da assist\u00eancia social do GDF estavam de fora da imuniza\u00e7\u00e3o. De acordo com o site da pasta da Sa\u00fade, os trabalhadores da assist\u00eancia social n\u00e3o constam no Plano Estrat\u00e9gico e Operacional da Vacina\u00e7\u00e3o contra a Covid-19 no DF.<\/p>\n<p>&#8220;Alguns servidores foram vacinados n\u00e3o por atuarem na assist\u00eancia social e sim por cuidarem de idosos, pessoas com defici\u00eancia ou comorbidades. Continuamos, sim, fora do plano, mesmo atuando na linha de frente das a\u00e7\u00f5es contra a pandemia&#8221;, explica Avelar. O Sindsasc refor\u00e7a que os trabalhadores da categoria atuam em servi\u00e7os essenciais durante a pandemia, al\u00e9m de a classe ser a que lida com as consequ\u00eancias sociais da Covid-19, em trabalho presencial desde o in\u00edcio da pandemia. \u201cFalta considera\u00e7\u00e3o do GDF com a assist\u00eancia social\u201d, pontua Clayton Avelar.<\/p>\n<p><strong>\u00daltima greve<\/strong><\/p>\n<p>A assist\u00eancia social \u00e9 respons\u00e1vel por ter realizado a maior greve j\u00e1 feita pelos servidores do GDF. Em 2018, a categoria paralisou o servi\u00e7o por 83 dias. A greve havia sido motivada, principalmente, pela reivindica\u00e7\u00e3o do acerto retroativo do aumento salarial previsto em lei desde 2015, reivindica\u00e7\u00e3o que ainda n\u00e3o foi atendida pelo GDF.<\/p>\n","protected":false},"excerpt":{"rendered":"<p>Decis\u00e3o foi tomada pela categoria em assembleia, ontem (4 de fevereiro). O Sindsasc afirma que a secret\u00e1ria de Desenvolvimento Social n\u00e3o falou a verdade quando afirmou nas redes sociais que era &#8220;fake&#8221; que a categoria estava fora da imuniza\u00e7\u00e3o. Na verdade, garante o sindicato, foram vacinados apenas os que cuidam de idosos e de pessoas com comorbidades. O restante da [&hellip;]<\/p>\n","protected":false},"author":27,"featured_media":0,"comment_status":"open","ping_status":"closed","sticky":false,"template":"","format":"standard","meta":{"footnotes":""},"categories":[2719],"tags":[2108,18544,16896,17256,2692,15,443,10959,7251,15893,18736,16791],"class_list":["post-18985","post","type-post","status-publish","format-standard","hentry","category-servidor","tag-assistencia-social","tag-comorbidades","tag-coronavirus","tag-covid-19","tag-gdf","tag-greve","tag-idosos","tag-imunizacao","tag-propagacao","tag-sedes","tag-sindsac","tag-vacinacao"],"_links":{"self":[{"href":"https:\/\/blogs.correiobraziliense.com.br\/servidor\/wp-json\/wp\/v2\/posts\/18985","targetHints":{"allow":["GET"]}}],"collection":[{"href":"https:\/\/blogs.correiobraziliense.com.br\/servidor\/wp-json\/wp\/v2\/posts"}],"about":[{"href":"https:\/\/blogs.correiobraziliense.com.br\/servidor\/wp-json\/wp\/v2\/types\/post"}],"author":[{"embeddable":true,"href":"https:\/\/blogs.correiobraziliense.com.br\/servidor\/wp-json\/wp\/v2\/users\/27"}],"replies":[{"embeddable":true,"href":"https:\/\/blogs.correiobraziliense.com.br\/servidor\/wp-json\/wp\/v2\/comments?post=18985"}],"version-history":[{"count":3,"href":"https:\/\/blogs.correiobraziliense.com.br\/servidor\/wp-json\/wp\/v2\/posts\/18985\/revisions"}],"predecessor-version":[{"id":18989,"href":"https:\/\/blogs.correiobraziliense.com.br\/servidor\/wp-json\/wp\/v2\/posts\/18985\/revisions\/18989"}],"wp:attachment":[{"href":"https:\/\/blogs.correiobraziliense.com.br\/servidor\/wp-json\/wp\/v2\/media?parent=18985"}],"wp:term":[{"taxonomy":"category","embeddable":true,"href":"https:\/\/blogs.correiobraziliense.com.br\/servidor\/wp-json\/wp\/v2\/categories?post=18985"},{"taxonomy":"post_tag","embeddable":true,"href":"https:\/\/blogs.correiobraziliense.com.br\/servidor\/wp-json\/wp\/v2\/tags?post=18985"}],"curies":[{"name":"wp","href":"https:\/\/api.w.org\/{rel}","templated":true}]}}