{"id":18962,"date":"2021-02-03T17:10:10","date_gmt":"2021-02-03T20:10:10","guid":{"rendered":"https:\/\/blogs.correiobraziliense.com.br\/servidor\/?p=18962"},"modified":"2021-02-03T17:10:10","modified_gmt":"2021-02-03T20:10:10","slug":"servidores-consideram-equivocada-a-pauta-economica-do-congresso-nacional","status":"publish","type":"post","link":"https:\/\/blogs.correiobraziliense.com.br\/servidor\/servidores-consideram-equivocada-a-pauta-economica-do-congresso-nacional\/","title":{"rendered":"Servidores consideram equivocada a pauta econ\u00f4mica do Congresso Nacional"},"content":{"rendered":"<p><em><strong>Em resposta ao pronunciamento dos presidentes da C\u00e2mara dos Deputados,\u00a0Arthur Lira (PP\/AL), e do Senado Federal, Rodrigo Pacheco (DEM\/MG), a\u00a0Frente Parlamentar Mista em Defesa do Servi\u00e7o P\u00fablico (Servir Brasil) informa que\u00a0considera equivocada a decis\u00e3o do Congresso Nacional de priorizar pautas\u00a0econ\u00f4micas que alterem a forma de contrata\u00e7\u00e3o de servidores (efetivos e\u00a0tempor\u00e1rios) e o fim da estabilidade dos servidores federais, estaduais\u00a0<\/strong><\/em><em><strong>e municipais sem argumentos s\u00f3lidos ou razo\u00e1veis<\/strong><\/em><\/p>\n<p><img loading=\"lazy\" decoding=\"async\" class=\"alignright size-full wp-image-18892\" src=\"https:\/\/blogs.correiobraziliense.com.br\/servidor\/wp-content\/uploads\/sites\/10\/2021\/01\/SERVIR-BRASIL-logo.png\" alt=\"\" width=\"684\" height=\"163\" \/><\/p>\n<p>Por meio de nota, o deputado federal Professor Israel Batista (PV\/DF), presidente da Servir Brasil, destaca que, at\u00e9 o momento, a Frente aguarda a apresenta\u00e7\u00e3o de dados e\u00a0c\u00e1lculos do Minist\u00e9rio da Economia que justifiquem a Proposta de Emenda\u00a0\u00e0 Constitui\u00e7\u00e3o (PEC) 32\/2020, a Reforma Administrativa. &#8220;Os argumentos\u00a0apresentados, por hora, pelo governo federal e por outros importantes\u00a0atores do debate econ\u00f4mico, s\u00e3o inconsistentes&#8221;, afirma o parlamentar.<\/p>\n<p>O documento aponta, ainda, que, embora essas pautas sejam tratadas como \u201cnecess\u00e1rias ao crescimento e<br \/>\ndesenvolvimento do nosso pa\u00eds\u201d \u2013 nas palavras ditas hoje (03) pelo\u00a0presidente da C\u00e2mara dos Deputados \u2013, a Frente Servir Brasil entende que\u00a0a PEC 32\/2020 e a PEC Emergencial (186\/2019) n\u00e3o produzir\u00e3o os efeitos\u00a0agora previstos \u2013 de \u201capresentar solu\u00e7\u00f5es efetivas para os problemas do\u00a0Brasil\u201d \u2013, como tamb\u00e9m refor\u00e7ou, hoje, o presidente do Senado.<\/p>\n<p>&#8220;Extinguir a estabilidade ou reduzir sal\u00e1rios e jornadas de trabalho de\u00a0professores (educa\u00e7\u00e3o b\u00e1sica com m\u00e9dia de R$ 3.280,05) e profissionais\u00a0da sa\u00fade (m\u00e9dia de R$ 4.769,1), principalmente daqueles que atuam nos\u00a0munic\u00edpios (6 em cada 10 servidores), n\u00e3o ser\u00e3o a solu\u00e7\u00e3o para os\u00a0problemas fiscais da Uni\u00e3o e n\u00e3o \u201cdestravar\u00e3o a economia do pa\u00eds\u201d.\u00a0A Frente Servir Brasil reitera que a Reforma Administrativa \u00e9 baseada em\u00a0dogmas, n\u00e3o em fatos. E mant\u00e9m a luta incondicional, incans\u00e1vel e\u00a0inflex\u00edvel em defesa da dignidade, da hist\u00f3ria e da capacidade\u00a0profissional dos servidores p\u00fablicos brasileiros&#8221;, diz a\u00a0Frente Servir Brasil.<\/p>\n","protected":false},"excerpt":{"rendered":"<p>Em resposta ao pronunciamento dos presidentes da C\u00e2mara dos Deputados,\u00a0Arthur Lira (PP\/AL), e do Senado Federal, Rodrigo Pacheco (DEM\/MG), a\u00a0Frente Parlamentar Mista em Defesa do Servi\u00e7o P\u00fablico (Servir Brasil) informa que\u00a0considera equivocada a decis\u00e3o do Congresso Nacional de priorizar pautas\u00a0econ\u00f4micas que alterem a forma de contrata\u00e7\u00e3o de servidores (efetivos e\u00a0tempor\u00e1rios) e o fim da estabilidade dos servidores federais, estaduais\u00a0e municipais [&hellip;]<\/p>\n","protected":false},"author":27,"featured_media":0,"comment_status":"open","ping_status":"closed","sticky":false,"template":"","format":"standard","meta":{"footnotes":""},"categories":[2719],"tags":[6533,185,693,172,367,2940,620,14327,17,16498,18170,16497,58,7568],"class_list":["post-18962","post","type-post","status-publish","format-standard","hentry","category-servidor","tag-ala-senador-nilo-coelho","tag-argumentos","tag-congresso-nacional","tag-contratacao","tag-economica","tag-efetivos","tag-estabilidade","tag-ministerio-da-economia","tag-pauta","tag-pec-186-2019","tag-pec-32-2020","tag-pec-emergencial","tag-servidores","tag-temporarias"],"_links":{"self":[{"href":"https:\/\/blogs.correiobraziliense.com.br\/servidor\/wp-json\/wp\/v2\/posts\/18962","targetHints":{"allow":["GET"]}}],"collection":[{"href":"https:\/\/blogs.correiobraziliense.com.br\/servidor\/wp-json\/wp\/v2\/posts"}],"about":[{"href":"https:\/\/blogs.correiobraziliense.com.br\/servidor\/wp-json\/wp\/v2\/types\/post"}],"author":[{"embeddable":true,"href":"https:\/\/blogs.correiobraziliense.com.br\/servidor\/wp-json\/wp\/v2\/users\/27"}],"replies":[{"embeddable":true,"href":"https:\/\/blogs.correiobraziliense.com.br\/servidor\/wp-json\/wp\/v2\/comments?post=18962"}],"version-history":[{"count":1,"href":"https:\/\/blogs.correiobraziliense.com.br\/servidor\/wp-json\/wp\/v2\/posts\/18962\/revisions"}],"predecessor-version":[{"id":18963,"href":"https:\/\/blogs.correiobraziliense.com.br\/servidor\/wp-json\/wp\/v2\/posts\/18962\/revisions\/18963"}],"wp:attachment":[{"href":"https:\/\/blogs.correiobraziliense.com.br\/servidor\/wp-json\/wp\/v2\/media?parent=18962"}],"wp:term":[{"taxonomy":"category","embeddable":true,"href":"https:\/\/blogs.correiobraziliense.com.br\/servidor\/wp-json\/wp\/v2\/categories?post=18962"},{"taxonomy":"post_tag","embeddable":true,"href":"https:\/\/blogs.correiobraziliense.com.br\/servidor\/wp-json\/wp\/v2\/tags?post=18962"}],"curies":[{"name":"wp","href":"https:\/\/api.w.org\/{rel}","templated":true}]}}