{"id":18947,"date":"2021-02-02T17:08:53","date_gmt":"2021-02-02T20:08:53","guid":{"rendered":"https:\/\/blogs.correiobraziliense.com.br\/servidor\/?p=18947"},"modified":"2021-02-02T17:08:53","modified_gmt":"2021-02-02T20:08:53","slug":"tempos-obscuros-surgem-no-horizonte-da-camara-dos-deputados","status":"publish","type":"post","link":"https:\/\/blogs.correiobraziliense.com.br\/servidor\/tempos-obscuros-surgem-no-horizonte-da-camara-dos-deputados\/","title":{"rendered":"Tempos obscuros surgem no horizonte da C\u00e2mara dos Deputados?"},"content":{"rendered":"<p><em><strong>&#8220;Poderia o Presidente eleito, monocraticamente, ap\u00f3s o in\u00edcio das elei\u00e7\u00f5es reformular a decis\u00e3o de seu antecessor? O\u00a0procedimento de anula\u00e7\u00e3o n\u00e3o respeitou o regramento estabelecido pelo Regimento Interno, atropelando, sem qualquer pejo, a liturgia estabelecida no artigo 95 par\u00e1grafos 7\u00ba, 8\u00ba e 9\u00ba. A decis\u00e3o foi a\u00e7odada e certamente demonstra o perfil truculento que est\u00e1 a surgir nos horizontes da C\u00e2mara dos Deputados.\u00a0Caber\u00e1 ao Supremo Tribunal Federal (STF) decidir a quest\u00e3o quando provocado pelos partidos atingidos&#8221;<\/strong><\/em><\/p>\n<p><em><strong>Marcelo Aith*<\/strong><\/em><\/p>\n<p><img loading=\"lazy\" decoding=\"async\" class=\"size-large wp-image-18506 aligncenter\" src=\"https:\/\/blogs.correiobraziliense.com.br\/servidor\/wp-content\/uploads\/sites\/10\/2020\/12\/Marcelo-Aith-Aith-Advocacia-768x1024.jpg\" alt=\"\" width=\"768\" height=\"1024\" srcset=\"https:\/\/blogs.correiobraziliense.com.br\/servidor\/wp-content\/uploads\/sites\/10\/2020\/12\/Marcelo-Aith-Aith-Advocacia-768x1024.jpg 768w, https:\/\/blogs.correiobraziliense.com.br\/servidor\/wp-content\/uploads\/sites\/10\/2020\/12\/Marcelo-Aith-Aith-Advocacia-225x300.jpg 225w, https:\/\/blogs.correiobraziliense.com.br\/servidor\/wp-content\/uploads\/sites\/10\/2020\/12\/Marcelo-Aith-Aith-Advocacia-800x1067.jpg 800w, https:\/\/blogs.correiobraziliense.com.br\/servidor\/wp-content\/uploads\/sites\/10\/2020\/12\/Marcelo-Aith-Aith-Advocacia-550x733.jpg 550w, https:\/\/blogs.correiobraziliense.com.br\/servidor\/wp-content\/uploads\/sites\/10\/2020\/12\/Marcelo-Aith-Aith-Advocacia-230x307.jpg 230w, https:\/\/blogs.correiobraziliense.com.br\/servidor\/wp-content\/uploads\/sites\/10\/2020\/12\/Marcelo-Aith-Aith-Advocacia.jpg 960w\" sizes=\"auto, (max-width: 768px) 100vw, 768px\" \/><\/p>\n<p>Ap\u00f3s ser eleito democraticamente e dentro das regras atuais para o cargo de Presidente da C\u00e2mara dos Deputados, Arthur Lira (PP-AL), anulou a vota\u00e7\u00e3o para os demais cargos da Mesa Diretora e determinou a realiza\u00e7\u00e3o de uma nova elei\u00e7\u00e3o para a escolha de seus integrantes. A medida foi tomada logo em seguida de seu discurso de posse, que teve um tom conciliat\u00f3rio e de respeito a todos os partidos e for\u00e7as pol\u00edticas da Casa. No entanto, minutos ap\u00f3s deu, verdadeiramente, o tom de como devem ser os pr\u00f3ximos dias no Congresso Nacional.<\/p>\n<p>Certamente, come\u00e7ou uma nova divis\u00e3o pol\u00edtica na Casa e seu ato inicial excluiu praticamente todos os advers\u00e1rios de cargos de comando. A decis\u00e3o de Lira direciona a elei\u00e7\u00e3o da Mesa Diretora da C\u00e2mara dos Deputados. Importante explicar que, al\u00e9m do cargo de presidente, a c\u00fapula da C\u00e2mara \u00e9 formada por outros seis postos \u2014 primeira e segunda vice-presid\u00eancia; primeira, segunda, terceira e quarta secretarias. Esse colegiado ser\u00e1 o respons\u00e1vel por todas as diretrizes administrativas da C\u00e2mara e, tamb\u00e9m, por algumas pol\u00edticas, como o encaminhamento de representa\u00e7\u00f5es contra deputados.<\/p>\n<p>S\u00e3o as seguintes as atribui\u00e7\u00f5es dos ocupantes de cada um dos cargos da Mesa Diretora da C\u00e2mara: primeiro vice-presidente: substitui o presidente e elabora pareceres sobre projetos de resolu\u00e7\u00e3o; segundo vice-presidente: substitui o presidente ou o primeiro vice e examina os pedidos de ressarcimento de despesa m\u00e9dica dos deputados; primeiro secret\u00e1rio: respons\u00e1vel pelo gerenciamento das despesas da C\u00e2mara, aprovando, por exemplo, obras e reformas; segundo secret\u00e1rio: trata de assuntos pertinentes a passaportes diplom\u00e1ticos; terceiro secret\u00e1rio: autoriza reembolso de passagens a\u00e9reas e analisa pedidos de licen\u00e7a e justificativas de faltas; e o quarto secret\u00e1rio: supervisiona a concess\u00e3o de apartamentos funcionais ou o pagamento de aux\u00edlio-moradia aos deputados.<\/p>\n<p>H\u00e1 que se ressaltar que a decis\u00e3o de Lira rebaixa os partidos de oposi\u00e7\u00e3o, como o PT, do terceiro posto mais importante &#8211; a primeira-secretaria &#8211; para o \u00faltimo &#8211; a quarta-secretaria. J\u00e1 PSDB e Rede, advers\u00e1rios pol\u00edticos de Lira, perdem os postos na segunda e quarta secretarias.<\/p>\n<p>Cumpre destacar que a defini\u00e7\u00e3o dos candidatos a vice-presidentes, secret\u00e1rios e suplentes \u00e9 feita com base em crit\u00e9rios de proporcionalidade entre os blocos partid\u00e1rios formados para a elei\u00e7\u00e3o, em um c\u00e1lculo efetuado pela Secretaria-Geral da C\u00e2mara &#8211; os maiores blocos ganham prioridade de escolha. Na elei\u00e7\u00e3o deste ano, foram formados dois blocos. O de Arthur Lira e o de Baleia Rossi (MDB-SP).<\/p>\n<p>A a\u00e7\u00e3o do novo presidente da C\u00e2mara para indeferir o registro de candidatura do bloco advers\u00e1rio, de Baleia Rossi, sob alega\u00e7\u00e3o de que o PT perdeu por seis minutos o prazo estipulado para registrar no sistema. Tal decis\u00e3o tomada por Lira tem amparo constitucional, legal e regimental?<\/p>\n<p>O Regimento Interno da C\u00e2mara dos Deputados estabelece alguns requisitos para a participa\u00e7\u00e3o no pleito que escolhe os integrantes da mesa diretivo conforme se vislumbra do artigo 7\u00ba, sen\u00e3o vejamos:<\/p>\n<p>\u201cArt. 7\u00ba A elei\u00e7\u00e3o dos membros da Mesa far-se-\u00e1 em vota\u00e7\u00e3o por escrut\u00ednio secreto e pelo sistema eletr\u00f4nico, exigido maioria absoluta de votos, em primeiro escrut\u00ednio, e maioria simples, em segundo escrut\u00ednio, presente a maioria absoluta dos Deputados, observadas as seguintes exig\u00eancias e formalidades: I &#8211; registro, perante a Mesa, individualmente ou por chapa, de candidatos previamente escolhidos pelas bancadas dos Partidos ou Blocos Parlamentares aos cargos que, de acordo com o princ\u00edpio da representa\u00e7\u00e3o proporcional, tenham sido distribu\u00eddos a esses Partidos ou Blocos Parlamentares; (&#8230;)\u201d<\/p>\n<p>Com efeito, a formaliza\u00e7\u00e3o do registro da candidatura individualmente ou por chapa de candidatos previamente escolhidos pelas bancadas dos partidos ou Blocos Parlamentares aos cargos, deve respeitar o regulamento elaborado com acordo de l\u00edderes \u2013 Of\u00edcio Circular n\u00ba 1\/2021\/SGM\/P, o qual estabeleceu que \u00e0s 14 horas do dia 1\u00ba de fevereiro teria in\u00edcio da reuni\u00e3o de l\u00edderes, para a escolha dos cargos da Mesa pelos partidos, conforme o crit\u00e9rio de proporcionalidade. \u00c0s 17 horas do mesmo dia terminava o prazo para registro das candidaturas. Dessa forma, aparentemente, o registro foi intempestivo, mas uma quest\u00e3o h\u00e1 que ser destaca: Poderia o Presidente eleito, monocraticamente, ap\u00f3s o in\u00edcio das elei\u00e7\u00f5es reformular a decis\u00e3o de seu antecessor?<\/p>\n<p>Conforme estabelece o \u00a77\u00ba, do artigo do 95, RI da C\u00e2mara dos Deputados, \u201co Deputado que quiser comentar, criticar a decis\u00e3o do Presidente ou contra ela protestar poder\u00e1 faz\u00ea-lo na sess\u00e3o seguinte, tendo prefer\u00eancia para uso da palavra, durante dez minutos, \u00e0 hora do expediente\u201d. Em complementa\u00e7\u00e3o o \u00a78\u00ba do mesmo dispositivo disp\u00f5e que o \u201cDeputado, em qualquer caso, poder\u00e1 recorrer da decis\u00e3o da Presid\u00eancia para o Plen\u00e1rio, sem efeito suspensivo, ouvindo-se a Comiss\u00e3o de Constitui\u00e7\u00e3o e Justi\u00e7a e de Cidadania, que ter\u00e1 o prazo m\u00e1ximo de tr\u00eas sess\u00f5es para se pronunciar. Publicado o parecer da Comiss\u00e3o, o recurso ser\u00e1 submetido na sess\u00e3o seguinte ao Plen\u00e1rio\u201d. Por fim h\u00e1 que se destacar que na hip\u00f3tese do \u00a78\u00ba, \u201co Deputado, com o apoiamento de um ter\u00e7o dos presentes, poder\u00e1 requerer que o Plen\u00e1rio decida, de imediato, sobre o efeito suspensivo ao recurso\u201d.<\/p>\n<p>A decis\u00e3o de Rodrigo Maia (DEM-RJ) em admitir, mesmo extemporaneamente, est\u00e1 v\u00e1lida, uma vez que o procedimento de anula\u00e7\u00e3o n\u00e3o respeitou o regramento estabelecido pelo Regimento Interno, atropelando, sem qualquer pejo, a liturgia estabelecida no artigo 95 par\u00e1grafos 7\u00ba, 8\u00ba e 9\u00ba. A decis\u00e3o foi a\u00e7odada e certamente demonstra o perfil truculento que est\u00e1 a surgir nos horizontes da C\u00e2mara dos Deputados.<\/p>\n<p>Caber\u00e1 ao Supremo Tribunal Federal (STF) decidir a quest\u00e3o quando provocado pelos partidos atingidos.<\/p>\n<p>*Marcelo Aith \u00e9 advogado especialista em Direito P\u00fablico e professor convidado da Escola Paulista de Direito (EPD)<\/p>\n","protected":false},"excerpt":{"rendered":"<p>&#8220;Poderia o Presidente eleito, monocraticamente, ap\u00f3s o in\u00edcio das elei\u00e7\u00f5es reformular a decis\u00e3o de seu antecessor? O\u00a0procedimento de anula\u00e7\u00e3o n\u00e3o respeitou o regramento estabelecido pelo Regimento Interno, atropelando, sem qualquer pejo, a liturgia estabelecida no artigo 95 par\u00e1grafos 7\u00ba, 8\u00ba e 9\u00ba. A decis\u00e3o foi a\u00e7odada e certamente demonstra o perfil truculento que est\u00e1 a surgir nos horizontes da C\u00e2mara [&hellip;]<\/p>\n","protected":false},"author":27,"featured_media":0,"comment_status":"open","ping_status":"closed","sticky":false,"template":"","format":"standard","meta":{"footnotes":""},"categories":[2719],"tags":[6027,3607,18729,1531,693,3192,13570,17590,10698,18730,81,17873,34,18727,18728],"class_list":["post-18947","post","type-post","status-publish","format-standard","hentry","category-servidor","tag-adversarios","tag-anulacao","tag-arthur-lira","tag-camara-dos-deputados","tag-congresso-nacional","tag-divisao","tag-eleito","tag-liturgia","tag-mesa-diretora","tag-pp-al","tag-presidente","tag-regimento-interno","tag-stf","tag-tempos-obscuros","tag-truculento"],"_links":{"self":[{"href":"https:\/\/blogs.correiobraziliense.com.br\/servidor\/wp-json\/wp\/v2\/posts\/18947","targetHints":{"allow":["GET"]}}],"collection":[{"href":"https:\/\/blogs.correiobraziliense.com.br\/servidor\/wp-json\/wp\/v2\/posts"}],"about":[{"href":"https:\/\/blogs.correiobraziliense.com.br\/servidor\/wp-json\/wp\/v2\/types\/post"}],"author":[{"embeddable":true,"href":"https:\/\/blogs.correiobraziliense.com.br\/servidor\/wp-json\/wp\/v2\/users\/27"}],"replies":[{"embeddable":true,"href":"https:\/\/blogs.correiobraziliense.com.br\/servidor\/wp-json\/wp\/v2\/comments?post=18947"}],"version-history":[{"count":1,"href":"https:\/\/blogs.correiobraziliense.com.br\/servidor\/wp-json\/wp\/v2\/posts\/18947\/revisions"}],"predecessor-version":[{"id":18948,"href":"https:\/\/blogs.correiobraziliense.com.br\/servidor\/wp-json\/wp\/v2\/posts\/18947\/revisions\/18948"}],"wp:attachment":[{"href":"https:\/\/blogs.correiobraziliense.com.br\/servidor\/wp-json\/wp\/v2\/media?parent=18947"}],"wp:term":[{"taxonomy":"category","embeddable":true,"href":"https:\/\/blogs.correiobraziliense.com.br\/servidor\/wp-json\/wp\/v2\/categories?post=18947"},{"taxonomy":"post_tag","embeddable":true,"href":"https:\/\/blogs.correiobraziliense.com.br\/servidor\/wp-json\/wp\/v2\/tags?post=18947"}],"curies":[{"name":"wp","href":"https:\/\/api.w.org\/{rel}","templated":true}]}}