{"id":1894,"date":"2016-06-14T12:53:14","date_gmt":"2016-06-14T15:53:14","guid":{"rendered":"https:\/\/blogs.correiobraziliense.com.br\/servidor\/?p=1894"},"modified":"2016-06-14T12:53:14","modified_gmt":"2016-06-14T15:53:14","slug":"sinpecpf-governo-corta-gratificacoes-na-policia-federal","status":"publish","type":"post","link":"https:\/\/blogs.correiobraziliense.com.br\/servidor\/sinpecpf-governo-corta-gratificacoes-na-policia-federal\/","title":{"rendered":"SinpecPF &#8211; Governo corta gratifica\u00e7\u00f5es na Pol\u00edcia Federal"},"content":{"rendered":"<p>O <span class=\"st\">Sindicato Nacional dos Servidores do Plano Especial de Cargos da Pol\u00edcia Federal (SinpecPF), que representa os administrativos, informou que, a<\/span>pesar do discurso de total apoio \u00e0s atividades da PF, &#8220;o governo interino acaba de desferir novo golpe contra a institui\u00e7\u00e3o&#8221;. Por meio do Decreto n\u00ba. 8.785\/2016, publicado na \u00faltima sexta (10), a equipe econ\u00f4mica determinou a redu\u00e7\u00e3o de 50 Gratifica\u00e7\u00f5es Tempor\u00e1rias de Atividade em Escola de Governo (GAEG) direcionadas \u00e0 Academia Nacional de Pol\u00edcia (ANP). A medida afeta diretamente a categoria administrativa da PF.<\/p>\n<p>A GAEG \u00e9 uma gratifica\u00e7\u00e3o destinada aos servidores administrativos lotados na ANP para assegurar a perman\u00eancia do corpo t\u00e9cnico respons\u00e1vel pela forma\u00e7\u00e3o e capacita\u00e7\u00e3o dos servidores na unidade. &#8220;Trata-se assim de um incentivo econ\u00f4mico para que a qualidade no preparo e treinamento de policiais e administrativos siga no mais alto n\u00edvel&#8221;, destacou o SinpecPF.<\/p>\n<p>At\u00e9 a edi\u00e7\u00e3o da medida, a ANP poderia direcionar at\u00e9 160 GAEGs aos administrativos lotados em seus quadros (78 de n\u00edvel superior, 80 de n\u00edvel intermedi\u00e1rio e 2 de n\u00edvel auxiliar). Com a publica\u00e7\u00e3o do decreto, o cen\u00e1rio muda (55 n\u00edvel superior, 54 n\u00edvel intermedi\u00e1rio e 1 n\u00edvel auxiliar). &#8220;Embora a medida atual n\u00e3o atinja nenhum servidor ativo (as gratifica\u00e7\u00f5es cortadas estejam hoje ociosas por falta de efetivo na ANP), a simples redu\u00e7\u00e3o da cota pode comprometer novos recrutamentos, tendo em vista que a ANP deixar\u00e1 de ser atrativa para muitos servidores. \u201cA ANP est\u00e1 localizada em uma \u00e1rea isolada de Bras\u00edlia, onde \u00e9 comum faltar at\u00e9 sinal de celular. Se algo atrai os colegas para trabalhar l\u00e1 \u00e9 a GAEG\u201d, avalia o presidente do SinpecPF, \u00c9der Fernando da Silva.<\/p>\n<p>Outro temor manifestado pelo sindicato \u00e9 que os cortes fa\u00e7am avan\u00e7ar o desvio de fun\u00e7\u00e3o de policiais federais para as atividades pedag\u00f3gicas na ANP. \u201c\u00c9 claro que existem mat\u00e9rias policiais que pedem um professor policial. Mas n\u00e3o faz sentido aloc\u00e1-los para atuar como professores de educa\u00e7\u00e3o f\u00edsica ou para preparar grade pedag\u00f3gica. N\u00e3o s\u00e3o fun\u00e7\u00f5es policiais\u201d, sustenta \u00c9der. Por receberem subs\u00eddio, os policiais n\u00e3o podem ser contemplados pela GAEG.<\/p>\n<p>O SinpecPF planeja tratar do corte com o Minist\u00e9rio da Justi\u00e7a. \u201cEstamos aguardando agenda com o ministro Alexandre de Moraes para relatar nossa preocupa\u00e7\u00e3o com os cortes, bem como outros temas. Queremos ver a PF fortalecida sempre\u201d, finaliza o presidente.<\/p>\n","protected":false},"excerpt":{"rendered":"<p>O Sindicato Nacional dos Servidores do Plano Especial de Cargos da Pol\u00edcia Federal (SinpecPF), que representa os administrativos, informou que, apesar do discurso de total apoio \u00e0s atividades da PF, &#8220;o governo interino acaba de desferir novo golpe contra a institui\u00e7\u00e3o&#8221;. Por meio do Decreto n\u00ba. 8.785\/2016, publicado na \u00faltima sexta (10), a equipe econ\u00f4mica determinou a redu\u00e7\u00e3o de 50 [&hellip;]<\/p>\n","protected":false},"author":27,"featured_media":0,"comment_status":"open","ping_status":"closed","sticky":false,"template":"","format":"standard","meta":{"footnotes":""},"categories":[1],"tags":[2279,98,2280,104,323],"class_list":["post-1894","post","type-post","status-publish","format-standard","hentry","category-sem-categoria","tag-corta","tag-governo","tag-gratificacoes","tag-policia-federal","tag-sinpecpf"],"_links":{"self":[{"href":"https:\/\/blogs.correiobraziliense.com.br\/servidor\/wp-json\/wp\/v2\/posts\/1894","targetHints":{"allow":["GET"]}}],"collection":[{"href":"https:\/\/blogs.correiobraziliense.com.br\/servidor\/wp-json\/wp\/v2\/posts"}],"about":[{"href":"https:\/\/blogs.correiobraziliense.com.br\/servidor\/wp-json\/wp\/v2\/types\/post"}],"author":[{"embeddable":true,"href":"https:\/\/blogs.correiobraziliense.com.br\/servidor\/wp-json\/wp\/v2\/users\/27"}],"replies":[{"embeddable":true,"href":"https:\/\/blogs.correiobraziliense.com.br\/servidor\/wp-json\/wp\/v2\/comments?post=1894"}],"version-history":[{"count":1,"href":"https:\/\/blogs.correiobraziliense.com.br\/servidor\/wp-json\/wp\/v2\/posts\/1894\/revisions"}],"predecessor-version":[{"id":1895,"href":"https:\/\/blogs.correiobraziliense.com.br\/servidor\/wp-json\/wp\/v2\/posts\/1894\/revisions\/1895"}],"wp:attachment":[{"href":"https:\/\/blogs.correiobraziliense.com.br\/servidor\/wp-json\/wp\/v2\/media?parent=1894"}],"wp:term":[{"taxonomy":"category","embeddable":true,"href":"https:\/\/blogs.correiobraziliense.com.br\/servidor\/wp-json\/wp\/v2\/categories?post=1894"},{"taxonomy":"post_tag","embeddable":true,"href":"https:\/\/blogs.correiobraziliense.com.br\/servidor\/wp-json\/wp\/v2\/tags?post=1894"}],"curies":[{"name":"wp","href":"https:\/\/api.w.org\/{rel}","templated":true}]}}