{"id":18935,"date":"2021-02-01T22:33:20","date_gmt":"2021-02-02T01:33:20","guid":{"rendered":"https:\/\/blogs.correiobraziliense.com.br\/servidor\/?p=18935"},"modified":"2021-02-01T22:33:20","modified_gmt":"2021-02-02T01:33:20","slug":"professores-de-direito-da-usp-querem-impeachment-de-jair-bolsonaro","status":"publish","type":"post","link":"https:\/\/blogs.correiobraziliense.com.br\/servidor\/professores-de-direito-da-usp-querem-impeachment-de-jair-bolsonaro\/","title":{"rendered":"Professores de Direito da USP querem impeachment de Jair Bolsonaro"},"content":{"rendered":"<p><em><strong>Em nota p\u00fablica, assinada por 58 juristas, criticam a atua\u00e7\u00e3o do presidente da Rep\u00fablica no combate \u00e0 epidemia pela covid-19<\/strong><\/em><\/p>\n<p><img loading=\"lazy\" decoding=\"async\" class=\"alignright size-full wp-image-18936\" src=\"https:\/\/blogs.correiobraziliense.com.br\/servidor\/wp-content\/uploads\/sites\/10\/2021\/02\/impeachment-bolsonaro.jpeg\" alt=\"\" width=\"1000\" height=\"750\" srcset=\"https:\/\/blogs.correiobraziliense.com.br\/servidor\/wp-content\/uploads\/sites\/10\/2021\/02\/impeachment-bolsonaro.jpeg 1000w, https:\/\/blogs.correiobraziliense.com.br\/servidor\/wp-content\/uploads\/sites\/10\/2021\/02\/impeachment-bolsonaro-300x225.jpeg 300w, https:\/\/blogs.correiobraziliense.com.br\/servidor\/wp-content\/uploads\/sites\/10\/2021\/02\/impeachment-bolsonaro-768x576.jpeg 768w, https:\/\/blogs.correiobraziliense.com.br\/servidor\/wp-content\/uploads\/sites\/10\/2021\/02\/impeachment-bolsonaro-800x600.jpeg 800w, https:\/\/blogs.correiobraziliense.com.br\/servidor\/wp-content\/uploads\/sites\/10\/2021\/02\/impeachment-bolsonaro-550x413.jpeg 550w, https:\/\/blogs.correiobraziliense.com.br\/servidor\/wp-content\/uploads\/sites\/10\/2021\/02\/impeachment-bolsonaro-230x173.jpeg 230w\" sizes=\"auto, (max-width: 1000px) 100vw, 1000px\" \/><\/p>\n<p>No documento, declaram que o impedimento do chefe do Executivo \u00e9 necess\u00e1rio, diante das &#8220;condutas pessoais&#8221; do mandat\u00e1rio, e o sil\u00eancio poderia ser interpretado como &#8220;inadmiss\u00edvel coniv\u00eancia&#8221;.\u00a0 Citam tamb\u00e9m declara\u00e7\u00f5es de Bolsonaro, comparando a pandemia a &#8220;uma gripezinha&#8221; e a prescri\u00e7\u00e3o de medicamento supostamente preventivos, apesar das orienta\u00e7\u00f5es da Organiza\u00e7\u00e3o Mundial de Sa\u00fade (OMS), por quest\u00f5es pol\u00edticas.<\/p>\n<p>&#8220;Tal atitude nos levou ao ponto de o Brasil n\u00e3o possuir perspectiva concreta, na urg\u00eancia requerida, de implementar um plano de vacina\u00e7\u00e3o que beneficie toda a popula\u00e7\u00e3o&#8221;, reiterem. Para os professores, &#8220;a soma de todos esses atos s\u00f3 pode ser traduzida em uma palavra: irresponsabilidade&#8221;, reiteram. E mesmo assim, Bolsonaro, segundo eles, n\u00e3o se mostra disposto a assumir seus erros. &#8220;Ao rev\u00e9s, assume-os,\u00a0reafirma-os e justifica-os&#8221;.<\/p>\n<p>Assinam o documento:<\/p>\n<p>&#8220;Alberto do Amaral J\u00fanior<br \/>\nAlysson Leandro Mascaro<br \/>\nAna Elisa Liberatore Silva Bechara<br \/>\nAna Maria Nusdeo<br \/>\nAnt\u00f4nio Rodrigues de Freitas Jr.<br \/>\nCalixto Salom\u00e3o Filho<br \/>\nCarlos Pagano Botana Portugal Gouv\u00eaa<br \/>\nCelso Fernandes Campilongo<br \/>\nCelso Lafer<br \/>\nClaudia Perrone Mois\u00e9s<br \/>\nConrado H\u00fcbner Mendes<br \/>\nCristiano Zanetti<br \/>\nDalmo de Abreu Dallari<br \/>\nDiogo Rosenthal Coutinho<br \/>\nEduardo C\u00e9sar Silveira Vita Marchi<br \/>\nElival da Silva Ramos<br \/>\nElza Ant\u00f4nia Pereira Cunha Boiteux<br \/>\nEn\u00e9as de Oliveira Matos<br \/>\nEunice Aparecida de Jesus Prudente<br \/>\nErasmo Vallad\u00e3o Azevedo e Novaes Fran\u00e7a<br \/>\nF\u00e1bio Konder Comparato<br \/>\nFernando Dias Menezes de Almeida<br \/>\nFernando Facury Scaff<br \/>\nFloriano de Azevedo Marques Neto<br \/>\nFrancisco Paulo de Crescenzo Marino<br \/>\nGilberto Bercovici<br \/>\nGuilherme Assis de Almeida<br \/>\nGuilherme Guimar\u00e3es Feliciano<br \/>\nGustavo Henrique Righi Ivahy Badar\u00f3<br \/>\nGustavo Ferraz de Campos M\u00f4naco<br \/>\nHelena Regina Lobo da Costa<br \/>\nHeitor Vitor Mendon\u00e7a Sica<br \/>\nJean-Paul Veiga da Rocha<br \/>\nJorge Luiz Souto Maior<br \/>\nJos\u00e9 Augusto Fontoura Costa<br \/>\nJos\u00e9 Eduardo Campos de Oliveira Faria<br \/>\nJos\u00e9 Marcelo Martins Proen\u00e7a<br \/>\nJos\u00e9 Reinaldo Lima Lopes<br \/>\nLu\u00eds Eduardo Schoueri<br \/>\nMarcos Perez<br \/>\nMarcus Orione<br \/>\nMaria Paula Dallari Bucci<br \/>\nMari\u00e2ngela Gama de Magalh\u00e3es Gomes<br \/>\nNina Ranieri<br \/>\nOrlando Villas Boas Filho<br \/>\nOt\u00e1vio Pinto e Silva<br \/>\nPaulo Borba Casella<br \/>\nPaulo Eduardo Vieira de Oliveira<br \/>\nPedro Bohomoletz de Abreu Dallari<br \/>\nPierpaolo Cruz Bottini<br \/>\nRafael Mafei Rabelo Queiroz<br \/>\nRodrigo Pagani de Souza<br \/>\nRonaldo Porto Macedo<br \/>\nSamuel Rodrigues Barbosa<br \/>\nSebasti\u00e3o Botto de Barros Tojal<br \/>\nS\u00e9rgio Salom\u00e3o Shecaira<br \/>\nSheila Christina Neder Cerezetti<br \/>\nVitor Rhein Schiratto&#8221;<\/p>\n","protected":false},"excerpt":{"rendered":"<p>Em nota p\u00fablica, assinada por 58 juristas, criticam a atua\u00e7\u00e3o do presidente da Rep\u00fablica no combate \u00e0 epidemia pela covid-19 No documento, declaram que o impedimento do chefe do Executivo \u00e9 necess\u00e1rio, diante das &#8220;condutas pessoais&#8221; do mandat\u00e1rio, e o sil\u00eancio poderia ser interpretado como &#8220;inadmiss\u00edvel coniv\u00eancia&#8221;.\u00a0 Citam tamb\u00e9m declara\u00e7\u00f5es de Bolsonaro, comparando a pandemia a &#8220;uma gripezinha&#8221; e a [&hellip;]<\/p>\n","protected":false},"author":27,"featured_media":0,"comment_status":"open","ping_status":"closed","sticky":false,"template":"","format":"standard","meta":{"footnotes":""},"categories":[2719],"tags":[6274,17256,116,1884,13649,4020,615,545,5166,2976,2982,16791],"class_list":["post-18935","post","type-post","status-publish","format-standard","hentry","category-servidor","tag-condutas","tag-covid-19","tag-direito","tag-impeachment","tag-jair-bolsonaro","tag-oms","tag-plano","tag-populacao","tag-presidente-da-republica","tag-professores","tag-usp","tag-vacinacao"],"_links":{"self":[{"href":"https:\/\/blogs.correiobraziliense.com.br\/servidor\/wp-json\/wp\/v2\/posts\/18935","targetHints":{"allow":["GET"]}}],"collection":[{"href":"https:\/\/blogs.correiobraziliense.com.br\/servidor\/wp-json\/wp\/v2\/posts"}],"about":[{"href":"https:\/\/blogs.correiobraziliense.com.br\/servidor\/wp-json\/wp\/v2\/types\/post"}],"author":[{"embeddable":true,"href":"https:\/\/blogs.correiobraziliense.com.br\/servidor\/wp-json\/wp\/v2\/users\/27"}],"replies":[{"embeddable":true,"href":"https:\/\/blogs.correiobraziliense.com.br\/servidor\/wp-json\/wp\/v2\/comments?post=18935"}],"version-history":[{"count":1,"href":"https:\/\/blogs.correiobraziliense.com.br\/servidor\/wp-json\/wp\/v2\/posts\/18935\/revisions"}],"predecessor-version":[{"id":18937,"href":"https:\/\/blogs.correiobraziliense.com.br\/servidor\/wp-json\/wp\/v2\/posts\/18935\/revisions\/18937"}],"wp:attachment":[{"href":"https:\/\/blogs.correiobraziliense.com.br\/servidor\/wp-json\/wp\/v2\/media?parent=18935"}],"wp:term":[{"taxonomy":"category","embeddable":true,"href":"https:\/\/blogs.correiobraziliense.com.br\/servidor\/wp-json\/wp\/v2\/categories?post=18935"},{"taxonomy":"post_tag","embeddable":true,"href":"https:\/\/blogs.correiobraziliense.com.br\/servidor\/wp-json\/wp\/v2\/tags?post=18935"}],"curies":[{"name":"wp","href":"https:\/\/api.w.org\/{rel}","templated":true}]}}