{"id":18932,"date":"2021-02-01T18:00:37","date_gmt":"2021-02-01T21:00:37","guid":{"rendered":"https:\/\/blogs.correiobraziliense.com.br\/servidor\/?p=18932"},"modified":"2021-02-01T18:00:37","modified_gmt":"2021-02-01T21:00:37","slug":"ministro-marco-aurelio-mello-do-stf-vai-fazer-uma-cirurgia-no-ombro","status":"publish","type":"post","link":"https:\/\/blogs.correiobraziliense.com.br\/servidor\/ministro-marco-aurelio-mello-do-stf-vai-fazer-uma-cirurgia-no-ombro\/","title":{"rendered":"Ministro Marco Aur\u00e9lio Mello, do STF, vai fazer uma cirurgia no ombro"},"content":{"rendered":"<p><em><strong>Em consequ\u00eancia de um acidente dom\u00e9stico, o ministro Marco Aur\u00e9lio Mello, do Supremo Tribunal Federal (STF), vai precisar fazer uma interven\u00e7\u00e3o<\/strong><\/em><\/p>\n<figure id=\"attachment_18933\" aria-describedby=\"caption-attachment-18933\" style=\"width: 800px\" class=\"wp-caption alignright\"><img loading=\"lazy\" decoding=\"async\" class=\"size-full wp-image-18933\" src=\"https:\/\/blogs.correiobraziliense.com.br\/servidor\/wp-content\/uploads\/sites\/10\/2021\/02\/Marco-Aur\u00e9lio-Mello.jpg\" alt=\"\" width=\"800\" height=\"508\" srcset=\"https:\/\/blogs.correiobraziliense.com.br\/servidor\/wp-content\/uploads\/sites\/10\/2021\/02\/Marco-Aur\u00e9lio-Mello.jpg 800w, https:\/\/blogs.correiobraziliense.com.br\/servidor\/wp-content\/uploads\/sites\/10\/2021\/02\/Marco-Aur\u00e9lio-Mello-300x191.jpg 300w, https:\/\/blogs.correiobraziliense.com.br\/servidor\/wp-content\/uploads\/sites\/10\/2021\/02\/Marco-Aur\u00e9lio-Mello-768x488.jpg 768w, https:\/\/blogs.correiobraziliense.com.br\/servidor\/wp-content\/uploads\/sites\/10\/2021\/02\/Marco-Aur\u00e9lio-Mello-550x349.jpg 550w, https:\/\/blogs.correiobraziliense.com.br\/servidor\/wp-content\/uploads\/sites\/10\/2021\/02\/Marco-Aur\u00e9lio-Mello-230x146.jpg 230w\" sizes=\"auto, (max-width: 800px) 100vw, 800px\" \/><figcaption id=\"caption-attachment-18933\" class=\"wp-caption-text\">23\/10\/2019. Cr\u00e9dito: Ed Alves\/CB\/D.A Press. Brasil. Bras\u00edlia &#8211; DF.Politica. O ministro Marco Aur\u00e9lio Mello, durante sess\u00e3o realizada no plen\u00e1rio do Supremo Tribunal Federal (STF), em Bras\u00edlia, para o julgamento de tr\u00eas a\u00e7\u00f5es que discutem a possibilidade de pris\u00e3o ap\u00f3s condena\u00e7\u00e3o em segunda inst\u00e2ncia, medida considerada um dos pilares da Opera\u00e7\u00e3o Lava Jato.<\/figcaption><\/figure>\n<p>Essa cirurgia &#8220;n\u00e3o tem nenhuma rela\u00e7\u00e3o com a anterior, no joelho, a qual o ministro foi submetido em setembro&#8221;, segundo informa\u00e7\u00f5es da equipe m\u00e9dica da Rede D&#8217;Or S\u00e3o Luiz. Os m\u00e9dicos afirmam que &#8220;o ministro segue em excelente forma f\u00edsica e por ser muito disciplinado na reabilita\u00e7\u00e3o, as chances de intercorr\u00eancias s\u00e3o m\u00ednimas&#8221;. O boletim \u00e9 assinado pelo m\u00e9dicos\u00a0Marcus Montenegro, ortopedista e chefe da equipe m\u00e9dica,\u00a0Allisson B Barcelos Borges, diretor m\u00e9dico, e\u00a0Guilherme Villa, diretor geral do Hospital DF Star &#8211; Rede D\u2019Or S\u00e3o Luiz.<\/p>\n<p>Veja a nota:<\/p>\n<p>&#8220;O Ministro Marco Aur\u00e9lio Mello ser\u00e1 submetido a cirurgia no ombro direito, devido a um acidente dom\u00e9stico. A cirurgia est\u00e1 programada para pr\u00f3xima quarta-feira no hospital DF Star e ser\u00e1 realizada pelo Dr. Montenegro e pelo Dr. Benno Eijsmann. Segundo Dr. Montenegro, chefe da equipe, esta cirurgia n\u00e3o tem nenhuma rela\u00e7\u00e3o com a anterior, no joelho, a qual o ministro foi submetido em setembro. O m\u00e9dico afirma que o ministro segue em excelente forma f\u00edsica e por ser muito disciplinado na reabilita\u00e7\u00e3o, as chances de intercorr\u00eancias s\u00e3o m\u00ednimas.<\/p>\n<p>Dr. Marcus Montenegro &#8211; M\u00e9dico Ortopedista &#8211; Chefe da equipe M\u00e9dica<\/p>\n<p>Dr. Allisson B Barcelos Borges &#8211; Diretor M\u00e9dico &#8211; Hospital DF Star &#8211; Rede D\u2019Or S\u00e3o Luiz<\/p>\n<p>Dr. Guilherme Villa &#8211; Diretor Geral &#8211; Hospital DF Star &#8211; Rede D\u2019Or S\u00e3o Luiz<\/p>\n","protected":false},"excerpt":{"rendered":"<p>Em consequ\u00eancia de um acidente dom\u00e9stico, o ministro Marco Aur\u00e9lio Mello, do Supremo Tribunal Federal (STF), vai precisar fazer uma interven\u00e7\u00e3o Essa cirurgia &#8220;n\u00e3o tem nenhuma rela\u00e7\u00e3o com a anterior, no joelho, a qual o ministro foi submetido em setembro&#8221;, segundo informa\u00e7\u00f5es da equipe m\u00e9dica da Rede D&#8217;Or S\u00e3o Luiz. Os m\u00e9dicos afirmam que &#8220;o ministro segue em excelente forma [&hellip;]<\/p>\n","protected":false},"author":27,"featured_media":0,"comment_status":"open","ping_status":"closed","sticky":false,"template":"","format":"standard","meta":{"footnotes":""},"categories":[2719],"tags":[3761,18720,35,18721,34],"class_list":["post-18932","post","type-post","status-publish","format-standard","hentry","category-servidor","tag-cirurgia","tag-marco-aurelio-mello","tag-ministro","tag-rede-dor","tag-stf"],"_links":{"self":[{"href":"https:\/\/blogs.correiobraziliense.com.br\/servidor\/wp-json\/wp\/v2\/posts\/18932","targetHints":{"allow":["GET"]}}],"collection":[{"href":"https:\/\/blogs.correiobraziliense.com.br\/servidor\/wp-json\/wp\/v2\/posts"}],"about":[{"href":"https:\/\/blogs.correiobraziliense.com.br\/servidor\/wp-json\/wp\/v2\/types\/post"}],"author":[{"embeddable":true,"href":"https:\/\/blogs.correiobraziliense.com.br\/servidor\/wp-json\/wp\/v2\/users\/27"}],"replies":[{"embeddable":true,"href":"https:\/\/blogs.correiobraziliense.com.br\/servidor\/wp-json\/wp\/v2\/comments?post=18932"}],"version-history":[{"count":1,"href":"https:\/\/blogs.correiobraziliense.com.br\/servidor\/wp-json\/wp\/v2\/posts\/18932\/revisions"}],"predecessor-version":[{"id":18934,"href":"https:\/\/blogs.correiobraziliense.com.br\/servidor\/wp-json\/wp\/v2\/posts\/18932\/revisions\/18934"}],"wp:attachment":[{"href":"https:\/\/blogs.correiobraziliense.com.br\/servidor\/wp-json\/wp\/v2\/media?parent=18932"}],"wp:term":[{"taxonomy":"category","embeddable":true,"href":"https:\/\/blogs.correiobraziliense.com.br\/servidor\/wp-json\/wp\/v2\/categories?post=18932"},{"taxonomy":"post_tag","embeddable":true,"href":"https:\/\/blogs.correiobraziliense.com.br\/servidor\/wp-json\/wp\/v2\/tags?post=18932"}],"curies":[{"name":"wp","href":"https:\/\/api.w.org\/{rel}","templated":true}]}}