{"id":1892,"date":"2016-06-14T12:46:13","date_gmt":"2016-06-14T15:46:13","guid":{"rendered":"https:\/\/blogs.correiobraziliense.com.br\/servidor\/?p=1892"},"modified":"2016-06-14T12:46:13","modified_gmt":"2016-06-14T15:46:13","slug":"tcu-analisa-contas-do-governo-de-2015","status":"publish","type":"post","link":"https:\/\/blogs.correiobraziliense.com.br\/servidor\/tcu-analisa-contas-do-governo-de-2015\/","title":{"rendered":"TCU analisa contas do governo de 2015"},"content":{"rendered":"<p>O plen\u00e1rio do Tribunal de Contas da Uni\u00e3o (TCU) est\u00e1 reunidos desde as 10h30 desta quarta-feira (15) para deliberar sobre o parecer pr\u00e9vio das contas da presidente da Rep\u00fablica referentes ao exerc\u00edcio de 2015.<\/p>\n<p><u><\/u>\u00a0<u><\/u><\/p>\n<p>O TCU faz anualmente uma avalia\u00e7\u00e3o do relat\u00f3rio sobre os or\u00e7amentos e a atua\u00e7\u00e3o governamental e sobre o Balan\u00e7o Geral da Uni\u00e3o, executado e consolidado pela Secretaria do Tesouro Nacional. O relat\u00f3rio sobre os or\u00e7amentos \u00e9 feito por diversos \u00f3rg\u00e3os e consolidado pela Controladoria-Geral da Uni\u00e3o, atual Minist\u00e9rio da Transpar\u00eancia, Fiscaliza\u00e7\u00e3o e Controle. O trabalho do tribunal constitui-se em diagn\u00f3stico sist\u00eamico sobre aspectos relevantes do desempenho e da conformidade da gest\u00e3o p\u00fablica federal no ano anterior.<\/p>\n<p><u><\/u>\u00a0<u><\/u><\/p>\n<p>O parecer pr\u00e9vio \u00e9 emitido apenas sobre as contas prestadas pela presidente da Rep\u00fablica, pois as contas referentes aos Poderes Legislativo e Judici\u00e1rio e ao Minist\u00e9rio P\u00fablico n\u00e3o s\u00e3o objeto de pareceres pr\u00e9vios individuais, mas efetivamente julgadas pelo tribunal. Apesar disso, o Relat\u00f3rio sobre as Contas do Governo da Rep\u00fablica cont\u00e9m informa\u00e7\u00f5es sobre os demais poderes e o Minist\u00e9rio P\u00fablico, com um panorama abrangente da administra\u00e7\u00e3o p\u00fablica federal.<\/p>\n<p><u><\/u>\u00a0<u><\/u><\/p>\n<p>Ap\u00f3s sua conclus\u00e3o, o parecer ser\u00e1 enviado ao Congresso Nacional, que tem a compet\u00eancia para emitir o julgamento das contas. A an\u00e1lise realizada pelo tribunal subsidia esse julgamento.<u><\/u><u><\/u><\/p>\n<p><u><\/u>\u00a0<u><\/u><\/p>\n<p>O relator do processo \u00e9 o ministro Jos\u00e9 M\u00facio.<\/p>\n","protected":false},"excerpt":{"rendered":"<p>O plen\u00e1rio do Tribunal de Contas da Uni\u00e3o (TCU) est\u00e1 reunidos desde as 10h30 desta quarta-feira (15) para deliberar sobre o parecer pr\u00e9vio das contas da presidente da Rep\u00fablica referentes ao exerc\u00edcio de 2015. \u00a0 O TCU faz anualmente uma avalia\u00e7\u00e3o do relat\u00f3rio sobre os or\u00e7amentos e a atua\u00e7\u00e3o governamental e sobre o Balan\u00e7o Geral da Uni\u00e3o, executado e consolidado [&hellip;]<\/p>\n","protected":false},"author":27,"featured_media":0,"comment_status":"open","ping_status":"closed","sticky":false,"template":"","format":"standard","meta":{"footnotes":""},"categories":[1],"tags":[1866,2277,2278,98,635],"class_list":["post-1892","post","type-post","status-publish","format-standard","hentry","category-sem-categoria","tag-1866","tag-analisa","tag-contas","tag-governo","tag-tcu"],"_links":{"self":[{"href":"https:\/\/blogs.correiobraziliense.com.br\/servidor\/wp-json\/wp\/v2\/posts\/1892","targetHints":{"allow":["GET"]}}],"collection":[{"href":"https:\/\/blogs.correiobraziliense.com.br\/servidor\/wp-json\/wp\/v2\/posts"}],"about":[{"href":"https:\/\/blogs.correiobraziliense.com.br\/servidor\/wp-json\/wp\/v2\/types\/post"}],"author":[{"embeddable":true,"href":"https:\/\/blogs.correiobraziliense.com.br\/servidor\/wp-json\/wp\/v2\/users\/27"}],"replies":[{"embeddable":true,"href":"https:\/\/blogs.correiobraziliense.com.br\/servidor\/wp-json\/wp\/v2\/comments?post=1892"}],"version-history":[{"count":1,"href":"https:\/\/blogs.correiobraziliense.com.br\/servidor\/wp-json\/wp\/v2\/posts\/1892\/revisions"}],"predecessor-version":[{"id":1893,"href":"https:\/\/blogs.correiobraziliense.com.br\/servidor\/wp-json\/wp\/v2\/posts\/1892\/revisions\/1893"}],"wp:attachment":[{"href":"https:\/\/blogs.correiobraziliense.com.br\/servidor\/wp-json\/wp\/v2\/media?parent=1892"}],"wp:term":[{"taxonomy":"category","embeddable":true,"href":"https:\/\/blogs.correiobraziliense.com.br\/servidor\/wp-json\/wp\/v2\/categories?post=1892"},{"taxonomy":"post_tag","embeddable":true,"href":"https:\/\/blogs.correiobraziliense.com.br\/servidor\/wp-json\/wp\/v2\/tags?post=1892"}],"curies":[{"name":"wp","href":"https:\/\/api.w.org\/{rel}","templated":true}]}}