{"id":18918,"date":"2021-01-29T13:40:02","date_gmt":"2021-01-29T16:40:02","guid":{"rendered":"https:\/\/blogs.correiobraziliense.com.br\/servidor\/?p=18918"},"modified":"2021-01-29T13:41:27","modified_gmt":"2021-01-29T16:41:27","slug":"paulo-guedes-cancela-participacao-no-forum-economico-mundial","status":"publish","type":"post","link":"https:\/\/blogs.correiobraziliense.com.br\/servidor\/paulo-guedes-cancela-participacao-no-forum-economico-mundial\/","title":{"rendered":"Paulo Guedes cancela participa\u00e7\u00e3o no F\u00f3rum Econ\u00f4mico Mundial"},"content":{"rendered":"<p><em><strong>Quinze minutos ap\u00f3s o in\u00edcio do debate no qual ele participaria, que seria \u00e0s 13h45 dessa sexta-feira, a assessoria de imprensa informou que &#8221;\u00a0o ministro cancelou a participa\u00e7\u00e3o para resolver assuntos internos&#8221;, sem sequer especificar a natureza dos &#8220;assuntos&#8221; ou o compromisso que substituiria a agenda<\/strong><\/em><\/p>\n<p>.<\/p>\n<figure id=\"attachment_17551\" aria-describedby=\"caption-attachment-17551\" style=\"width: 800px\" class=\"wp-caption alignright\"><img loading=\"lazy\" decoding=\"async\" class=\"size-full wp-image-17551\" src=\"https:\/\/blogs.correiobraziliense.com.br\/servidor\/wp-content\/uploads\/sites\/10\/2020\/09\/pauloguedes.jpg\" alt=\"paulo guedes\" width=\"800\" height=\"533\" srcset=\"https:\/\/blogs.correiobraziliense.com.br\/servidor\/wp-content\/uploads\/sites\/10\/2020\/09\/pauloguedes.jpg 800w, https:\/\/blogs.correiobraziliense.com.br\/servidor\/wp-content\/uploads\/sites\/10\/2020\/09\/pauloguedes-300x200.jpg 300w, https:\/\/blogs.correiobraziliense.com.br\/servidor\/wp-content\/uploads\/sites\/10\/2020\/09\/pauloguedes-768x512.jpg 768w, https:\/\/blogs.correiobraziliense.com.br\/servidor\/wp-content\/uploads\/sites\/10\/2020\/09\/pauloguedes-550x366.jpg 550w, https:\/\/blogs.correiobraziliense.com.br\/servidor\/wp-content\/uploads\/sites\/10\/2020\/09\/pauloguedes-230x153.jpg 230w\" sizes=\"auto, (max-width: 800px) 100vw, 800px\" \/><figcaption id=\"caption-attachment-17551\" class=\"wp-caption-text\">Cr\u00e9dito: AFP \/ Sergio Lima<\/figcaption><\/figure>\n","protected":false},"excerpt":{"rendered":"<p>Quinze minutos ap\u00f3s o in\u00edcio do debate no qual ele participaria, que seria \u00e0s 13h45 dessa sexta-feira, a assessoria de imprensa informou que &#8221;\u00a0o ministro cancelou a participa\u00e7\u00e3o para resolver assuntos internos&#8221;, sem sequer especificar a natureza dos &#8220;assuntos&#8221; ou o compromisso que substituiria a agenda .<\/p>\n","protected":false},"author":27,"featured_media":0,"comment_status":"open","ping_status":"closed","sticky":false,"template":"","format":"standard","meta":{"footnotes":""},"categories":[2719],"tags":[4899,15187,14501],"class_list":["post-18918","post","type-post","status-publish","format-standard","hentry","category-servidor","tag-forum-economico-mundial","tag-ministro-da-economia","tag-paulo-guedes"],"_links":{"self":[{"href":"https:\/\/blogs.correiobraziliense.com.br\/servidor\/wp-json\/wp\/v2\/posts\/18918","targetHints":{"allow":["GET"]}}],"collection":[{"href":"https:\/\/blogs.correiobraziliense.com.br\/servidor\/wp-json\/wp\/v2\/posts"}],"about":[{"href":"https:\/\/blogs.correiobraziliense.com.br\/servidor\/wp-json\/wp\/v2\/types\/post"}],"author":[{"embeddable":true,"href":"https:\/\/blogs.correiobraziliense.com.br\/servidor\/wp-json\/wp\/v2\/users\/27"}],"replies":[{"embeddable":true,"href":"https:\/\/blogs.correiobraziliense.com.br\/servidor\/wp-json\/wp\/v2\/comments?post=18918"}],"version-history":[{"count":3,"href":"https:\/\/blogs.correiobraziliense.com.br\/servidor\/wp-json\/wp\/v2\/posts\/18918\/revisions"}],"predecessor-version":[{"id":18921,"href":"https:\/\/blogs.correiobraziliense.com.br\/servidor\/wp-json\/wp\/v2\/posts\/18918\/revisions\/18921"}],"wp:attachment":[{"href":"https:\/\/blogs.correiobraziliense.com.br\/servidor\/wp-json\/wp\/v2\/media?parent=18918"}],"wp:term":[{"taxonomy":"category","embeddable":true,"href":"https:\/\/blogs.correiobraziliense.com.br\/servidor\/wp-json\/wp\/v2\/categories?post=18918"},{"taxonomy":"post_tag","embeddable":true,"href":"https:\/\/blogs.correiobraziliense.com.br\/servidor\/wp-json\/wp\/v2\/tags?post=18918"}],"curies":[{"name":"wp","href":"https:\/\/api.w.org\/{rel}","templated":true}]}}