{"id":18910,"date":"2021-01-28T14:34:11","date_gmt":"2021-01-28T17:34:11","guid":{"rendered":"https:\/\/blogs.correiobraziliense.com.br\/servidor\/?p=18910"},"modified":"2021-01-28T14:34:11","modified_gmt":"2021-01-28T17:34:11","slug":"greve-sem-vacina-assistencia-social-paralisa-atividades-no-dia-4","status":"publish","type":"post","link":"https:\/\/blogs.correiobraziliense.com.br\/servidor\/greve-sem-vacina-assistencia-social-paralisa-atividades-no-dia-4\/","title":{"rendered":"Greve: sem vacina, assist\u00eancia social paralisa atividades no dia 4"},"content":{"rendered":"<p><em><strong>Servidores decidiram hoje (28) em assembleia suspender o trabalho.\u00a0No dia 4 de fevereiro, eles far\u00e3o nova assembleia. O Sindsasc avalia que a greve pode ser suspensa caso o GDF informe oficialmente sobre a inclus\u00e3o dos trabalhadores nos grupos priorit\u00e1rios da vacina\u00e7\u00e3o<\/strong><\/em><\/p>\n<p><img loading=\"lazy\" decoding=\"async\" class=\"alignright size-full wp-image-18801\" src=\"https:\/\/blogs.correiobraziliense.com.br\/servidor\/wp-content\/uploads\/sites\/10\/2021\/01\/mortes-covid.jpg\" alt=\"\" width=\"675\" height=\"450\" srcset=\"https:\/\/blogs.correiobraziliense.com.br\/servidor\/wp-content\/uploads\/sites\/10\/2021\/01\/mortes-covid.jpg 675w, https:\/\/blogs.correiobraziliense.com.br\/servidor\/wp-content\/uploads\/sites\/10\/2021\/01\/mortes-covid-300x200.jpg 300w, https:\/\/blogs.correiobraziliense.com.br\/servidor\/wp-content\/uploads\/sites\/10\/2021\/01\/mortes-covid-550x367.jpg 550w, https:\/\/blogs.correiobraziliense.com.br\/servidor\/wp-content\/uploads\/sites\/10\/2021\/01\/mortes-covid-230x153.jpg 230w\" sizes=\"auto, (max-width: 675px) 100vw, 675px\" \/><\/p>\n<p>Os servidores da assist\u00eancia social do Governo do Distrito Federal (GDF) iniciam uma greve a partir de 4 fevereiro. A decis\u00e3o foi tomada em vota\u00e7\u00e3o durante assembleia realizada pelo Sindicato dos Servidores da Assist\u00eancia Social e Cultural do GDF (Sindsasc) nesta quinta-feira (28 de janeiro). O principal motivo que levou \u00e0 decis\u00e3o da categoria foi a exclus\u00e3o da categoria, que est\u00e1 em atendimento presencial durante toda pandemia, dos grupos priorit\u00e1rios da vacina\u00e7\u00e3o contra a Covid-19.<\/p>\n<p>H\u00e1 dois meses, os servidores da assist\u00eancia social tentam a inclus\u00e3o nos grupos priorit\u00e1rios da vacina, mas foram negligenciados pelo GDF, afirma o Sindssc. \u201cNossa categoria representa um servi\u00e7o p\u00fablico essencial, respons\u00e1vel pela assist\u00eancia social, seguran\u00e7a alimentar e prote\u00e7\u00e3o \u00e0 mulher e deve ter considera\u00e7\u00e3o do governo, sendo inclu\u00edda nos grupos priorit\u00e1rios da vacina\u00e7\u00e3o&#8221;, explica o presidente do sindicato, Clayton Avelar.<\/p>\n<p>Outro agravante para a categoria, em rela\u00e7\u00e3o a outras durante a pandemia, \u00e9 que os servidores n\u00e3o receberam equipamentos de prote\u00e7\u00e3o individual.<\/p>\n<p><strong>Exclus\u00e3o<\/strong><\/p>\n<p>De acordo com levantamento feito do sindicato, se o GDF destinar aos servidores da assist\u00eancia social apenas 1,5% da sua cota inicial de vacinas contra a covid-19, seria o suficiente para vacinar a todos da categoria. &#8220;No plano anunciado, o governo ignorou os trabalhadores da Secretaria de Desenvolvimento Social (Sedes), Secretaria de Justi\u00e7a (Sejus) e Secretaria da Mulher, pastas nas quais os servidores da assist\u00eancia social atuam. \u00c9 incompreens\u00edvel que as titulares dessas secretarias n\u00e3o tenham se manifestado contra essa discrimina\u00e7\u00e3o\u201d, refor\u00e7a Clayton.<\/p>\n","protected":false},"excerpt":{"rendered":"<p>Servidores decidiram hoje (28) em assembleia suspender o trabalho.\u00a0No dia 4 de fevereiro, eles far\u00e3o nova assembleia. O Sindsasc avalia que a greve pode ser suspensa caso o GDF informe oficialmente sobre a inclus\u00e3o dos trabalhadores nos grupos priorit\u00e1rios da vacina\u00e7\u00e3o Os servidores da assist\u00eancia social do Governo do Distrito Federal (GDF) iniciam uma greve a partir de 4 fevereiro. [&hellip;]<\/p>\n","protected":false},"author":27,"featured_media":0,"comment_status":"open","ping_status":"closed","sticky":false,"template":"","format":"standard","meta":{"footnotes":""},"categories":[2719],"tags":[2108,463,10474,16896,17256,5092,1654,2692,15,18713,2470,17255,2746,11413,58,16791],"class_list":["post-18910","post","type-post","status-publish","format-standard","hentry","category-servidor","tag-assistencia-social","tag-atividades","tag-contaminacao","tag-coronavirus","tag-covid-19","tag-equipamentos","tag-essencial","tag-gdf","tag-greve","tag-grupos-prioritarios","tag-individual","tag-pandemia","tag-protecao","tag-seguranca-alimentar","tag-servidores","tag-vacinacao"],"_links":{"self":[{"href":"https:\/\/blogs.correiobraziliense.com.br\/servidor\/wp-json\/wp\/v2\/posts\/18910","targetHints":{"allow":["GET"]}}],"collection":[{"href":"https:\/\/blogs.correiobraziliense.com.br\/servidor\/wp-json\/wp\/v2\/posts"}],"about":[{"href":"https:\/\/blogs.correiobraziliense.com.br\/servidor\/wp-json\/wp\/v2\/types\/post"}],"author":[{"embeddable":true,"href":"https:\/\/blogs.correiobraziliense.com.br\/servidor\/wp-json\/wp\/v2\/users\/27"}],"replies":[{"embeddable":true,"href":"https:\/\/blogs.correiobraziliense.com.br\/servidor\/wp-json\/wp\/v2\/comments?post=18910"}],"version-history":[{"count":1,"href":"https:\/\/blogs.correiobraziliense.com.br\/servidor\/wp-json\/wp\/v2\/posts\/18910\/revisions"}],"predecessor-version":[{"id":18911,"href":"https:\/\/blogs.correiobraziliense.com.br\/servidor\/wp-json\/wp\/v2\/posts\/18910\/revisions\/18911"}],"wp:attachment":[{"href":"https:\/\/blogs.correiobraziliense.com.br\/servidor\/wp-json\/wp\/v2\/media?parent=18910"}],"wp:term":[{"taxonomy":"category","embeddable":true,"href":"https:\/\/blogs.correiobraziliense.com.br\/servidor\/wp-json\/wp\/v2\/categories?post=18910"},{"taxonomy":"post_tag","embeddable":true,"href":"https:\/\/blogs.correiobraziliense.com.br\/servidor\/wp-json\/wp\/v2\/tags?post=18910"}],"curies":[{"name":"wp","href":"https:\/\/api.w.org\/{rel}","templated":true}]}}