{"id":18895,"date":"2021-01-27T12:16:02","date_gmt":"2021-01-27T15:16:02","guid":{"rendered":"https:\/\/blogs.correiobraziliense.com.br\/servidor\/?p=18895"},"modified":"2021-01-27T12:16:02","modified_gmt":"2021-01-27T15:16:02","slug":"entidades-do-fisco-querem-prioridade-para-a-reforma-tributaria","status":"publish","type":"post","link":"https:\/\/blogs.correiobraziliense.com.br\/servidor\/entidades-do-fisco-querem-prioridade-para-a-reforma-tributaria\/","title":{"rendered":"Entidades do Fisco querem prioridade para a reforma tribut\u00e1ria"},"content":{"rendered":"<p><em><strong>A Febrafite e mais seis entidades nacionais do Fisco dos tr\u00eas entes federativos &#8211; categorias que votaram em massa na atual gest\u00e3o do presidente Jair Bolsonaro (assim como a maioria das carreiras de Estado) &#8211; divulgaram nota p\u00fablica conjunta para os candidatos \u00e0 Presid\u00eancia da C\u00e2mara dos Deputados e do Senado Federal pedindo absoluta prioridade \u00e0 reforma tribut\u00e1ria na agenda de vota\u00e7\u00f5es de 2021. As elei\u00e7\u00f5es para o comando das duas casas legislativas acontecem na pr\u00f3xima segunda-feira, 1\u00ba de fevereiro<\/strong><\/em><\/p>\n<p><img loading=\"lazy\" decoding=\"async\" class=\"alignright size-full wp-image-18896\" src=\"https:\/\/blogs.correiobraziliense.com.br\/servidor\/wp-content\/uploads\/sites\/10\/2021\/01\/LE\u00c3O-FISCO.jpg\" alt=\"\" width=\"600\" height=\"350\" srcset=\"https:\/\/blogs.correiobraziliense.com.br\/servidor\/wp-content\/uploads\/sites\/10\/2021\/01\/LE\u00c3O-FISCO.jpg 600w, https:\/\/blogs.correiobraziliense.com.br\/servidor\/wp-content\/uploads\/sites\/10\/2021\/01\/LE\u00c3O-FISCO-300x175.jpg 300w, https:\/\/blogs.correiobraziliense.com.br\/servidor\/wp-content\/uploads\/sites\/10\/2021\/01\/LE\u00c3O-FISCO-550x321.jpg 550w, https:\/\/blogs.correiobraziliense.com.br\/servidor\/wp-content\/uploads\/sites\/10\/2021\/01\/LE\u00c3O-FISCO-230x134.jpg 230w\" sizes=\"auto, (max-width: 600px) 100vw, 600px\" \/><\/p>\n<p><em>Ilustra\u00e7\u00e3o: Equipe Brasil Escola<\/em><\/p>\n<p>No apelo aos parlamentares, as sete entidades destacam a necessidade de &#8220;recolocar o pa\u00eds nos trilhos do desenvolvimento econ\u00f4mico sustent\u00e1vel&#8221;. Para as entidades, a reforma tribut\u00e1ria \u00e9 &#8220;a \u00fanica capaz de produzir resultados imediatos e benfazejos como a gera\u00e7\u00e3o de empregos, a justi\u00e7a fiscal e o destravamento da economia, al\u00e9m de melhorar o ambiente de neg\u00f3cios com a simplifica\u00e7\u00e3o de normas tribut\u00e1rias&#8221;.<\/p>\n<p>Veja a nota na \u00edntegra:<\/p>\n<p>&#8220;NOTA P\u00daBLICA<br \/>\nAs entidades do Fisco abaixo assinadas, certas da import\u00e2ncia decisiva do Congresso Nacional no esfor\u00e7o de buscar solu\u00e7\u00f5es para os complexos e urgentes problemas nacionais em tempos de crise econ\u00f4mica e sanit\u00e1ria, no ensejo da retomada do funcionamento das Casas Legislativas, em fevereiro, dirigem APELO aos(\u00e0s) parlamentares candidatos(as) \u00e0 presid\u00eancia da C\u00e2mara dos Deputados e do Senado Federal para que deem absoluta prioridade \u00e0 REFORMA TRIBUT\u00c1RIA na agenda de vota\u00e7\u00f5es de 2021.<\/p>\n<p>O presente apelo expressa a preocupa\u00e7\u00e3o das entidades das tr\u00eas esferas (federal, estadual e municipal) quanto \u00e0 necessidade premente de, ouvindo os anseios da sociedade, recolocar o pa\u00eds nos trilhos do desenvolvimento econ\u00f4mico sustent\u00e1vel. Para as entidades, as novas Mesas da C\u00e2mara dos Deputados e do Senado Federal devem dar primazia \u00e0 REFORMA TRIBUT\u00c1RIA, a \u00fanica capaz de produzir resultados imediatos e benfazejos como a gera\u00e7\u00e3o de empregos, a justi\u00e7a fiscal e o destravamento da economia, al\u00e9m de melhorar o ambiente de neg\u00f3cios com a simplifica\u00e7\u00e3o de normas tribut\u00e1rias.<\/p>\n<p>Assinam a nota:<br \/>\nAnafisco &#8211; Associa\u00e7\u00e3o Nacional dos Auditores-Fiscais de Tributos dos Munic\u00edpios e Distrito Federal<br \/>\nAnfip &#8211; Associa\u00e7\u00e3o Nacional dos Auditores Fiscais da Receita Federal do Brasil<br \/>\nFebrafite &#8211; Federa\u00e7\u00e3o Brasileira de Associa\u00e7\u00f5es de Fiscais de Tributos Estaduais<br \/>\nFenafim \u2013 Federa\u00e7\u00e3o Nacional dos Auditores e Fiscais de Tributos Municipais<br \/>\nFenafisco &#8211; Federa\u00e7\u00e3o Nacional do Fisco Estadual e Distrital<br \/>\nSindifisco Nacional &#8211; Sindicato Nacional dos Auditores Fiscais da Receita Federal do Brasil<br \/>\nUnafisco Nacional &#8211; Associa\u00e7\u00e3o Nacional dos Auditores Fiscais da Receita Federal do Brasil<\/p>\n","protected":false},"excerpt":{"rendered":"<p>A Febrafite e mais seis entidades nacionais do Fisco dos tr\u00eas entes federativos &#8211; categorias que votaram em massa na atual gest\u00e3o do presidente Jair Bolsonaro (assim como a maioria das carreiras de Estado) &#8211; divulgaram nota p\u00fablica conjunta para os candidatos \u00e0 Presid\u00eancia da C\u00e2mara dos Deputados e do Senado Federal pedindo absoluta prioridade \u00e0 reforma tribut\u00e1ria na agenda [&hellip;]<\/p>\n","protected":false},"author":27,"featured_media":0,"comment_status":"open","ping_status":"closed","sticky":false,"template":"","format":"standard","meta":{"footnotes":""},"categories":[2719],"tags":[1527,61,178,3355,2596,2021,2603,247,260,10,3472,2316,294,15938,12193,696,3894,8748,4234],"class_list":["post-18895","post","type-post","status-publish","format-standard","hentry","category-servidor","tag-agenda","tag-camara","tag-candidatos","tag-desenvolvimento","tag-economico","tag-eleicoes","tag-empregos","tag-fisco","tag-justica","tag-legislativo","tag-negocios","tag-prioridade","tag-receita-federal","tag-reforma-administrativa","tag-reforma-tributaria","tag-senado","tag-simplificacao","tag-sustentavel","tag-votacoes"],"_links":{"self":[{"href":"https:\/\/blogs.correiobraziliense.com.br\/servidor\/wp-json\/wp\/v2\/posts\/18895","targetHints":{"allow":["GET"]}}],"collection":[{"href":"https:\/\/blogs.correiobraziliense.com.br\/servidor\/wp-json\/wp\/v2\/posts"}],"about":[{"href":"https:\/\/blogs.correiobraziliense.com.br\/servidor\/wp-json\/wp\/v2\/types\/post"}],"author":[{"embeddable":true,"href":"https:\/\/blogs.correiobraziliense.com.br\/servidor\/wp-json\/wp\/v2\/users\/27"}],"replies":[{"embeddable":true,"href":"https:\/\/blogs.correiobraziliense.com.br\/servidor\/wp-json\/wp\/v2\/comments?post=18895"}],"version-history":[{"count":1,"href":"https:\/\/blogs.correiobraziliense.com.br\/servidor\/wp-json\/wp\/v2\/posts\/18895\/revisions"}],"predecessor-version":[{"id":18897,"href":"https:\/\/blogs.correiobraziliense.com.br\/servidor\/wp-json\/wp\/v2\/posts\/18895\/revisions\/18897"}],"wp:attachment":[{"href":"https:\/\/blogs.correiobraziliense.com.br\/servidor\/wp-json\/wp\/v2\/media?parent=18895"}],"wp:term":[{"taxonomy":"category","embeddable":true,"href":"https:\/\/blogs.correiobraziliense.com.br\/servidor\/wp-json\/wp\/v2\/categories?post=18895"},{"taxonomy":"post_tag","embeddable":true,"href":"https:\/\/blogs.correiobraziliense.com.br\/servidor\/wp-json\/wp\/v2\/tags?post=18895"}],"curies":[{"name":"wp","href":"https:\/\/api.w.org\/{rel}","templated":true}]}}