{"id":18888,"date":"2021-01-26T20:42:38","date_gmt":"2021-01-26T23:42:38","guid":{"rendered":"https:\/\/blogs.correiobraziliense.com.br\/servidor\/?p=18888"},"modified":"2021-01-26T20:42:38","modified_gmt":"2021-01-26T23:42:38","slug":"bancarios-cobram-do-presidente-da-caixa-a-promessa-de-contratar-500-profissionais","status":"publish","type":"post","link":"https:\/\/blogs.correiobraziliense.com.br\/servidor\/bancarios-cobram-do-presidente-da-caixa-a-promessa-de-contratar-500-profissionais\/","title":{"rendered":"Banc\u00e1rios cobram do presidente da Caixa a promessa de contratar 500 profissionais"},"content":{"rendered":"<p><em><strong>A Federa\u00e7\u00e3o Nacional das Associa\u00e7\u00f5es do Pessoal da Caixa Econ\u00f4mica Federal (Fenae) quer a concretiza\u00e7\u00e3o do an\u00fancio da Caixa de contratar 500 banc\u00e1rios. O aumento do contingente de trabalhadores do banco p\u00fablico, essencial ao pa\u00eds nesta pandemia, \u00e9 reivindica\u00e7\u00e3o hist\u00f3rica da Fenae e de outras entidades representativas da classe. \u201cA falta de trabalhadores agrava n\u00e3o s\u00f3 a jornada di\u00e1ria dos banc\u00e1rios como tamb\u00e9m compromete a qualidade da assist\u00eancia \u00e0 sociedade\u201d, afirma Fenae<\/strong><\/em><\/p>\n<p><img loading=\"lazy\" decoding=\"async\" class=\"alignright size-large wp-image-18889\" src=\"https:\/\/blogs.correiobraziliense.com.br\/servidor\/wp-content\/uploads\/sites\/10\/2021\/01\/caixa-contrata\u00e7\u00e3o-682x1024.jpg\" alt=\"\" width=\"682\" height=\"1024\" srcset=\"https:\/\/blogs.correiobraziliense.com.br\/servidor\/wp-content\/uploads\/sites\/10\/2021\/01\/caixa-contrata\u00e7\u00e3o-682x1024.jpg 682w, https:\/\/blogs.correiobraziliense.com.br\/servidor\/wp-content\/uploads\/sites\/10\/2021\/01\/caixa-contrata\u00e7\u00e3o-200x300.jpg 200w, https:\/\/blogs.correiobraziliense.com.br\/servidor\/wp-content\/uploads\/sites\/10\/2021\/01\/caixa-contrata\u00e7\u00e3o-768x1152.jpg 768w, https:\/\/blogs.correiobraziliense.com.br\/servidor\/wp-content\/uploads\/sites\/10\/2021\/01\/caixa-contrata\u00e7\u00e3o-800x1200.jpg 800w, https:\/\/blogs.correiobraziliense.com.br\/servidor\/wp-content\/uploads\/sites\/10\/2021\/01\/caixa-contrata\u00e7\u00e3o-550x825.jpg 550w, https:\/\/blogs.correiobraziliense.com.br\/servidor\/wp-content\/uploads\/sites\/10\/2021\/01\/caixa-contrata\u00e7\u00e3o-230x345.jpg 230w, https:\/\/blogs.correiobraziliense.com.br\/servidor\/wp-content\/uploads\/sites\/10\/2021\/01\/caixa-contrata\u00e7\u00e3o.jpg 853w\" sizes=\"auto, (max-width: 682px) 100vw, 682px\" \/><\/p>\n<p>A Fenae lembra que o presidente da Caixa Econ\u00f4mica Federal, Pedro Guimar\u00e3es, anunciou que o banco vai contratar 500 empregados em 51 cidades onde a institui\u00e7\u00e3o pretende abrir ag\u00eancias. Segundo informou Guimar\u00e3es durante visita a Jo\u00e3o Pessoa (PB), na \u00faltima sexta-feira (22), o projeto em estudo \u00e9 instalar novas unidades da Caixa em todos os bairros do pa\u00eds que tenham popula\u00e7\u00e3o superior a 40 mil habitantes.<\/p>\n<p>&#8220;Ao mesmo tempo, o gestor atua em a\u00e7\u00f5es alinhadas \u00e0 agenda de privatiza\u00e7\u00f5es do governo, a exemplo da pretens\u00e3o de vender o futuro Banco Digital estruturado para o pagamento do aux\u00edlio emergencial e de outros benef\u00edcios sociais para mais de 120 milh\u00f5es de brasileiros, durante a pandemia&#8221;, aponta a Fenae.<\/p>\n<p>Sergio Takemoto, presidente da Fenae, explica que os empregados est\u00e3o mais sobrecarregados e adoecidos a cada dia. &#8220;N\u00e3o adianta contratar 500 novos trabalhadores para unidades que ser\u00e3o pretensamente abertas e for\u00e7ar a sa\u00edda de mais de 10 mil banc\u00e1rios com planos de demiss\u00e3o e aposentadorias . \u201cPrecisamos de mais empregados, urgentemente. A Caixa perdeu quase 20 mil trabalhadores nos \u00faltimos 10 anos e n\u00e3o houve reposi\u00e7\u00e3o de vagas, at\u00e9 o momento. Ent\u00e3o esse n\u00famero ainda \u00e9 muito pouco para suprir a car\u00eancia de pessoal nas unidades do bando em todo o pa\u00eds\u201d, acrescenta.<\/p>\n<p>A Caixa encerrou 2014 com cerca de 101 mil empregados. Naquele ano, no Acordo Coletivo de Trabalho (ACT 2014\/2015), a dire\u00e7\u00e3o do banco se comprometeu a realizar mais duas mil contrata\u00e7\u00f5es, o que elevaria o quadro de pessoal para mais de 103 mil trabalhadores.\u00a0De l\u00e1 para c\u00e1, por\u00e9m, mais de 19 mil deixaram a empresa, principalmente por meio de planos de desligamentos volunt\u00e1rios.<\/p>\n<p>Estima-se que dos mais de 30 mil aprovados no \u00faltimo concurso p\u00fablico, menos de 10% foram convocados. O quadro atual \u00e9 de aproximadamente 84 mil empregados.\u00a0A coordenadora da Comiss\u00e3o Executiva dos Empregados (CEE\/Caixa), Fabiana Uehara, reitera que, em mesa de negocia\u00e7\u00e3o com os representantes do banco, a CEE \u2014 juntamente com a Fenae e a Confedera\u00e7\u00e3o Nacional dos Trabalhadores do Ramo Financeiro (Contraf\/CUT) \u2014 vem cobrando a imediata contrata\u00e7\u00e3o de empregados para permitir melhores condi\u00e7\u00f5es de trabalho, com a consequente melhora do atendimento \u00e0 popula\u00e7\u00e3o.<\/p>\n<p>\u201cO que temos cobrado da Caixa \u00e9 o respeito aos empregados, que t\u00eam vivido no dia a dia das unidades um alto n\u00edvel de carga hor\u00e1ria, com condi\u00e7\u00f5es prec\u00e1rias e submetidos \u00e0 press\u00e3o constante para obten\u00e7\u00e3o de resultados por meio de metas desumanas\u201d, afirma Fabiana Uehara.<\/p>\n<p>Para lutar por mais contrata\u00e7\u00f5es no banco, a Fenae e a Contraf\/CUT iniciaram o trabalho de\u00a0coleta de ades\u00f5es a um abaixo-assinado (<a href=\"https:\/\/secure.avaaz.org\/community_petitions\/po\/caixa_caixa_contrata_ja\/?wFcuHrb&amp;utm_source=sharetools&amp;utm_medium=twitter&amp;utm_campaign=petition-1148877-caixa_contrata_ja&amp;utm_term=FcuHrb%2Bpo\">https:\/\/secure.avaaz.org\/community_petitions\/po\/caixa_caixa_contrata_ja\/?wFcuHrb&amp;utm_source=sharetools&amp;utm_medium=twitter&amp;utm_campaign=petition-1148877-caixa_contrata_ja&amp;utm_term=FcuHrb%2Bpo<\/a>), cujo objetivo \u00e9 reivindicar a recomposi\u00e7\u00e3o do quadro de empregados, reduzido ano a ano. A iniciativa foi adotada com o entendimento de que, sem investimentos, o banco p\u00fablico \u00e9 submetido \u00e0 precariza\u00e7\u00e3o das condi\u00e7\u00f5es de trabalho, o que reflete no adoecimento dos empregados e no atendimento \u00e0 popula\u00e7\u00e3o.<\/p>\n","protected":false},"excerpt":{"rendered":"<p>A Federa\u00e7\u00e3o Nacional das Associa\u00e7\u00f5es do Pessoal da Caixa Econ\u00f4mica Federal (Fenae) quer a concretiza\u00e7\u00e3o do an\u00fancio da Caixa de contratar 500 banc\u00e1rios. O aumento do contingente de trabalhadores do banco p\u00fablico, essencial ao pa\u00eds nesta pandemia, \u00e9 reivindica\u00e7\u00e3o hist\u00f3rica da Fenae e de outras entidades representativas da classe. \u201cA falta de trabalhadores agrava n\u00e3o s\u00f3 a jornada di\u00e1ria dos [&hellip;]<\/p>\n","protected":false},"author":27,"featured_media":0,"comment_status":"open","ping_status":"closed","sticky":false,"template":"","format":"standard","meta":{"footnotes":""},"categories":[2719],"tags":[879,8846,1013,701,93,172,5417,891,10913,17255,545,1001,351],"class_list":["post-18888","post","type-post","status-publish","format-standard","hentry","category-servidor","tag-agencias","tag-bairros","tag-bancarios","tag-caixa-economica-federal","tag-concurso","tag-contratacao","tag-desligamentos","tag-empregados","tag-habitantes","tag-pandemia","tag-populacao","tag-privatizacao","tag-sociedade"],"_links":{"self":[{"href":"https:\/\/blogs.correiobraziliense.com.br\/servidor\/wp-json\/wp\/v2\/posts\/18888","targetHints":{"allow":["GET"]}}],"collection":[{"href":"https:\/\/blogs.correiobraziliense.com.br\/servidor\/wp-json\/wp\/v2\/posts"}],"about":[{"href":"https:\/\/blogs.correiobraziliense.com.br\/servidor\/wp-json\/wp\/v2\/types\/post"}],"author":[{"embeddable":true,"href":"https:\/\/blogs.correiobraziliense.com.br\/servidor\/wp-json\/wp\/v2\/users\/27"}],"replies":[{"embeddable":true,"href":"https:\/\/blogs.correiobraziliense.com.br\/servidor\/wp-json\/wp\/v2\/comments?post=18888"}],"version-history":[{"count":1,"href":"https:\/\/blogs.correiobraziliense.com.br\/servidor\/wp-json\/wp\/v2\/posts\/18888\/revisions"}],"predecessor-version":[{"id":18890,"href":"https:\/\/blogs.correiobraziliense.com.br\/servidor\/wp-json\/wp\/v2\/posts\/18888\/revisions\/18890"}],"wp:attachment":[{"href":"https:\/\/blogs.correiobraziliense.com.br\/servidor\/wp-json\/wp\/v2\/media?parent=18888"}],"wp:term":[{"taxonomy":"category","embeddable":true,"href":"https:\/\/blogs.correiobraziliense.com.br\/servidor\/wp-json\/wp\/v2\/categories?post=18888"},{"taxonomy":"post_tag","embeddable":true,"href":"https:\/\/blogs.correiobraziliense.com.br\/servidor\/wp-json\/wp\/v2\/tags?post=18888"}],"curies":[{"name":"wp","href":"https:\/\/api.w.org\/{rel}","templated":true}]}}