{"id":18882,"date":"2021-01-26T15:47:14","date_gmt":"2021-01-26T18:47:14","guid":{"rendered":"https:\/\/blogs.correiobraziliense.com.br\/servidor\/?p=18882"},"modified":"2021-01-26T15:47:14","modified_gmt":"2021-01-26T18:47:14","slug":"associacao-dos-profissionais-dos-correios-entra-como-amigo-da-corte-na-acao-que-discute-monopolio-dos-servicos-postais","status":"publish","type":"post","link":"https:\/\/blogs.correiobraziliense.com.br\/servidor\/associacao-dos-profissionais-dos-correios-entra-como-amigo-da-corte-na-acao-que-discute-monopolio-dos-servicos-postais\/","title":{"rendered":"Associa\u00e7\u00e3o dos Profissionais dos Correios entra como \u201camigo da corte\u201d na a\u00e7\u00e3o que discute monop\u00f3lio dos servi\u00e7os postais"},"content":{"rendered":"<p><em><strong>A Associa\u00e7\u00e3o dos Profissionais dos Correios (ADCAP) entrou com o pedido no STF para ser amicus curiae na Argui\u00e7\u00e3o de Descumprimento de Preceito Fundamental (ADPF 70) que discute se h\u00e1 monop\u00f3lio da empresa ECT nos servi\u00e7os postais do Brasil<\/strong><\/em><\/p>\n<p><img loading=\"lazy\" decoding=\"async\" class=\"alignright size-full wp-image-18883\" src=\"https:\/\/blogs.correiobraziliense.com.br\/servidor\/wp-content\/uploads\/sites\/10\/2021\/01\/correios.png\" alt=\"\" width=\"400\" height=\"295\" srcset=\"https:\/\/blogs.correiobraziliense.com.br\/servidor\/wp-content\/uploads\/sites\/10\/2021\/01\/correios.png 400w, https:\/\/blogs.correiobraziliense.com.br\/servidor\/wp-content\/uploads\/sites\/10\/2021\/01\/correios-300x221.png 300w, https:\/\/blogs.correiobraziliense.com.br\/servidor\/wp-content\/uploads\/sites\/10\/2021\/01\/correios-230x170.png 230w\" sizes=\"auto, (max-width: 400px) 100vw, 400px\" \/><\/p>\n<p>A ADPF \u00e9 de autoria do Sindicato Nacional das Empresas de Encomendas Expressas, que alega que os Correios estariam, h\u00e1 mais de 35 anos, descumprindo preceitos e princ\u00edpios constitucionais fundamentais, como a livre concorr\u00eancia, a livre iniciativa e o respeito aos princ\u00edpios gerais da economia.\u00a0De acordo com a advogada Adriene Hassen, do escrit\u00f3rio Cezar Britto &amp; Advogados Associados e que representa a ADCAP, o artigo 21, X, da Constitui\u00e7\u00e3o Federal \u00e9 claro ao afirmar que compete \u00e0 Uni\u00e3o manter o servi\u00e7o postal e o correio a\u00e9reo nacional.<\/p>\n<p>Segundo a advogada, tamb\u00e9m o artigo 22, V, da Carta Magna, aponta que apenas a Uni\u00e3o pode legislar sobre servi\u00e7o postal. \u201cDiante de tais previs\u00f5es constitucionais, \u00e9 de se compreender que a atividade exercida pela ECT \u00e9 de compet\u00eancia privativa e de exerc\u00edcio exclusivo da Uni\u00e3o, n\u00e3o sendo deleg\u00e1vel ou privatiz\u00e1vel, n\u00e3o havendo que se questionar, assim, a recep\u00e7\u00e3o das normas\u201d, explica Adriene.<\/p>\n<p>A advogada lembra ainda que no julgamento da A\u00e7\u00e3o Direta de Inconstitucionalidade (ADI 3080), de relatoria da ex-ministra Ellen Gracie, ficou decidido que o entendimento do Supremo Tribunal Federal (STF) \u00e9 pela inconstitucionalidade de normas estaduais que tenham como objeto mat\u00e9rias de compet\u00eancia legislativa privativa da Uni\u00e3o. \u201cDe acordo com o pr\u00f3prio STF, o servi\u00e7o postal est\u00e1 no rol das mat\u00e9rias cuja normatiza\u00e7\u00e3o \u00e9 de compet\u00eancia privativa da Uni\u00e3o. \u00c9 a Uni\u00e3o, ainda, por for\u00e7a do art. 21 da Constitui\u00e7\u00e3o, o ente da federa\u00e7\u00e3o respons\u00e1vel pela manuten\u00e7\u00e3o desta modalidade de servi\u00e7o p\u00fablico\u201d, destaca Adriene Hassen.<\/p>\n<p>Assim tamb\u00e9m entende o ministro relator da ADPF, Marco Aur\u00e9lio, que \u00e9 relator ainda de uma a\u00e7\u00e3o que discute se a Lei 6.538\/78, que regula o setor postal, na Constitui\u00e7\u00e3o de 1988. Para o ministro, por mais que se pretenda modernizar os Correios, o servi\u00e7o postal que ser\u00e1 prestado no pa\u00eds deve ser uma escolha pol\u00edtica, \u201ccuja op\u00e7\u00e3o n\u00e3o compete ao Judici\u00e1rio fazer\u201d.<\/p>\n<p>A ADPF 70 come\u00e7ou a ser julgada em dezembro do ano passado, mas o julgamento foi suspenso por pedido de destaque do ministro Nunes Marques e remarcado para o dia 10 de fevereiro.<\/p>\n<p><em>Amicus curiae ou amigo da corte<\/em><\/p>\n<p>A figura do amicus curiae \u00e9 um instrumento de abertura do Supremo Tribunal Federal \u00e0 participa\u00e7\u00e3o popular na atividade de interpreta\u00e7\u00e3o e aplica\u00e7\u00e3o da Constitui\u00e7\u00e3o, possibilitando que \u00f3rg\u00e3os e entidades se somem \u00e0 tarefa de apresentar argumentos para o aprimoramento do alcance das normas constitucionais.<\/p>\n<p>Fonte:\u00a0Assessoria de Comunica\u00e7\u00e3o do Escrit\u00f3rio Cezar Britto &amp; Advogados Associados<\/p>\n","protected":false},"excerpt":{"rendered":"<p>A Associa\u00e7\u00e3o dos Profissionais dos Correios (ADCAP) entrou com o pedido no STF para ser amicus curiae na Argui\u00e7\u00e3o de Descumprimento de Preceito Fundamental (ADPF 70) que discute se h\u00e1 monop\u00f3lio da empresa ECT nos servi\u00e7os postais do Brasil A ADPF \u00e9 de autoria do Sindicato Nacional das Empresas de Encomendas Expressas, que alega que os Correios estariam, h\u00e1 mais [&hellip;]<\/p>\n","protected":false},"author":27,"featured_media":0,"comment_status":"open","ping_status":"closed","sticky":false,"template":"","format":"standard","meta":{"footnotes":""},"categories":[2719],"tags":[5181,18703,18702,252,20,88,414,1949,9024,1075,18701,34,330],"class_list":["post-18882","post","type-post","status-publish","format-standard","hentry","category-servidor","tag-adcap","tag-adi-3080","tag-adpf-70","tag-concorrencia","tag-correios","tag-economia","tag-ect","tag-julgamento","tag-monopolio","tag-profissionais","tag-servicos-postais","tag-stf","tag-uniao"],"_links":{"self":[{"href":"https:\/\/blogs.correiobraziliense.com.br\/servidor\/wp-json\/wp\/v2\/posts\/18882","targetHints":{"allow":["GET"]}}],"collection":[{"href":"https:\/\/blogs.correiobraziliense.com.br\/servidor\/wp-json\/wp\/v2\/posts"}],"about":[{"href":"https:\/\/blogs.correiobraziliense.com.br\/servidor\/wp-json\/wp\/v2\/types\/post"}],"author":[{"embeddable":true,"href":"https:\/\/blogs.correiobraziliense.com.br\/servidor\/wp-json\/wp\/v2\/users\/27"}],"replies":[{"embeddable":true,"href":"https:\/\/blogs.correiobraziliense.com.br\/servidor\/wp-json\/wp\/v2\/comments?post=18882"}],"version-history":[{"count":1,"href":"https:\/\/blogs.correiobraziliense.com.br\/servidor\/wp-json\/wp\/v2\/posts\/18882\/revisions"}],"predecessor-version":[{"id":18884,"href":"https:\/\/blogs.correiobraziliense.com.br\/servidor\/wp-json\/wp\/v2\/posts\/18882\/revisions\/18884"}],"wp:attachment":[{"href":"https:\/\/blogs.correiobraziliense.com.br\/servidor\/wp-json\/wp\/v2\/media?parent=18882"}],"wp:term":[{"taxonomy":"category","embeddable":true,"href":"https:\/\/blogs.correiobraziliense.com.br\/servidor\/wp-json\/wp\/v2\/categories?post=18882"},{"taxonomy":"post_tag","embeddable":true,"href":"https:\/\/blogs.correiobraziliense.com.br\/servidor\/wp-json\/wp\/v2\/tags?post=18882"}],"curies":[{"name":"wp","href":"https:\/\/api.w.org\/{rel}","templated":true}]}}