{"id":18875,"date":"2021-01-25T22:05:07","date_gmt":"2021-01-26T01:05:07","guid":{"rendered":"https:\/\/blogs.correiobraziliense.com.br\/servidor\/?p=18875"},"modified":"2021-01-25T22:05:07","modified_gmt":"2021-01-26T01:05:07","slug":"bancarios-decidem-sobre-paralisacao-de-24-horas-em-29-de-janeiro","status":"publish","type":"post","link":"https:\/\/blogs.correiobraziliense.com.br\/servidor\/bancarios-decidem-sobre-paralisacao-de-24-horas-em-29-de-janeiro\/","title":{"rendered":"Banc\u00e1rios decidem sobre paralisa\u00e7\u00e3o de 24 horas em 29 de janeiro"},"content":{"rendered":"<p><em><strong>Sindicato dos Banc\u00e1rios convoca assembleia de funcion\u00e1rios do BB para deliberar sobre paralisa\u00e7\u00e3o de 24 horas. Na\u00a0quinta-feira (21), foi lan\u00e7ado o edital de convoca\u00e7\u00e3o aos funcion\u00e1rios do Banco do Brasil para discutir a proposta de paralisa\u00e7\u00e3o das atividades, no dia 29 de janeiro<\/strong><\/em><\/p>\n<p><img loading=\"lazy\" decoding=\"async\" class=\"size-full wp-image-18762 aligncenter\" src=\"https:\/\/blogs.correiobraziliense.com.br\/servidor\/wp-content\/uploads\/sites\/10\/2021\/01\/narc\u00f3ticos.jpeg\" alt=\"\" width=\"768\" height=\"434\" srcset=\"https:\/\/blogs.correiobraziliense.com.br\/servidor\/wp-content\/uploads\/sites\/10\/2021\/01\/narc\u00f3ticos.jpeg 768w, https:\/\/blogs.correiobraziliense.com.br\/servidor\/wp-content\/uploads\/sites\/10\/2021\/01\/narc\u00f3ticos-300x170.jpeg 300w, https:\/\/blogs.correiobraziliense.com.br\/servidor\/wp-content\/uploads\/sites\/10\/2021\/01\/narc\u00f3ticos-550x311.jpeg 550w, https:\/\/blogs.correiobraziliense.com.br\/servidor\/wp-content\/uploads\/sites\/10\/2021\/01\/narc\u00f3ticos-230x130.jpeg 230w\" sizes=\"auto, (max-width: 768px) 100vw, 768px\" \/><\/p>\n<p>A paralisa\u00e7\u00e3o faz parte do calend\u00e1rio de lutas em todo o pa\u00eds, definido pela Comiss\u00e3o de Empresa dos Funcion\u00e1rios do Banco do Brasil (CEBB) e encaminhado \u00e0 Contraf-CUT. O dia nacional de luta, realizado no dia 21, marcou o in\u00edcio do calend\u00e1rio, que prev\u00ea a\u00e7\u00f5es de protesto permanentes at\u00e9 o dia 28, nas unidades do banco, nas ruas e nas redes sociais.<\/p>\n<p>\u201cSomada \u00e0s atividades de mobiliza\u00e7\u00e3o que o Sindicato vem realizando ao longo desses \u00faltimos dias, o dia nacional de lutas apontou a disposi\u00e7\u00e3o da categoria em elevar a temperatura. Neste sentido, o dia de paralisa\u00e7\u00e3o nacional servir\u00e1 para denunciar a desestrutura\u00e7\u00e3o proposta pela dire\u00e7\u00e3o do banco, pression\u00e1-la e ao governo e sensibilizar a sociedade para que seja revogado esse ataque ao Banco do Brasil e seus funcion\u00e1rios\u201d, destaca Marianna Coelho, secret\u00e1ria de Assuntos Jur\u00eddicos do Sindicato e representante da Fetec-CUT\/CN na CEBB.<\/p>\n<p>O presidente do Sindicato, Kleytton Morais, refor\u00e7a. \u201c\u00c9 preciso ter clareza de que precisamos organizar e deliberar em rela\u00e7\u00e3o \u00e0 constru\u00e7\u00e3o de uma paralisa\u00e7\u00e3o que conste com a ades\u00e3o de todos os segmentos do Banco, afinal essa desestrutura\u00e7\u00e3o afeta-nos a todos\u201d.<\/p>\n","protected":false},"excerpt":{"rendered":"<p>Sindicato dos Banc\u00e1rios convoca assembleia de funcion\u00e1rios do BB para deliberar sobre paralisa\u00e7\u00e3o de 24 horas. Na\u00a0quinta-feira (21), foi lan\u00e7ado o edital de convoca\u00e7\u00e3o aos funcion\u00e1rios do Banco do Brasil para discutir a proposta de paralisa\u00e7\u00e3o das atividades, no dia 29 de janeiro A paralisa\u00e7\u00e3o faz parte do calend\u00e1rio de lutas em todo o pa\u00eds, definido pela Comiss\u00e3o de Empresa [&hellip;]<\/p>\n","protected":false},"author":27,"featured_media":0,"comment_status":"open","ping_status":"closed","sticky":false,"template":"","format":"standard","meta":{"footnotes":""},"categories":[2719],"tags":[518,463,1013,1773,1453,1828,379,18698,9901,1341,481,506,718,1083],"class_list":["post-18875","post","type-post","status-publish","format-standard","hentry","category-servidor","tag-assembleia","tag-atividades","tag-bancarios","tag-banco-do-brasil","tag-bb","tag-calendario","tag-categoria","tag-cebb","tag-desestruturacao","tag-funcionarios","tag-mobilizacao","tag-paralisacao","tag-protesto","tag-redes-sociais"],"_links":{"self":[{"href":"https:\/\/blogs.correiobraziliense.com.br\/servidor\/wp-json\/wp\/v2\/posts\/18875","targetHints":{"allow":["GET"]}}],"collection":[{"href":"https:\/\/blogs.correiobraziliense.com.br\/servidor\/wp-json\/wp\/v2\/posts"}],"about":[{"href":"https:\/\/blogs.correiobraziliense.com.br\/servidor\/wp-json\/wp\/v2\/types\/post"}],"author":[{"embeddable":true,"href":"https:\/\/blogs.correiobraziliense.com.br\/servidor\/wp-json\/wp\/v2\/users\/27"}],"replies":[{"embeddable":true,"href":"https:\/\/blogs.correiobraziliense.com.br\/servidor\/wp-json\/wp\/v2\/comments?post=18875"}],"version-history":[{"count":1,"href":"https:\/\/blogs.correiobraziliense.com.br\/servidor\/wp-json\/wp\/v2\/posts\/18875\/revisions"}],"predecessor-version":[{"id":18876,"href":"https:\/\/blogs.correiobraziliense.com.br\/servidor\/wp-json\/wp\/v2\/posts\/18875\/revisions\/18876"}],"wp:attachment":[{"href":"https:\/\/blogs.correiobraziliense.com.br\/servidor\/wp-json\/wp\/v2\/media?parent=18875"}],"wp:term":[{"taxonomy":"category","embeddable":true,"href":"https:\/\/blogs.correiobraziliense.com.br\/servidor\/wp-json\/wp\/v2\/categories?post=18875"},{"taxonomy":"post_tag","embeddable":true,"href":"https:\/\/blogs.correiobraziliense.com.br\/servidor\/wp-json\/wp\/v2\/tags?post=18875"}],"curies":[{"name":"wp","href":"https:\/\/api.w.org\/{rel}","templated":true}]}}