{"id":18873,"date":"2021-01-25T17:28:51","date_gmt":"2021-01-25T20:28:51","guid":{"rendered":"https:\/\/blogs.correiobraziliense.com.br\/servidor\/?p=18873"},"modified":"2021-01-25T17:28:51","modified_gmt":"2021-01-25T20:28:51","slug":"anmp-quer-urgente-inclusao-dos-peritos-medicos-no-grupo-prioritario-de-vacinacao-contra-covid-19","status":"publish","type":"post","link":"https:\/\/blogs.correiobraziliense.com.br\/servidor\/anmp-quer-urgente-inclusao-dos-peritos-medicos-no-grupo-prioritario-de-vacinacao-contra-covid-19\/","title":{"rendered":"ANMP quer urgente inclus\u00e3o dos peritos m\u00e9dicos no grupo priorit\u00e1rio de vacina\u00e7\u00e3o contra Covid-19"},"content":{"rendered":"<p><em><strong>Hoje (25\/01), a Associa\u00e7\u00e3o Nacional dos M\u00e9dicos Peritos (ANMP) enviou of\u00edcio ao ministro da Sa\u00fade para pedir a inclus\u00e3o dos peritos m\u00e9dicos federais no primeiro grupo priorit\u00e1rio do Plano Nacional de\u00a0Operacionaliza\u00e7\u00e3o da Vacina\u00e7\u00e3o contra a Covid-19<\/strong><\/em><\/p>\n<p><img loading=\"lazy\" decoding=\"async\" class=\"alignright size-full wp-image-18801\" src=\"https:\/\/blogs.correiobraziliense.com.br\/servidor\/wp-content\/uploads\/sites\/10\/2021\/01\/mortes-covid.jpg\" alt=\"\" width=\"675\" height=\"450\" srcset=\"https:\/\/blogs.correiobraziliense.com.br\/servidor\/wp-content\/uploads\/sites\/10\/2021\/01\/mortes-covid.jpg 675w, https:\/\/blogs.correiobraziliense.com.br\/servidor\/wp-content\/uploads\/sites\/10\/2021\/01\/mortes-covid-300x200.jpg 300w, https:\/\/blogs.correiobraziliense.com.br\/servidor\/wp-content\/uploads\/sites\/10\/2021\/01\/mortes-covid-550x367.jpg 550w, https:\/\/blogs.correiobraziliense.com.br\/servidor\/wp-content\/uploads\/sites\/10\/2021\/01\/mortes-covid-230x153.jpg 230w\" sizes=\"auto, (max-width: 675px) 100vw, 675px\" \/><\/p>\n<p>Por meio de nota, a ANMP esclarece que esse pedido tem como objetivo principal garantir a imuniza\u00e7\u00e3o dos servidores que\u00a0estejam em regime de trabalho presencial e atendendo os segurados da Previd\u00eancia\u00a0Social, na maioria, pessoas idosas e portadores de comorbidades.<\/p>\n<p>&#8220;Com a vacina\u00e7\u00e3o priorit\u00e1ria dos Peritos M\u00e9dicos Federais, as Ag\u00eancias da\u00a0Previd\u00eancia Social deixar\u00e3o de ser pontos focais de cont\u00e1gio do novo coronav\u00edrus\u00a0(Covid-19), de modo que todos os servidores e segurados frequentadores das\u00a0unidades do INSS deixar\u00e3o de se expor a risco de contamina\u00e7\u00e3o e de perder a vida.\u00a0A ANMP espera que o pedido seja analisado em breve pelo Minist\u00e9rio da Sa\u00fade e que\u00a0os Peritos M\u00e9dicos Federais sejam imunizados o quanto antes para continuarem\u00a0exercendo suas atribui\u00e7\u00f5es essenciais&#8221;, afirma a institui\u00e7\u00e3o.<\/p>\n<p>No of\u00edcio ao Minist\u00e9rio da Sa\u00fade, a ANMP destaca, ainda, que, desde setembro, os\u00a0servidores t\u00eam sido submetidos diariamente ao contato com milhares\u00a0de cidad\u00e3os idosos e enfermos \u2013 perfil caracter\u00edstico da maior parte do p\u00fablico-alvo do\u00a0INSS &#8211; , se exp\u00f5em\u00a0permanentemente ao elevado risco de infec\u00e7\u00e3o pela nova doen\u00e7a e acabam expondo os\u00a0segurados da Previd\u00eancia Social a id\u00eantica amea\u00e7a epidemiol\u00f3gica. &#8220;Vale destacar que, h\u00e1 alguns meses, inclusive, o n\u00famero de casos de solicita\u00e7\u00e3o de\u00a0aux\u00edlio-doen\u00e7a por for\u00e7a de contamina\u00e7\u00e3o pelo novo coronav\u00edrus (Covid-19) tem\u00a0aumentado vertiginosamente, o que certamente tem contribu\u00eddo para que as ag\u00eancias se consolidem como pontos focais de dissemina\u00e7\u00e3o da nova doen\u00e7a&#8221;, reitera.<\/p>\n","protected":false},"excerpt":{"rendered":"<p>Hoje (25\/01), a Associa\u00e7\u00e3o Nacional dos M\u00e9dicos Peritos (ANMP) enviou of\u00edcio ao ministro da Sa\u00fade para pedir a inclus\u00e3o dos peritos m\u00e9dicos federais no primeiro grupo priorit\u00e1rio do Plano Nacional de\u00a0Operacionaliza\u00e7\u00e3o da Vacina\u00e7\u00e3o contra a Covid-19 Por meio de nota, a ANMP esclarece que esse pedido tem como objetivo principal garantir a imuniza\u00e7\u00e3o dos servidores que\u00a0estejam em regime de trabalho [&hellip;]<\/p>\n","protected":false},"author":27,"featured_media":0,"comment_status":"open","ping_status":"closed","sticky":false,"template":"","format":"standard","meta":{"footnotes":""},"categories":[2719],"tags":[879,2782,10474,16896,17256,3309,6277,11,2242,16921,1603,18667,16791],"class_list":["post-18873","post","type-post","status-publish","format-standard","hentry","category-servidor","tag-agencias","tag-anmp","tag-contaminacao","tag-coronavirus","tag-covid-19","tag-grupo","tag-inclusao","tag-inss","tag-ministerio-da-saude","tag-peritos-medicos","tag-previdencia-social","tag-prioritario","tag-vacinacao"],"_links":{"self":[{"href":"https:\/\/blogs.correiobraziliense.com.br\/servidor\/wp-json\/wp\/v2\/posts\/18873","targetHints":{"allow":["GET"]}}],"collection":[{"href":"https:\/\/blogs.correiobraziliense.com.br\/servidor\/wp-json\/wp\/v2\/posts"}],"about":[{"href":"https:\/\/blogs.correiobraziliense.com.br\/servidor\/wp-json\/wp\/v2\/types\/post"}],"author":[{"embeddable":true,"href":"https:\/\/blogs.correiobraziliense.com.br\/servidor\/wp-json\/wp\/v2\/users\/27"}],"replies":[{"embeddable":true,"href":"https:\/\/blogs.correiobraziliense.com.br\/servidor\/wp-json\/wp\/v2\/comments?post=18873"}],"version-history":[{"count":1,"href":"https:\/\/blogs.correiobraziliense.com.br\/servidor\/wp-json\/wp\/v2\/posts\/18873\/revisions"}],"predecessor-version":[{"id":18874,"href":"https:\/\/blogs.correiobraziliense.com.br\/servidor\/wp-json\/wp\/v2\/posts\/18873\/revisions\/18874"}],"wp:attachment":[{"href":"https:\/\/blogs.correiobraziliense.com.br\/servidor\/wp-json\/wp\/v2\/media?parent=18873"}],"wp:term":[{"taxonomy":"category","embeddable":true,"href":"https:\/\/blogs.correiobraziliense.com.br\/servidor\/wp-json\/wp\/v2\/categories?post=18873"},{"taxonomy":"post_tag","embeddable":true,"href":"https:\/\/blogs.correiobraziliense.com.br\/servidor\/wp-json\/wp\/v2\/tags?post=18873"}],"curies":[{"name":"wp","href":"https:\/\/api.w.org\/{rel}","templated":true}]}}