{"id":18856,"date":"2021-01-22T20:30:21","date_gmt":"2021-01-22T23:30:21","guid":{"rendered":"https:\/\/blogs.correiobraziliense.com.br\/servidor\/?p=18856"},"modified":"2021-01-22T20:30:21","modified_gmt":"2021-01-22T23:30:21","slug":"alteracoes-em-normas-trabalhistas","status":"publish","type":"post","link":"https:\/\/blogs.correiobraziliense.com.br\/servidor\/alteracoes-em-normas-trabalhistas\/","title":{"rendered":"Altera\u00e7\u00f5es em normas trabalhistas"},"content":{"rendered":"<p><em><strong>A Casa Civil da Presid\u00eancia colocou em consulta p\u00fablica minuta de decreto que regulamenta disposi\u00e7\u00f5es relativas \u00e0 legisla\u00e7\u00e3o trabalhista e institui o &#8220;Programa Permanente de Consolida\u00e7\u00e3o, Simplifica\u00e7\u00e3o e Desburocratiza\u00e7\u00e3o de Normas Trabalhistas e o Pr\u00eamio Nacional Trabalhista&#8221;<\/strong><\/em><\/p>\n<p>Desde as mudan\u00e7as na legisla\u00e7\u00e3o, com a reforma trabalhista (Lei 13.467\/17), o governo, anualmente, regulamenta s normas do trabalho. A minuta, publicada hoje no Di\u00e1rio Oficial da Uni\u00e3o (DOU), traz uma s\u00e9rie de altera\u00e7\u00f5es no c\u00f3digo laboral. Trata-se de uma consulta p\u00fablica com prazo at\u00e9 19 de fevereiro. O Texto est\u00e1 dispon\u00edvel, tamb\u00e9m, no endere\u00e7o\u00a0&lt;https:\/\/www.gov.br\/participamaisbrasil\/decreto-legislacao-trabalhista&gt;.<\/p>\n<p>De acordo com o texto, o Programa Permanente de Consolida\u00e7\u00e3o, Simplifica\u00e7\u00e3o e Desburocratiza\u00e7\u00e3o de Normas Trabalhistas abranger\u00e1 a revis\u00e3o e a consolida\u00e7\u00e3o de normas trabalhistas e a melhoria dos servi\u00e7os prestados pela Secretaria de Trabalho da Secretaria Especial de Previd\u00eancia e Trabalho do Minist\u00e9rio da Economia.<\/p>\n<p>\u00a7 1\u00ba A revis\u00e3o da legisla\u00e7\u00e3o trabalhista infralegal consiste no exame dos atos normativos pertinentes a serem integrados, quanto ao m\u00e9rito, \u00e0 oportunidade, \u00e0 conveni\u00eancia e \u00e0 compatibiliza\u00e7\u00e3o da mat\u00e9ria neles tratada, com as pol\u00edticas e as diretrizes do Governo federal e com o marco regulat\u00f3rio vigente.<\/p>\n<p>\u00a7 2\u00ba A implementa\u00e7\u00e3o do Programa Permanente de Consolida\u00e7\u00e3o, Simplifica\u00e7\u00e3o e Desburocratiza\u00e7\u00e3o de Normas Trabalhistas dever\u00e1:<\/p>\n<p>I &#8211; visar \u00e0 melhoria do ambiente de neg\u00f3cios, o aumento da competitividade e a efici\u00eancia do setor p\u00fablico, para a gera\u00e7\u00e3o de empregos; e<\/p>\n<p>II &#8211; estar alinhada com os objetivos do planejamento estrat\u00e9gico da Secretaria Especial de Previd\u00eancia e Trabalho do Minist\u00e9rio da Economia, com o objetivo de:<\/p>\n<p>a) oferecer um marco regulat\u00f3rio trabalhista simples, desburocratizado e competitivo; e<\/p>\n<p>b) promover a conformidade \u00e0s normas trabalhistas e o direito ao trabalho digno.<\/p>\n<p>Art. 4\u00ba S\u00e3o objetivos gerais do Programa Permanente de Consolida\u00e7\u00e3o, Simplifica\u00e7\u00e3o e Desburocratiza\u00e7\u00e3o de Normas Trabalhistas:<\/p>\n<p>I &#8211; buscar continuamente a simplifica\u00e7\u00e3o e a desburocratiza\u00e7\u00e3o do marco regulat\u00f3rio trabalhista, de modo a observar o respeito aos direitos trabalhistas e a redu\u00e7\u00e3o dos custos de conformidade das empresas;<\/p>\n<p>II &#8211; promover a seguran\u00e7a jur\u00eddica;<\/p>\n<p>III &#8211; alcan\u00e7ar um marco regulat\u00f3rio trabalhista harm\u00f4nico, moderno e dotado de conceitos claros;<\/p>\n<p>IV &#8211; garantir a periodicidade e a perenidade do processo de consolida\u00e7\u00e3o e revis\u00e3o do marco regulat\u00f3rio trabalhista infralegal;<\/p>\n<p>V &#8211; promover a melhoria da intera\u00e7\u00e3o da Secretaria Especial de Previd\u00eancia e Trabalho do Minist\u00e9rio da Economia com os agentes regulados;<\/p>\n<p>VI &#8211; promover a participa\u00e7\u00e3o social;<\/p>\n<p>VII &#8211; ampliar a transpar\u00eancia aos trabalhadores, empregadores e operadores do direito por meio do acesso simplificado ao marco regulat\u00f3rio trabalhista infralegal;<\/p>\n<p>VIII &#8211; promover a integra\u00e7\u00e3o das pol\u00edticas de trabalho e de previd\u00eancia; e<\/p>\n<p>IX &#8211; corrigir eventuais excessos da atua\u00e7\u00e3o estatal.<\/p>\n<p>Art. 5\u00ba S\u00e3o objetivos espec\u00edficos do Programa Permanente de Consolida\u00e7\u00e3o, Simplifica\u00e7\u00e3o e Desburocratiza\u00e7\u00e3o de Normas Trabalhistas:<\/p>\n<p>I &#8211; triar e catalogar a legisla\u00e7\u00e3o trabalhista infralegal com mat\u00e9rias conexas ou afins;<\/p>\n<p>II &#8211; consolidar e garantir que atos normativos com mat\u00e9rias conexas ou afins alterem a norma consolidada e n\u00e3o sejam publicados isoladamente;<\/p>\n<p>III &#8211; garantir, em articula\u00e7\u00e3o com as \u00e1reas t\u00e9cnicas da Secretaria de Trabalho da Secretaria Especial de Previd\u00eancia e Trabalho do Minist\u00e9rio da Economia, que o reposit\u00f3rio de normas trabalhistas seja constantemente atualizado;<\/p>\n<p>IV &#8211; revogar atos normativos exauridos ou tacitamente revogados; e<\/p>\n<p>V &#8211; realizar consultas p\u00fablicas.<\/p>\n<p>Art. 6\u00ba O Programa Permanente de Consolida\u00e7\u00e3o, Simplifica\u00e7\u00e3o e Desburocratiza\u00e7\u00e3o de Normas Trabalhistas compreender\u00e1 os seguintes eixos de iniciativas:<\/p>\n<p>I &#8211; legisla\u00e7\u00e3o trabalhista;<\/p>\n<p>II &#8211; seguran\u00e7a e sa\u00fade no trabalho;<\/p>\n<p>III &#8211; rela\u00e7\u00f5es do trabalho;<\/p>\n<p>IV &#8211; pol\u00edticas p\u00fablicas de trabalho;<\/p>\n<p>V &#8211; inspe\u00e7\u00e3o do trabalho;<\/p>\n<p>VI &#8211; procedimentos de multas e recursos de processos administrativos trabalhistas;<\/p>\n<p>VII &#8211; conven\u00e7\u00f5es e recomenda\u00e7\u00f5es da Organiza\u00e7\u00e3o Internacional do Trabalho &#8211; OIT; e<\/p>\n<p>VIII &#8211; profiss\u00f5es regulamentadas.<\/p>\n<p>Par\u00e1grafo \u00fanico. A Secretaria Especial de Previd\u00eancia e Trabalho do Minist\u00e9rio da Economia poder\u00e1 incluir eixos de iniciativa relacionados \u00e0 sua \u00e1rea de atua\u00e7\u00e3o.<\/p>\n","protected":false},"excerpt":{"rendered":"<p>A Casa Civil da Presid\u00eancia colocou em consulta p\u00fablica minuta de decreto que regulamenta disposi\u00e7\u00f5es relativas \u00e0 legisla\u00e7\u00e3o trabalhista e institui o &#8220;Programa Permanente de Consolida\u00e7\u00e3o, Simplifica\u00e7\u00e3o e Desburocratiza\u00e7\u00e3o de Normas Trabalhistas e o Pr\u00eamio Nacional Trabalhista&#8221; Desde as mudan\u00e7as na legisla\u00e7\u00e3o, com a reforma trabalhista (Lei 13.467\/17), o governo, anualmente, regulamenta s normas do trabalho. A minuta, publicada hoje [&hellip;]<\/p>\n","protected":false},"author":27,"featured_media":0,"comment_status":"open","ping_status":"closed","sticky":false,"template":"","format":"standard","meta":{"footnotes":""},"categories":[2719],"tags":[1321,766,12698,1172,1769,928,408],"class_list":["post-18856","post","type-post","status-publish","format-standard","hentry","category-servidor","tag-alteracoes","tag-casa-civil","tag-consulta-publica","tag-decreto","tag-dou","tag-normas","tag-trabalhistas"],"_links":{"self":[{"href":"https:\/\/blogs.correiobraziliense.com.br\/servidor\/wp-json\/wp\/v2\/posts\/18856","targetHints":{"allow":["GET"]}}],"collection":[{"href":"https:\/\/blogs.correiobraziliense.com.br\/servidor\/wp-json\/wp\/v2\/posts"}],"about":[{"href":"https:\/\/blogs.correiobraziliense.com.br\/servidor\/wp-json\/wp\/v2\/types\/post"}],"author":[{"embeddable":true,"href":"https:\/\/blogs.correiobraziliense.com.br\/servidor\/wp-json\/wp\/v2\/users\/27"}],"replies":[{"embeddable":true,"href":"https:\/\/blogs.correiobraziliense.com.br\/servidor\/wp-json\/wp\/v2\/comments?post=18856"}],"version-history":[{"count":1,"href":"https:\/\/blogs.correiobraziliense.com.br\/servidor\/wp-json\/wp\/v2\/posts\/18856\/revisions"}],"predecessor-version":[{"id":18857,"href":"https:\/\/blogs.correiobraziliense.com.br\/servidor\/wp-json\/wp\/v2\/posts\/18856\/revisions\/18857"}],"wp:attachment":[{"href":"https:\/\/blogs.correiobraziliense.com.br\/servidor\/wp-json\/wp\/v2\/media?parent=18856"}],"wp:term":[{"taxonomy":"category","embeddable":true,"href":"https:\/\/blogs.correiobraziliense.com.br\/servidor\/wp-json\/wp\/v2\/categories?post=18856"},{"taxonomy":"post_tag","embeddable":true,"href":"https:\/\/blogs.correiobraziliense.com.br\/servidor\/wp-json\/wp\/v2\/tags?post=18856"}],"curies":[{"name":"wp","href":"https:\/\/api.w.org\/{rel}","templated":true}]}}