{"id":18853,"date":"2021-01-22T16:22:51","date_gmt":"2021-01-22T19:22:51","guid":{"rendered":"https:\/\/blogs.correiobraziliense.com.br\/servidor\/?p=18853"},"modified":"2021-01-22T16:23:13","modified_gmt":"2021-01-22T19:23:13","slug":"mobilizacoes-em-defesa-dos-servicos-publicos-a-partir-de-24-de-janeiro","status":"publish","type":"post","link":"https:\/\/blogs.correiobraziliense.com.br\/servidor\/mobilizacoes-em-defesa-dos-servicos-publicos-a-partir-de-24-de-janeiro\/","title":{"rendered":"Mobiliza\u00e7\u00f5es em defesa dos servi\u00e7os p\u00fablicos a partir de 24 de janeiro"},"content":{"rendered":"<p><em><strong>Servidores p\u00fablicos de todo o pa\u00eds estar\u00e3o engajados em uma jornada nacional de lutas em defesa dos servi\u00e7os p\u00fablicos, da vida \u00e0 frente dos lucros e pela vacina\u00e7\u00e3o imediata de toda a popula\u00e7\u00e3o, informa o F\u00f3rum das Entidades Nacionais dos Servidores P\u00fablicos Federais (Fonasefe). Em 1\u00ba de fevereiro, far\u00e3o vig\u00edlia em frente \u00e0 C\u00e2mara dos Deputados, para acompanhar a elei\u00e7\u00e3o \u00e0 presid\u00eancia da Casa<\/strong><\/em><\/p>\n<p><img loading=\"lazy\" decoding=\"async\" class=\"size-full wp-image-18762 aligncenter\" src=\"https:\/\/blogs.correiobraziliense.com.br\/servidor\/wp-content\/uploads\/sites\/10\/2021\/01\/narc\u00f3ticos.jpeg\" alt=\"\" width=\"768\" height=\"434\" srcset=\"https:\/\/blogs.correiobraziliense.com.br\/servidor\/wp-content\/uploads\/sites\/10\/2021\/01\/narc\u00f3ticos.jpeg 768w, https:\/\/blogs.correiobraziliense.com.br\/servidor\/wp-content\/uploads\/sites\/10\/2021\/01\/narc\u00f3ticos-300x170.jpeg 300w, https:\/\/blogs.correiobraziliense.com.br\/servidor\/wp-content\/uploads\/sites\/10\/2021\/01\/narc\u00f3ticos-550x311.jpeg 550w, https:\/\/blogs.correiobraziliense.com.br\/servidor\/wp-content\/uploads\/sites\/10\/2021\/01\/narc\u00f3ticos-230x130.jpeg 230w\" sizes=\"auto, (max-width: 768px) 100vw, 768px\" \/><\/p>\n<p>A jornada ter\u00e1 in\u00edcio neste domingo, 24 de janeiro, Dia Nacional das Aposentadas e dos Aposentados, e seguir\u00e1 com atividades nos estados durante toda a semana, convocadas pelo F\u00f3rum das Entidades Nacionais dos Servidores P\u00fablicos Federais (Fonasefe), e pelas coordena\u00e7\u00f5es dos f\u00f3runs estaduais, reunindo ainda servidores estaduais e municipais, e tamb\u00e9m centrais sindicais e movimentos sociais.<\/p>\n<p>O 1\u00ba de fevereiro, segunda-feira, ser\u00e1 o Dia Nacional de Lutas em defesa da vacina para todas e todos, com carreatas em diversos estados e ato em Bras\u00edlia, na C\u00e2mara dos Deputados. Os manifestantes organizar\u00e3o uma vig\u00edlia em frente ao Anexo 2 da C\u00e2mara para acompanhar a elei\u00e7\u00e3o \u00e0 presid\u00eancia da Casa, marcada para acontecer presencialmente, naquele dia.<\/p>\n<p>Os representantes do Fonasefe, que re\u00fane mais de 30 entidades sindicais representativas do Servi\u00e7o P\u00fablico Federal, argumentam que uma das principais pautas desse in\u00edcio de 2021 \u00e9 a luta por vacina contra a Covid-19, gratuita para todas e todos, pois engloba a defesa da vida das trabalhadoras e trabalhadores.<\/p>\n<p><strong>Servi\u00e7<\/strong>o:<\/p>\n<p>24\/01 \u2013 Dia Nacional dos\/as Aposentados\/as<\/p>\n<p>26\/01 &#8211; Mesa do Fonasefe no F\u00f3rum Social Mundial &#8211; 10h.<\/p>\n<p>30 e 31\/01 \u2013 mobiliza\u00e7\u00e3o nos estados organizada pelos F\u00f3runs Estaduais e Entidades de base estaduais e municipais;<\/p>\n<p>01\/02 \u2013 Dia Nacional de Luta em defesa da Vacina para todos e todas<br \/>\n10 h \u2013 Carreata nas cidades poss\u00edveis em DEFESA DA VACINA PARA TODOS E TODAS<\/p>\n<p>14 h &#8211; Ato em Bras\u00edlia: na porta do Anexo 2 da C\u00e2mara dos Deputados, protocolando a entrega do manifesto do Fonasefe aos candidatos a presidente do Legislativo e in\u00edcio da vig\u00edlia\u00a0nacional;<\/p>\n<p>20 h \u2013 Panela\u00e7o nacional.<\/p>\n<p>&nbsp;<\/p>\n","protected":false},"excerpt":{"rendered":"<p>Servidores p\u00fablicos de todo o pa\u00eds estar\u00e3o engajados em uma jornada nacional de lutas em defesa dos servi\u00e7os p\u00fablicos, da vida \u00e0 frente dos lucros e pela vacina\u00e7\u00e3o imediata de toda a popula\u00e7\u00e3o, informa o F\u00f3rum das Entidades Nacionais dos Servidores P\u00fablicos Federais (Fonasefe). Em 1\u00ba de fevereiro, far\u00e3o vig\u00edlia em frente \u00e0 C\u00e2mara dos Deputados, para acompanhar a elei\u00e7\u00e3o [&hellip;]<\/p>\n","protected":false},"author":27,"featured_media":0,"comment_status":"open","ping_status":"closed","sticky":false,"template":"","format":"standard","meta":{"footnotes":""},"categories":[2719],"tags":[1531,17256,1201,106,7421,1623,10,497,545,14379,58,16791],"class_list":["post-18853","post","type-post","status-publish","format-standard","hentry","category-servidor","tag-camara-dos-deputados","tag-covid-19","tag-defesa","tag-eleicao","tag-fonasefe","tag-jornada","tag-legislativo","tag-mobilizacoes","tag-populacao","tag-servicos-publicos","tag-servidores","tag-vacinacao"],"_links":{"self":[{"href":"https:\/\/blogs.correiobraziliense.com.br\/servidor\/wp-json\/wp\/v2\/posts\/18853","targetHints":{"allow":["GET"]}}],"collection":[{"href":"https:\/\/blogs.correiobraziliense.com.br\/servidor\/wp-json\/wp\/v2\/posts"}],"about":[{"href":"https:\/\/blogs.correiobraziliense.com.br\/servidor\/wp-json\/wp\/v2\/types\/post"}],"author":[{"embeddable":true,"href":"https:\/\/blogs.correiobraziliense.com.br\/servidor\/wp-json\/wp\/v2\/users\/27"}],"replies":[{"embeddable":true,"href":"https:\/\/blogs.correiobraziliense.com.br\/servidor\/wp-json\/wp\/v2\/comments?post=18853"}],"version-history":[{"count":2,"href":"https:\/\/blogs.correiobraziliense.com.br\/servidor\/wp-json\/wp\/v2\/posts\/18853\/revisions"}],"predecessor-version":[{"id":18855,"href":"https:\/\/blogs.correiobraziliense.com.br\/servidor\/wp-json\/wp\/v2\/posts\/18853\/revisions\/18855"}],"wp:attachment":[{"href":"https:\/\/blogs.correiobraziliense.com.br\/servidor\/wp-json\/wp\/v2\/media?parent=18853"}],"wp:term":[{"taxonomy":"category","embeddable":true,"href":"https:\/\/blogs.correiobraziliense.com.br\/servidor\/wp-json\/wp\/v2\/categories?post=18853"},{"taxonomy":"post_tag","embeddable":true,"href":"https:\/\/blogs.correiobraziliense.com.br\/servidor\/wp-json\/wp\/v2\/tags?post=18853"}],"curies":[{"name":"wp","href":"https:\/\/api.w.org\/{rel}","templated":true}]}}