{"id":18835,"date":"2021-01-21T18:03:47","date_gmt":"2021-01-21T21:03:47","guid":{"rendered":"https:\/\/blogs.correiobraziliense.com.br\/servidor\/?p=18835"},"modified":"2021-01-21T18:03:47","modified_gmt":"2021-01-21T21:03:47","slug":"o-ministro-ernesto-araujo-precisa-ser-imediatamente-demitido-diz-forca-sindical","status":"publish","type":"post","link":"https:\/\/blogs.correiobraziliense.com.br\/servidor\/o-ministro-ernesto-araujo-precisa-ser-imediatamente-demitido-diz-forca-sindical\/","title":{"rendered":"O ministro Ernesto Ara\u00fajo precisa ser imediatamente demitido, diz For\u00e7a Sindical"},"content":{"rendered":"<p><em><strong>Aumenta a press\u00e3o contra o ministro de Rela\u00e7\u00f5es Exteriores, Ernesto Ara\u00fajo, Diante da pandemia e das dificuldades de o Brasil conseguir importar vacina e insumos para o combate \u00e0 covid-19, a For\u00e7a Sindical responsabiliza o chanceler pelo pais ter sido &#8220;reduzido ao papel de p\u00e1ria e ridicularizado nos meios diplom\u00e1ticos&#8221;. &#8220;Diante deste quadro, conclu\u00edmos que para o bem do Brasil o ministro Ernesto Ara\u00fajo precisa ser demitido imediatamente&#8221;. informa, por meio de nota<\/strong><\/em><\/p>\n<p><img loading=\"lazy\" decoding=\"async\" class=\"alignright size-full wp-image-18836\" src=\"https:\/\/blogs.correiobraziliense.com.br\/servidor\/wp-content\/uploads\/sites\/10\/2021\/01\/ERNESTO-ARA\u00daJO.jpg\" alt=\"\" width=\"225\" height=\"225\" srcset=\"https:\/\/blogs.correiobraziliense.com.br\/servidor\/wp-content\/uploads\/sites\/10\/2021\/01\/ERNESTO-ARA\u00daJO.jpg 225w, https:\/\/blogs.correiobraziliense.com.br\/servidor\/wp-content\/uploads\/sites\/10\/2021\/01\/ERNESTO-ARA\u00daJO-150x150.jpg 150w\" sizes=\"auto, (max-width: 225px) 100vw, 225px\" \/><\/p>\n<p>Veja a nota da For\u00e7a Sindical:<\/p>\n<p>De todas as anomalias e irresponsabilidades perpetradas pelo governo Bolsonaro, a indica\u00e7\u00e3o de Ernesto Araujo para o cargo de ministro das Rela\u00e7\u00f5es Exteriores est\u00e1 entre as piores. Ara\u00fajo foi pin\u00e7ado de fun\u00e7\u00f5es secund\u00e1rias no Itamaraty para o cargo de ministro de Estado \u00fanica e exclusivamente por filia\u00e7\u00e3o ideol\u00f3gica a preceitos da extrema-direita. Ele \u00e9 afeito a teorias conspirat\u00f3rias bizarras e trabalhou para subordinar a pol\u00edtica brasileira ao governo do presidente americano Donald Trump, que perdeu as elei\u00e7\u00f5es e deixou o governo na \u00faltima quarta-feira, 20.<\/p>\n<p>Como consequ\u00eancia, isolou o Brasil do concerto das na\u00e7\u00f5es, nos organismos internacionais e multilaterais, problematizando sobremaneira as rela\u00e7\u00f5es com nossos principais parceiros internacionais e comerciais, como \u00e9 o caso dos BRICS, em especial a China, e do Mercosul. Com a pandemia da Covid-19, o ministro foi um dos baluartes do negacionismo, menosprezando as reais amea\u00e7as do v\u00edrus \u00e0 vida humana e \u00e0 economia.<\/p>\n<p>Com o Brasil reduzido ao papel de p\u00e1ria e ridicularizado nos meios diplom\u00e1ticos, enfrentamos hoje o que at\u00e9 pouco tempo atr\u00e1s parecia inimagin\u00e1vel: a falta de interlocutores para tratar de quest\u00f5es fundamentais como a garantia de importa\u00e7\u00e3o de suprimentos para a produ\u00e7\u00e3o de vacinas no territ\u00f3rio nacional.<\/p>\n<p>\u00c9 urgente que o governo federal resgate a pol\u00edtica externa do pa\u00eds com os tradicionais e reconhecidos preceitos historicamente formulados pelo Itamaraty, baseados na ideia de uma diplomacia independente, de rela\u00e7\u00f5es privilegiadas com os pa\u00edses em desenvolvimento, de defesa do princ\u00edpio de n\u00e3o interven\u00e7\u00e3o nos assuntos internos dos outros pa\u00edses, da \u00eanfase na agenda ambiental, de valoriza\u00e7\u00e3o dos organismos multilaterais, da coopera\u00e7\u00e3o e amizade internacionais, da pol\u00edtica ativa de defesa da paz, da democracia e dos direitos humanos.<\/p>\n<p>Diante deste quadro, conclu\u00edmos que para o bem do Brasil o ministro Ernesto Ara\u00fajo precisa ser demitido imediatamente.<\/p>\n<p>S\u00e3o Paulo, 21 de janeiro de 2021.<br \/>\nMiguel Eduardo Torres, presidente da For\u00e7a Sindical.&#8221;<\/p>\n","protected":false},"excerpt":{"rendered":"<p>Aumenta a press\u00e3o contra o ministro de Rela\u00e7\u00f5es Exteriores, Ernesto Ara\u00fajo, Diante da pandemia e das dificuldades de o Brasil conseguir importar vacina e insumos para o combate \u00e0 covid-19, a For\u00e7a Sindical responsabiliza o chanceler pelo pais ter sido &#8220;reduzido ao papel de p\u00e1ria e ridicularizado nos meios diplom\u00e1ticos&#8221;. &#8220;Diante deste quadro, conclu\u00edmos que para o bem do Brasil [&hellip;]<\/p>\n","protected":false},"author":27,"featured_media":0,"comment_status":"open","ping_status":"closed","sticky":false,"template":"","format":"standard","meta":{"footnotes":""},"categories":[2719],"tags":[13919,9747,17256,1560,7939,18683,17152,17209,870,2079,9090,1232,35,18685,6691,18684,5376,6104],"class_list":["post-18835","post","type-post","status-publish","format-standard","hentry","category-servidor","tag-chanceler","tag-comerciais","tag-covid-19","tag-demitido","tag-diplomacia","tag-ernesto-araujo","tag-extrema-direita","tag-filiacao","tag-forca-sindical","tag-ideologica","tag-insumos","tag-internacionais","tag-ministro","tag-nacoes","tag-parceiros","tag-paria","tag-relacoes","tag-vacina"],"_links":{"self":[{"href":"https:\/\/blogs.correiobraziliense.com.br\/servidor\/wp-json\/wp\/v2\/posts\/18835","targetHints":{"allow":["GET"]}}],"collection":[{"href":"https:\/\/blogs.correiobraziliense.com.br\/servidor\/wp-json\/wp\/v2\/posts"}],"about":[{"href":"https:\/\/blogs.correiobraziliense.com.br\/servidor\/wp-json\/wp\/v2\/types\/post"}],"author":[{"embeddable":true,"href":"https:\/\/blogs.correiobraziliense.com.br\/servidor\/wp-json\/wp\/v2\/users\/27"}],"replies":[{"embeddable":true,"href":"https:\/\/blogs.correiobraziliense.com.br\/servidor\/wp-json\/wp\/v2\/comments?post=18835"}],"version-history":[{"count":1,"href":"https:\/\/blogs.correiobraziliense.com.br\/servidor\/wp-json\/wp\/v2\/posts\/18835\/revisions"}],"predecessor-version":[{"id":18837,"href":"https:\/\/blogs.correiobraziliense.com.br\/servidor\/wp-json\/wp\/v2\/posts\/18835\/revisions\/18837"}],"wp:attachment":[{"href":"https:\/\/blogs.correiobraziliense.com.br\/servidor\/wp-json\/wp\/v2\/media?parent=18835"}],"wp:term":[{"taxonomy":"category","embeddable":true,"href":"https:\/\/blogs.correiobraziliense.com.br\/servidor\/wp-json\/wp\/v2\/categories?post=18835"},{"taxonomy":"post_tag","embeddable":true,"href":"https:\/\/blogs.correiobraziliense.com.br\/servidor\/wp-json\/wp\/v2\/tags?post=18835"}],"curies":[{"name":"wp","href":"https:\/\/api.w.org\/{rel}","templated":true}]}}