{"id":18828,"date":"2021-01-21T11:15:20","date_gmt":"2021-01-21T14:15:20","guid":{"rendered":"https:\/\/blogs.correiobraziliense.com.br\/servidor\/?p=18828"},"modified":"2021-01-21T11:15:20","modified_gmt":"2021-01-21T14:15:20","slug":"credito-deve-encerrar-2020-com-crescimento-de-154-aponta-pesquisa-da-febraban","status":"publish","type":"post","link":"https:\/\/blogs.correiobraziliense.com.br\/servidor\/credito-deve-encerrar-2020-com-crescimento-de-154-aponta-pesquisa-da-febraban\/","title":{"rendered":"Cr\u00e9dito deve encerrar 2020 com crescimento  de 15,4%, aponta pesquisa da Febraban"},"content":{"rendered":"<p><em><strong>A expans\u00e3o do saldo total poder\u00e1 ser a maior desde 2012. Carteira de cr\u00e9dito para empresas pode fechar o ano com o maior crescimento desde 2008<\/strong><\/em><\/p>\n<figure id=\"attachment_18829\" aria-describedby=\"caption-attachment-18829\" style=\"width: 1024px\" class=\"wp-caption alignright\"><img loading=\"lazy\" decoding=\"async\" class=\"size-large wp-image-18829\" src=\"https:\/\/blogs.correiobraziliense.com.br\/servidor\/wp-content\/uploads\/sites\/10\/2021\/01\/porquinho-1024x768.jpg\" alt=\"\" width=\"1024\" height=\"768\" srcset=\"https:\/\/blogs.correiobraziliense.com.br\/servidor\/wp-content\/uploads\/sites\/10\/2021\/01\/porquinho.jpg 1024w, https:\/\/blogs.correiobraziliense.com.br\/servidor\/wp-content\/uploads\/sites\/10\/2021\/01\/porquinho-300x225.jpg 300w, https:\/\/blogs.correiobraziliense.com.br\/servidor\/wp-content\/uploads\/sites\/10\/2021\/01\/porquinho-768x576.jpg 768w, https:\/\/blogs.correiobraziliense.com.br\/servidor\/wp-content\/uploads\/sites\/10\/2021\/01\/porquinho-800x600.jpg 800w, https:\/\/blogs.correiobraziliense.com.br\/servidor\/wp-content\/uploads\/sites\/10\/2021\/01\/porquinho-550x413.jpg 550w, https:\/\/blogs.correiobraziliense.com.br\/servidor\/wp-content\/uploads\/sites\/10\/2021\/01\/porquinho-230x173.jpg 230w\" sizes=\"auto, (max-width: 1024px) 100vw, 1024px\" \/><figcaption id=\"caption-attachment-18829\" class=\"wp-caption-text\"><em><strong>Foto: iStock<\/strong><\/em><\/figcaption><\/figure>\n<p>Caso a estimativa se confirme no pr\u00f3ximo dia 28, quando o Banco Central far\u00e1 a divulga\u00e7\u00e3o dos dados, o saldo total da carteira anual deve mostrar expans\u00e3o de 15,4% em 2020, o maior crescimento desde 2012 (+16,4%). O saldo total da carteira de cr\u00e9dito deve apresentar crescimento mensal de 1,5% em dezembro, o oitavo avan\u00e7o seguido, de acordo com a Pesquisa Especial de Cr\u00e9dito da Federa\u00e7\u00e3o Brasileira de Bancos (Febraban), divulgada mensalmente como uma pr\u00e9via da Nota de Pol\u00edtica Monet\u00e1ria e Opera\u00e7\u00f5es de Cr\u00e9dito.<\/p>\n<p>As estimativas da entidade s\u00e3o feitas com base em dados consolidados dos principais bancos do pa\u00eds, que representam, dependendo da linha, de 39% a 90% do saldo total do Sistema Financeiro Nacional, al\u00e9m de outras vari\u00e1veis macroecon\u00f4micas que impactam o mercado de cr\u00e9dito.<\/p>\n<p>De acordo com Isaac Sidney, presidente da Febraban, o levantamento mostra que o desempenho do m\u00eas deve ser mais positivo na carteira com recursos livres, com estimativa de alta de 1,9%, liderada por linhas beneficiadas pelas compras de fim de ano, como o cart\u00e3o de cr\u00e9dito \u00e0 vista (PF), e pela antecipa\u00e7\u00e3o de receb\u00edveis (PJ). A expectativa \u00e9 que a carteira com recursos livres tamb\u00e9m feche o ano de 2020 com expans\u00e3o de 15,4%. Ainda que mais contida, a carteira com recursos direcionados deve avan\u00e7ar 1% em dezembro, com estimativa de crescimento expressivo no ano, de 15,3%.<\/p>\n<p>\u201cOs bancos est\u00e3o provendo cr\u00e9dito para as empresas e as fam\u00edlias, e continuar\u00e3o focados em mitigar os impactos negativos da pandemia e ajudar no processo de recupera\u00e7\u00e3o econ\u00f4mica do pa\u00eds em 2021. Se confirmadas, as estimativas de nossa pesquisa mostram um desempenho bastante positivo do cr\u00e9dito em 2020\u201d, diz Isaac.: \u201cA expans\u00e3o de dois d\u00edgitos da carteira de cr\u00e9dito (15,4%), em um ano de forte recess\u00e3o econ\u00f4mica, foi algo muito desafiador para os bancos, mas cumprimos o nosso papel de irrigar a economia\u201d.<\/p>\n<p>De acordo com o levantamento da Febraban, a carteira de pessoa f\u00edsica deve apresentar crescimento de 1,5% em dezembro, com desempenho homog\u00eaneo entre os diferentes tipos de recursos (livre e direcionado). Enquanto a carteira com recursos livres (+1,5%) deve ser puxada pelas linhas de consumo, favorecidas pelos eventos de final de ano e pela retomada da atividade econ\u00f4mica, a carteira com recursos direcionados (+1,4%) deve seguir liderada pelo cr\u00e9dito imobili\u00e1rio, que tem se beneficiado das taxas de juros historicamente baixas. No ano, a carteira destinada \u00e0s fam\u00edlias deve crescer 10,8%.<\/p>\n<p>A Pesquisa Especial de Cr\u00e9dito mostra que a carteira de pessoas jur\u00eddicas tamb\u00e9m deve mostrar alta de 1,5% em dezembro, o 11\u00ba avan\u00e7o consecutivo. Se confirmada, fechar\u00e1 o ano com uma forte expans\u00e3o de 21,7%, a maior desde 2008 (+36,7%). O crescimento no m\u00eas deve ser liderado pela carteira com recursos livres (+2,3%), enquanto a carteira com recursos direcionados deve apresentar uma alta mensal bem mais t\u00edmida, de 0,2%, refletindo o arrefecimento dos programas p\u00fablicos de cr\u00e9dito.<\/p>\n<p><strong>Concess\u00e3o de cr\u00e9dito<\/strong><\/p>\n<p>De acordo com o levantamento, em dezembro, as concess\u00f5es de cr\u00e9dito devem apresentar crescimento mensal de 3,4%, fechando o ano de 2020 com um volume 4,9% superior ao de 2019.<\/p>\n<p>\u201cDiferente do registrado em crises anteriores, quando houve um recuo expressivo nas concess\u00f5es, desta vez, os bancos ampliaram o volume concedido, mesmo diante do aumento do risco nas opera\u00e7\u00f5es e da grande demanda por cr\u00e9dito. O volume de cr\u00e9dito destinado \u00e0s empresas, por exemplo, deve mostrar crescimento de dois d\u00edgitos no ano, uma clara contribui\u00e7\u00e3o do setor para preservar empregos e empresas\u201d, refor\u00e7a Isaac Sidney.<\/p>\n<p>No ano, o crescimento das concess\u00f5es foi liderado pelas opera\u00e7\u00f5es com recursos direcionados, que devem crescer 46,8% em 2020, estimulados pelos programas de cr\u00e9dito p\u00fablico. J\u00e1 as concess\u00f5es com recursos livres devem crescer 1% no ano, impactadas negativamente pela pandemia e pelo menor consumo das fam\u00edlias, afetando principalmente as linhas mais c\u00edclicas, como o cart\u00e3o de cr\u00e9dito e a aquisi\u00e7\u00e3o de ve\u00edculos.<\/p>\n<p>Em dezembro, a expans\u00e3o deve ser puxada pelas concess\u00f5es com recursos livres \u00e0s empresas, que devem apresentar alta de 12,4%. O resultado deve ser impulsionado pelas linhas sazonais, como desconto de duplicatas e receb\u00edveis e antecipa\u00e7\u00e3o de faturas de cart\u00e3o, beneficiadas pelas compras de final de ano, que proporcionam a antecipa\u00e7\u00e3o destes recursos pelos lojistas.<\/p>\n<p>J\u00e1 as concess\u00f5es para pessoa jur\u00eddica com recursos direcionados dever\u00e3o apresentar retra\u00e7\u00e3o de 33,1% no m\u00eas de dezembro, impactadas pela natural redu\u00e7\u00e3o dos est\u00edmulos dos programas p\u00fablicos de cr\u00e9dito, embora se mantenham em elevado patamar, cerca de 32% acima do n\u00edvel de dez de 2019. De toda forma, no ano, as concess\u00f5es PJ com recursos direcionados deve quase dobrar na compara\u00e7\u00e3o com o ano anterior, com crescimento de 99%, o maior da s\u00e9rie, iniciada em 2011.<\/p>\n<p>A Pesquisa Especial de Cr\u00e9dito da Febraban mostra ainda mostra que as concess\u00f5es de cr\u00e9dito para pessoas f\u00edsicas devem apresentar alta mensal de 0,6%, com desempenho diferenciado entre os recursos. A linha com recursos direcionados deve avan\u00e7ar 11% no m\u00eas, devido \u00e0 alta demanda que tem sido observada pelo cr\u00e9dito imobili\u00e1rio. As linhas com recursos livres, por sua vez, devem recuar 0,9%, impactadas pelo avan\u00e7o da doen\u00e7a e por novas medidas restritivas de mobilidade, que prejudicaram o consumo das fam\u00edlias em dezembro, embora o volume de concess\u00f5es permane\u00e7a em patamar elevado.<\/p>\n<p>Veja a <a href=\"https:\/\/cmsportal.febraban.org.br\/Arquivos\/documentos\/PDF\/Pesquisa%20Especial%20Cr%C3%A9dito_dezembro_20%20-%20imprensa.pdf\">Pesquisa Especial de Cr\u00e9dito<\/a>.<\/p>\n","protected":false},"excerpt":{"rendered":"<p>A expans\u00e3o do saldo total poder\u00e1 ser a maior desde 2012. Carteira de cr\u00e9dito para empresas pode fechar o ano com o maior crescimento desde 2008 Caso a estimativa se confirme no pr\u00f3ximo dia 28, quando o Banco Central far\u00e1 a divulga\u00e7\u00e3o dos dados, o saldo total da carteira anual deve mostrar expans\u00e3o de 15,4% em 2020, o maior crescimento [&hellip;]<\/p>\n","protected":false},"author":27,"featured_media":0,"comment_status":"open","ping_status":"closed","sticky":false,"template":"","format":"standard","meta":{"footnotes":""},"categories":[2719],"tags":[3454,744,18678,2802,1767,334,4898,1445,2552,3615,18093,489,17255,10100,10461,319,15834,2595,2142,316],"class_list":["post-18828","post","type-post","status-publish","format-standard","hentry","category-servidor","tag-atividade","tag-bancos","tag-compromissados","tag-consumo","tag-credito","tag-expansao","tag-familias","tag-febraban","tag-levantamento","tag-linhas","tag-livres","tag-mercado","tag-pandemia","tag-pessoas-fisicas","tag-pessoas-juridicas","tag-pf","tag-pj","tag-recessao","tag-recuperacao","tag-recursos"],"_links":{"self":[{"href":"https:\/\/blogs.correiobraziliense.com.br\/servidor\/wp-json\/wp\/v2\/posts\/18828","targetHints":{"allow":["GET"]}}],"collection":[{"href":"https:\/\/blogs.correiobraziliense.com.br\/servidor\/wp-json\/wp\/v2\/posts"}],"about":[{"href":"https:\/\/blogs.correiobraziliense.com.br\/servidor\/wp-json\/wp\/v2\/types\/post"}],"author":[{"embeddable":true,"href":"https:\/\/blogs.correiobraziliense.com.br\/servidor\/wp-json\/wp\/v2\/users\/27"}],"replies":[{"embeddable":true,"href":"https:\/\/blogs.correiobraziliense.com.br\/servidor\/wp-json\/wp\/v2\/comments?post=18828"}],"version-history":[{"count":1,"href":"https:\/\/blogs.correiobraziliense.com.br\/servidor\/wp-json\/wp\/v2\/posts\/18828\/revisions"}],"predecessor-version":[{"id":18830,"href":"https:\/\/blogs.correiobraziliense.com.br\/servidor\/wp-json\/wp\/v2\/posts\/18828\/revisions\/18830"}],"wp:attachment":[{"href":"https:\/\/blogs.correiobraziliense.com.br\/servidor\/wp-json\/wp\/v2\/media?parent=18828"}],"wp:term":[{"taxonomy":"category","embeddable":true,"href":"https:\/\/blogs.correiobraziliense.com.br\/servidor\/wp-json\/wp\/v2\/categories?post=18828"},{"taxonomy":"post_tag","embeddable":true,"href":"https:\/\/blogs.correiobraziliense.com.br\/servidor\/wp-json\/wp\/v2\/tags?post=18828"}],"curies":[{"name":"wp","href":"https:\/\/api.w.org\/{rel}","templated":true}]}}