{"id":18822,"date":"2021-01-20T15:58:18","date_gmt":"2021-01-20T18:58:18","guid":{"rendered":"https:\/\/blogs.correiobraziliense.com.br\/servidor\/?p=18822"},"modified":"2021-01-20T15:58:18","modified_gmt":"2021-01-20T18:58:18","slug":"centrais-sindicais-fecham-acordo-historico-com-governo-da-venezuela-para-fornecimento-de-oxigenio-a-manaus","status":"publish","type":"post","link":"https:\/\/blogs.correiobraziliense.com.br\/servidor\/centrais-sindicais-fecham-acordo-historico-com-governo-da-venezuela-para-fornecimento-de-oxigenio-a-manaus\/","title":{"rendered":"Centrais sindicais fecham acordo hist\u00f3rico com governo da Venezuela para fornecimento de oxig\u00eanio a Manaus"},"content":{"rendered":"<p><em><strong>Pa\u00eds de Nicol\u00e1s Maduro enviar\u00e1, semanalmente, 80 mil metros c\u00fabicos do\u00a0insumo \u00e0 capital do Amazonas. Centrais far\u00e3o a capta\u00e7\u00e3o, transporte e distribui\u00e7\u00e3o.\u00a0Volume equivale a tr\u00eas dias de produ\u00e7\u00e3o das f\u00e1bricas locais. O primeiro comboio deve chegar ao Brasil na semana que vem<\/strong><\/em><\/p>\n<p><img loading=\"lazy\" decoding=\"async\" class=\"alignright size-full wp-image-18823\" src=\"https:\/\/blogs.correiobraziliense.com.br\/servidor\/wp-content\/uploads\/sites\/10\/2021\/01\/imagenes-del-mapa-de-venezuela-1.jpg\" alt=\"\" width=\"490\" height=\"372\" srcset=\"https:\/\/blogs.correiobraziliense.com.br\/servidor\/wp-content\/uploads\/sites\/10\/2021\/01\/imagenes-del-mapa-de-venezuela-1.jpg 490w, https:\/\/blogs.correiobraziliense.com.br\/servidor\/wp-content\/uploads\/sites\/10\/2021\/01\/imagenes-del-mapa-de-venezuela-1-300x228.jpg 300w, https:\/\/blogs.correiobraziliense.com.br\/servidor\/wp-content\/uploads\/sites\/10\/2021\/01\/imagenes-del-mapa-de-venezuela-1-230x175.jpg 230w\" sizes=\"auto, (max-width: 490px) 100vw, 490px\" \/><\/p>\n<p>CUT, For\u00e7a, UGT, CTB, CSB, NCST, que comp\u00f5em o F\u00f3rum das Centrais Sindicais, informam que acabam de firmar\u00a0um acordo hist\u00f3rico com o governo da Venezuela para otimizar e ampliar o fornecimento de\u00a0oxig\u00eanio hospitalar a Manaus. A capital do Amazonas enfrenta o mais dram\u00e1tico quadro da\u00a0pandemia no Brasil, por falta desse insumo essencial aos pacientes internados com Covid-19.<\/p>\n<p>Pelo acordo de \u201ccolabora\u00e7\u00e3o e solidariedade de classe\u201d, a Venezuela enviar\u00e1 80 mil litros por\u00a0semana de oxig\u00eanio hospitalar \u00e0 capital do Amazonas. As Centrais mobilizar\u00e3o o trabalho de log\u00edstica\u00a0(transporte e distribui\u00e7\u00e3o do produto). \u201cEstamos mostrando como se faz a diplomacia dos\u00a0trabalhadores\u201d, afirmam os presidentes das centrais.<\/p>\n<p>Esse volume de oxig\u00eanio que ser\u00e1 enviado a Manaus semanalmente, conforme o acordo entre o\u00a0governo venezuelano e o F\u00f3rum das Centrais, \u00e9 equivalente \u00e0 soma de tr\u00eas dias de produ\u00e7\u00e3o das\u00a0f\u00e1bricas locais que fornecem o insumo \u00e0 capital amazonense.<\/p>\n<p>O primeiro comboio com oxig\u00eanio deve chegar ao Brasil na semana que vem. As centrais sindicais\u00a0v\u00e3o mobilizar todos os seus entes \u2013 estaduais, sindicatos, federa\u00e7\u00f5es, confedera\u00e7\u00f5es \u2013 e tamb\u00e9m a\u00a0IndustriAll Brasil neste trabalho urgente para garantir o envio de caminh\u00f5es \u00e0 Venezuela para a\u00a0retirada do oxig\u00eanio que ser\u00e1 levado e distribu\u00eddo em Manaus.<\/p>\n<p>\u201c\u00c9 uma troca baseada na coopera\u00e7\u00e3o\u00a0e isso se chama solidariedade de classe\u201d, afirmam os presidentes das Centrais.\u00a0Os dirigentes tamb\u00e9m j\u00e1 iniciaram hoje (20) o contato com os governos estadual e local para\u00a0articular e encaminhar essa coopera\u00e7\u00e3o e tamb\u00e9m com a iniciativa privada, especialmente o setor\u00a0de transporte e autope\u00e7as.<\/p>\n<p>O objetivo \u00e9 conseguir pe\u00e7as e insumos para garantir a escala da\u00a0produ\u00e7\u00e3o da f\u00e1brica de oxig\u00eanio e de caminh\u00f5es. A Venezuela enfrenta embargo dos Estados Unidos\u00a0e falta de produtos e n\u00e3o \u00e9 reconhecida pelo governo Bolsonaro.<\/p>\n<p>\u201cLamento que o Brasil enfrente um boicote do seu pr\u00f3prio presidente da Rep\u00fablica. N\u00f3s sabemos\u00a0bem o que \u00e9 sofrer um boicote, mas aqui na Venezuela temos governo, temos um presidente que\u00a0governa para o povo e pelo povo\u201d, disse o ministro das Rela\u00e7\u00f5es Exteriores venezuelano, Jorge\u00a0Arreaza, ao F\u00f3rum.<\/p>\n<p>O governo Maduro respondeu rapidamente ao chamado do F\u00f3rum das Centrais feito na semana\u00a0passada. Foram duas reuni\u00f5es seguidas: a primeira, pol\u00edtica,na noite desta ter\u00e7a-feira (19),\u00a0com o ministro das Rela\u00e7\u00f5es Exteriores da Venezuela, Jorge Arreaza e a segunda, t\u00e9cnica, na manh\u00e3\u00a0de hoje (20), com o vice-ministro Carlos Ron e Pedro Maldonado, presidente da Corporacion\u00a0Venezoelana de Guayana, que produz o oxig\u00eanio.<\/p>\n<p>A Venezuela j\u00e1 doou e entregou, com sua frota,\u00a0mais de 130 mil metros c\u00fabicos de oxig\u00eanio ao Brasil, apesar de o governo Maduro n\u00e3o ser\u00a0reconhecido pelo governo Bolsonaro, que apoia o boicote dos Estados Unidos imposto pelo pa\u00eds.<\/p>\n<p>\u201cSabemos da dificuldade pela qual o Brasil est\u00e1 passando e sabemos da import\u00e2ncia da\u00a0solidariedade entre trabalhadores. Nosso presidente Nicol\u00e1s Maduro vem da luta sindical, por isso\u00a0quis dar uma resposta imediata ao chamado das centrais brasileiras\u201d, afirmou hoje (20) o vice-ministro das Rela\u00e7\u00f5es Exteriores da Venezuela, Carlos Ron, aos presidentes das centrais.<\/p>\n<p>Os dirigentes sindicais brasileiros agradeceram e destacaram a import\u00e2ncia desse acordo, que\u00a0salvar\u00e1 vidas ante \u201cum governo brasileiro genocida, incompetente, negacionista e omisso\u201d. \u201cToda\u00a0gratid\u00e3o ao povo e ao governo venezuelano\u201d, disseram eles.<\/p>\n","protected":false},"excerpt":{"rendered":"<p>Pa\u00eds de Nicol\u00e1s Maduro enviar\u00e1, semanalmente, 80 mil metros c\u00fabicos do\u00a0insumo \u00e0 capital do Amazonas. Centrais far\u00e3o a capta\u00e7\u00e3o, transporte e distribui\u00e7\u00e3o.\u00a0Volume equivale a tr\u00eas dias de produ\u00e7\u00e3o das f\u00e1bricas locais. O primeiro comboio deve chegar ao Brasil na semana que vem CUT, For\u00e7a, UGT, CTB, CSB, NCST, que comp\u00f5em o F\u00f3rum das Centrais Sindicais, informam que acabam de firmar\u00a0um [&hellip;]<\/p>\n","protected":false},"author":27,"featured_media":0,"comment_status":"open","ping_status":"closed","sticky":false,"template":"","format":"standard","meta":{"footnotes":""},"categories":[2719],"tags":[112,3600,164,8399,1101,18420,17256,1723,2383,999,3534,4404,2855,18677,98,8157,18676,3689,12688,3328,18675,17255,2372,3714,2966,8051],"class_list":["post-18822","post","type-post","status-publish","format-standard","hentry","category-servidor","tag-acordo","tag-amazonas","tag-brasil","tag-captacao","tag-centrais-sindicais","tag-comboio","tag-covid-19","tag-csb","tag-ctb","tag-cut","tag-distribuicao","tag-fabricas","tag-forca","tag-forum-das-centrais-sindicais","tag-governo","tag-hospitalar","tag-insumo","tag-logistica","tag-manaus","tag-ncst","tag-oxigenio","tag-pandemia","tag-producao","tag-transporte","tag-ugt","tag-venezuela"],"_links":{"self":[{"href":"https:\/\/blogs.correiobraziliense.com.br\/servidor\/wp-json\/wp\/v2\/posts\/18822","targetHints":{"allow":["GET"]}}],"collection":[{"href":"https:\/\/blogs.correiobraziliense.com.br\/servidor\/wp-json\/wp\/v2\/posts"}],"about":[{"href":"https:\/\/blogs.correiobraziliense.com.br\/servidor\/wp-json\/wp\/v2\/types\/post"}],"author":[{"embeddable":true,"href":"https:\/\/blogs.correiobraziliense.com.br\/servidor\/wp-json\/wp\/v2\/users\/27"}],"replies":[{"embeddable":true,"href":"https:\/\/blogs.correiobraziliense.com.br\/servidor\/wp-json\/wp\/v2\/comments?post=18822"}],"version-history":[{"count":1,"href":"https:\/\/blogs.correiobraziliense.com.br\/servidor\/wp-json\/wp\/v2\/posts\/18822\/revisions"}],"predecessor-version":[{"id":18824,"href":"https:\/\/blogs.correiobraziliense.com.br\/servidor\/wp-json\/wp\/v2\/posts\/18822\/revisions\/18824"}],"wp:attachment":[{"href":"https:\/\/blogs.correiobraziliense.com.br\/servidor\/wp-json\/wp\/v2\/media?parent=18822"}],"wp:term":[{"taxonomy":"category","embeddable":true,"href":"https:\/\/blogs.correiobraziliense.com.br\/servidor\/wp-json\/wp\/v2\/categories?post=18822"},{"taxonomy":"post_tag","embeddable":true,"href":"https:\/\/blogs.correiobraziliense.com.br\/servidor\/wp-json\/wp\/v2\/tags?post=18822"}],"curies":[{"name":"wp","href":"https:\/\/api.w.org\/{rel}","templated":true}]}}