{"id":18817,"date":"2021-01-19T13:43:49","date_gmt":"2021-01-19T16:43:49","guid":{"rendered":"https:\/\/blogs.correiobraziliense.com.br\/servidor\/?p=18817"},"modified":"2021-01-19T13:43:49","modified_gmt":"2021-01-19T16:43:49","slug":"manifestacao-nacional-pelo-emprego-e-contra-as-milhares-de-demissoes-na-ford","status":"publish","type":"post","link":"https:\/\/blogs.correiobraziliense.com.br\/servidor\/manifestacao-nacional-pelo-emprego-e-contra-as-milhares-de-demissoes-na-ford\/","title":{"rendered":"Manifesta\u00e7\u00e3o nacional pelo emprego e contra as milhares de demiss\u00f5es na Ford"},"content":{"rendered":"<p><em><strong>Centrais sindicais convocam manifesta\u00e7\u00e3o nacional na quinta-feira (21), em frente \u00e0s concession\u00e1rias Ford em cada capital de Estado. Em S\u00e3o Paulo, ser\u00e1 na\u00a0Avenida Dr. Ricardo Jafet, 1.259, a\u00a0partir das 10 horas<\/strong><\/em><\/p>\n<p><img loading=\"lazy\" decoding=\"async\" class=\"alignright size-full wp-image-18818\" src=\"https:\/\/blogs.correiobraziliense.com.br\/servidor\/wp-content\/uploads\/sites\/10\/2021\/01\/Ford-r\u00e1dio-pe\u00e3o.jpg\" alt=\"\" width=\"680\" height=\"453\" \/><\/p>\n<p><em><strong>Foto: R\u00e1dio Pe\u00e3o Brasil<\/strong><\/em><\/p>\n<p>O lema, de acordo com Jos\u00e9 Carlos Gon\u00e7alves, o Juruna, da For\u00e7a Sindical, \u00e9 &#8220;Todos pelo emprego e contra o fechamento da Ford no Brasil&#8221;. &#8220;Conforme combinado com as centrais sindicais, orientamos todas as nossas entidades filiadas a apoiarem e fazerem manifesta\u00e7\u00f5es, principalmente nas capitais, em frente a uma concession\u00e1ria Ford&#8221;, reitera Juruna.<\/p>\n<p><strong>Causa: Todos pelo emprego e contra o fechamento da Ford no Brasil.<\/strong><br \/>\nData: 21\/01\/2021<br \/>\nLocal: Em frente as concession\u00e1rias Ford em cada capital de Estado<\/p>\n<p><strong>Local em S\u00e3o Paulo:<\/strong><br \/>\nAv. Dr. Ricardo Jafet, 1.259<br \/>\nHor\u00e1rio: a partir das 10 horas<\/p>\n","protected":false},"excerpt":{"rendered":"<p>Centrais sindicais convocam manifesta\u00e7\u00e3o nacional na quinta-feira (21), em frente \u00e0s concession\u00e1rias Ford em cada capital de Estado. Em S\u00e3o Paulo, ser\u00e1 na\u00a0Avenida Dr. Ricardo Jafet, 1.259, a\u00a0partir das 10 horas Foto: R\u00e1dio Pe\u00e3o Brasil O lema, de acordo com Jos\u00e9 Carlos Gon\u00e7alves, o Juruna, da For\u00e7a Sindical, \u00e9 &#8220;Todos pelo emprego e contra o fechamento da Ford no Brasil&#8221;. [&hellip;]<\/p>\n","protected":false},"author":27,"featured_media":0,"comment_status":"open","ping_status":"closed","sticky":false,"template":"","format":"standard","meta":{"footnotes":""},"categories":[2719],"tags":[1463,1101,6739,606,197,1151,70],"class_list":["post-18817","post","type-post","status-publish","format-standard","hentry","category-servidor","tag-capital","tag-centrais-sindicais","tag-concessionarias","tag-demissoes","tag-emprego","tag-manifestacao","tag-nacional"],"_links":{"self":[{"href":"https:\/\/blogs.correiobraziliense.com.br\/servidor\/wp-json\/wp\/v2\/posts\/18817","targetHints":{"allow":["GET"]}}],"collection":[{"href":"https:\/\/blogs.correiobraziliense.com.br\/servidor\/wp-json\/wp\/v2\/posts"}],"about":[{"href":"https:\/\/blogs.correiobraziliense.com.br\/servidor\/wp-json\/wp\/v2\/types\/post"}],"author":[{"embeddable":true,"href":"https:\/\/blogs.correiobraziliense.com.br\/servidor\/wp-json\/wp\/v2\/users\/27"}],"replies":[{"embeddable":true,"href":"https:\/\/blogs.correiobraziliense.com.br\/servidor\/wp-json\/wp\/v2\/comments?post=18817"}],"version-history":[{"count":1,"href":"https:\/\/blogs.correiobraziliense.com.br\/servidor\/wp-json\/wp\/v2\/posts\/18817\/revisions"}],"predecessor-version":[{"id":18819,"href":"https:\/\/blogs.correiobraziliense.com.br\/servidor\/wp-json\/wp\/v2\/posts\/18817\/revisions\/18819"}],"wp:attachment":[{"href":"https:\/\/blogs.correiobraziliense.com.br\/servidor\/wp-json\/wp\/v2\/media?parent=18817"}],"wp:term":[{"taxonomy":"category","embeddable":true,"href":"https:\/\/blogs.correiobraziliense.com.br\/servidor\/wp-json\/wp\/v2\/categories?post=18817"},{"taxonomy":"post_tag","embeddable":true,"href":"https:\/\/blogs.correiobraziliense.com.br\/servidor\/wp-json\/wp\/v2\/tags?post=18817"}],"curies":[{"name":"wp","href":"https:\/\/api.w.org\/{rel}","templated":true}]}}