{"id":18814,"date":"2021-01-18T21:23:46","date_gmt":"2021-01-19T00:23:46","guid":{"rendered":"https:\/\/blogs.correiobraziliense.com.br\/servidor\/?p=18814"},"modified":"2021-01-18T21:23:46","modified_gmt":"2021-01-19T00:23:46","slug":"bancarios-da-caixa-fazem-campanha-para-ajudar-manaus-a-enfrentar-covid-19","status":"publish","type":"post","link":"https:\/\/blogs.correiobraziliense.com.br\/servidor\/bancarios-da-caixa-fazem-campanha-para-ajudar-manaus-a-enfrentar-covid-19\/","title":{"rendered":"Banc\u00e1rios da Caixa fazem campanha para ajudar Manaus a enfrentar covid-19"},"content":{"rendered":"<p><em><strong>Associa\u00e7\u00e3o do Pessoal da Caixa Econ\u00f4mica Federal no Amazonas (Apcef\/AM), com apoio da Federa\u00e7\u00e3o Nacional das Associa\u00e7\u00f5es do Pessoal da Caixa (Fenae), faz campanha de arrecada\u00e7\u00e3o de recursos e insumos para popula\u00e7\u00e3o da capital amazonense, como m\u00e1scaras, capotes e luvas. At\u00e9 alimentos est\u00e3o sendo arrecadados. Fenae est\u00e1 mobilizando empregados da Caixa de todo o pa\u00eds para ampliar doa\u00e7\u00f5es<\/strong><\/em><\/p>\n<p><img loading=\"lazy\" decoding=\"async\" class=\"alignright size-large wp-image-18815\" src=\"https:\/\/blogs.correiobraziliense.com.br\/servidor\/wp-content\/uploads\/sites\/10\/2021\/01\/doa\u00e7\u00e3o-funcion\u00e1rios-caixa-1024x682.jpg\" alt=\"\" width=\"1024\" height=\"682\" \/><\/p>\n<p>O estado do Amazonas vive um colapso na \u00e1rea da sa\u00fade ela escassez de oxig\u00eanio e de outros insumos hospitalares para pacientes em estado grave. Manaus \u00e9 uma das cidades mais afetadas pela pandemia do coronav\u00edrus e enfrenta, junto com a sobrecarga do sistema de sa\u00fade, o aumento do n\u00famero de mortes pela doen\u00e7a. Sensibilizada com essa situa\u00e7\u00e3o dram\u00e1tica, a Associa\u00e7\u00e3o do Pessoal da Caixa Econ\u00f4mica Federal no Amazonas (Apcef\/AM) \u2014 com o apoio da Federa\u00e7\u00e3o Nacional das Associa\u00e7\u00f5es do Pessoal da Caixa (Fenae) \u2014 faz campanha de arrecada\u00e7\u00e3o de recursos e insumos para a popula\u00e7\u00e3o de Manaus, como m\u00e1scaras, capotes e luvas.<\/p>\n<p>A campanha da Apcef\/AM conta com a ades\u00e3o de empregados da Caixa lotados nas unidades do banco em Manaus. Os banc\u00e1rios est\u00e3o fazendo doa\u00e7\u00f5es financeiras em uma conta corrente espec\u00edfica aberta pela Associa\u00e7\u00e3o: Ag\u00eancia Caixa 1548, Opera\u00e7\u00e3o 003, Conta Corrente 2000-9 (CNPJ 04.170.338\/0001-42).<\/p>\n<p>O presidente da Apcef\/AM, Osmar Pantoja da Silva, afirma que \u00e9 mais do que urgente a busca de solu\u00e7\u00f5es para essa trag\u00e9dia anunciada.\u00a0A Fenae, tamb\u00e9m consternada com a situa\u00e7\u00e3o, est\u00e1 mobilizando os banc\u00e1rios da Caixa de todo o pa\u00eds com o objetivo de ampliar o aux\u00edlio \u00e0 capital do Amazonas.<\/p>\n<p><strong>Vacina\u00e7\u00e3o<\/strong><\/p>\n<p>No domingo (17), a Anvisa aprovou o uso emergencial das vacinas contra a covid-19 produzidas pelo Butantan e pela Fiocruz.\u00a0Por meio de of\u00edcio, o presidente da Fenae solicitou ao ministro Pazuello a inclus\u00e3o dos empregados da Caixa no grupo priorit\u00e1rio de vacina\u00e7\u00e3o. Sergio Takemoto destaca que os banc\u00e1rios atendem a um p\u00fablico volumoso e em ambiente fechado.<\/p>\n<p>Somente em 2020, durante o pagamento do aux\u00edlio emergencial, cerca de 120 milh\u00f5es de brasileiros foram atendidos pelo banco. Al\u00e9m deste benef\u00edcio, a Caixa Econ\u00f4mica Federal tamb\u00e9m \u00e9 respons\u00e1vel pela administra\u00e7\u00e3o do Fundo de Garantia do Tempo de Servi\u00e7o (FGTS) e de outros programas sociais, que demandam atendimento presencial. Estas atividades, segundo o of\u00edcio enviado pela federa\u00e7\u00e3o, s\u00e3o \u201cessenciais para a sobreviv\u00eancia da popula\u00e7\u00e3o\u201d.<\/p>\n<p>\u201cCompreendemos que a vacina\u00e7\u00e3o desse p\u00fablico prioritariamente [banc\u00e1rios da Caixa] contribuir\u00e1 para diminuir a dissemina\u00e7\u00e3o do coronav\u00edrus, no momento em que temos tido not\u00edcias de novas cepas circulando no pa\u00eds. Considerando a frequente exposi\u00e7\u00e3o dos banc\u00e1rios ao v\u00edrus no contato com c\u00e9dulas, documentos e caixas eletr\u00f4nicos, tal medida ser\u00e1 positiva tanto para a popula\u00e7\u00e3o quanto para os trabalhadores do banco\u201d, diz o of\u00edcio da Fenae.<\/p>\n","protected":false},"excerpt":{"rendered":"<p>Associa\u00e7\u00e3o do Pessoal da Caixa Econ\u00f4mica Federal no Amazonas (Apcef\/AM), com apoio da Federa\u00e7\u00e3o Nacional das Associa\u00e7\u00f5es do Pessoal da Caixa (Fenae), faz campanha de arrecada\u00e7\u00e3o de recursos e insumos para popula\u00e7\u00e3o da capital amazonense, como m\u00e1scaras, capotes e luvas. At\u00e9 alimentos est\u00e3o sendo arrecadados. Fenae est\u00e1 mobilizando empregados da Caixa de todo o pa\u00eds para ampliar doa\u00e7\u00f5es O estado [&hellip;]<\/p>\n","protected":false},"author":27,"featured_media":0,"comment_status":"open","ping_status":"closed","sticky":false,"template":"","format":"standard","meta":{"footnotes":""},"categories":[2719],"tags":[],"class_list":["post-18814","post","type-post","status-publish","format-standard","hentry","category-servidor"],"_links":{"self":[{"href":"https:\/\/blogs.correiobraziliense.com.br\/servidor\/wp-json\/wp\/v2\/posts\/18814","targetHints":{"allow":["GET"]}}],"collection":[{"href":"https:\/\/blogs.correiobraziliense.com.br\/servidor\/wp-json\/wp\/v2\/posts"}],"about":[{"href":"https:\/\/blogs.correiobraziliense.com.br\/servidor\/wp-json\/wp\/v2\/types\/post"}],"author":[{"embeddable":true,"href":"https:\/\/blogs.correiobraziliense.com.br\/servidor\/wp-json\/wp\/v2\/users\/27"}],"replies":[{"embeddable":true,"href":"https:\/\/blogs.correiobraziliense.com.br\/servidor\/wp-json\/wp\/v2\/comments?post=18814"}],"version-history":[{"count":1,"href":"https:\/\/blogs.correiobraziliense.com.br\/servidor\/wp-json\/wp\/v2\/posts\/18814\/revisions"}],"predecessor-version":[{"id":18816,"href":"https:\/\/blogs.correiobraziliense.com.br\/servidor\/wp-json\/wp\/v2\/posts\/18814\/revisions\/18816"}],"wp:attachment":[{"href":"https:\/\/blogs.correiobraziliense.com.br\/servidor\/wp-json\/wp\/v2\/media?parent=18814"}],"wp:term":[{"taxonomy":"category","embeddable":true,"href":"https:\/\/blogs.correiobraziliense.com.br\/servidor\/wp-json\/wp\/v2\/categories?post=18814"},{"taxonomy":"post_tag","embeddable":true,"href":"https:\/\/blogs.correiobraziliense.com.br\/servidor\/wp-json\/wp\/v2\/tags?post=18814"}],"curies":[{"name":"wp","href":"https:\/\/api.w.org\/{rel}","templated":true}]}}