{"id":18803,"date":"2021-01-18T14:56:43","date_gmt":"2021-01-18T17:56:43","guid":{"rendered":"https:\/\/blogs.correiobraziliense.com.br\/servidor\/?p=18803"},"modified":"2021-01-18T14:56:43","modified_gmt":"2021-01-18T17:56:43","slug":"mpf-quer-que-ministerio-da-saude-informe-sobre-inclusao-de-quilombolas-na-primeira-fase-de-vacinacao-contra-covid-19","status":"publish","type":"post","link":"https:\/\/blogs.correiobraziliense.com.br\/servidor\/mpf-quer-que-ministerio-da-saude-informe-sobre-inclusao-de-quilombolas-na-primeira-fase-de-vacinacao-contra-covid-19\/","title":{"rendered":"MPF quer que Minist\u00e9rio da Sa\u00fade informe sobre inclus\u00e3o de quilombolas na primeira fase de vacina\u00e7\u00e3o contra covid-19"},"content":{"rendered":"<p><em><strong>O Minist\u00e9rio P\u00fablico Federal (MPF\/RJ) pede \u00e0 Secretaria de Vigil\u00e2ncia em Sa\u00fade do Minist\u00e9rio da Sa\u00fade e ao Estado do Rio de Janeiro informa\u00e7\u00f5es sobre a inclus\u00e3o de quilombolas na primeira fase da campanha de vacina\u00e7\u00e3o contra a covid-19, de acordo com o Plano Nacional de Vacina\u00e7\u00e3o e a Lei 14.021\/2020. Caso o grupo n\u00e3o tenha sido inclu\u00eddo, as institui\u00e7\u00f5es devem informar as medidas imediatas para a a\u00e7\u00e3o, em 24 horas<\/strong><\/em><\/p>\n<p><img loading=\"lazy\" decoding=\"async\" class=\"alignright size-full wp-image-18804\" src=\"https:\/\/blogs.correiobraziliense.com.br\/servidor\/wp-content\/uploads\/sites\/10\/2021\/01\/quilombolas.png\" alt=\"\" width=\"400\" height=\"266\" srcset=\"https:\/\/blogs.correiobraziliense.com.br\/servidor\/wp-content\/uploads\/sites\/10\/2021\/01\/quilombolas.png 400w, https:\/\/blogs.correiobraziliense.com.br\/servidor\/wp-content\/uploads\/sites\/10\/2021\/01\/quilombolas-300x200.png 300w, https:\/\/blogs.correiobraziliense.com.br\/servidor\/wp-content\/uploads\/sites\/10\/2021\/01\/quilombolas-230x153.png 230w\" sizes=\"auto, (max-width: 400px) 100vw, 400px\" \/><\/p>\n<p><em><strong>Arte: Secom MPF\/RJ<\/strong><\/em><\/p>\n<p>O procurador da Rep\u00fablica Leandro Mitidieri deu um prazo de 24 horas para as autarquias apresentarem as informa\u00e7\u00f5es. A urg\u00eancia se deve ao pronunciamento do Ministro da Sa\u00fade Eduardo Pazuello na manh\u00e3 desta segunda-feira (18), anunciando o in\u00edcio da vacina\u00e7\u00e3o nos estados para 18 de janeiro at\u00e9 o final do dia, antecipando a data ent\u00e3o prevista para o dia 20 de janeiro, sem mencionar os quilombolas no grupo priorit\u00e1rio.<\/p>\n<p>\u201cEspera-se um esclarecimento imediato em face da urg\u00eancia da quest\u00e3o e por se tratar de um direito expressamente previsto na lei espec\u00edfica para o covid-19 do ano passado\u201d, alerta o procurador da Rep\u00fablica Leandro Mitidieri.\u00a0A Lei 14.021\/2020 institui medidas para evitar o cont\u00e1gio e a dissemina\u00e7\u00e3o da doen\u00e7a entre povos e comunidades tradicionais brasileiras, tais como ind\u00edgenas e quilombolas. Para garantir esses direitos, o MPF instaurou o Procedimento n\u00b0 1.30.009.000085\/2020-1.<\/p>\n","protected":false},"excerpt":{"rendered":"<p>O Minist\u00e9rio P\u00fablico Federal (MPF\/RJ) pede \u00e0 Secretaria de Vigil\u00e2ncia em Sa\u00fade do Minist\u00e9rio da Sa\u00fade e ao Estado do Rio de Janeiro informa\u00e7\u00f5es sobre a inclus\u00e3o de quilombolas na primeira fase da campanha de vacina\u00e7\u00e3o contra a covid-19, de acordo com o Plano Nacional de Vacina\u00e7\u00e3o e a Lei 14.021\/2020. Caso o grupo n\u00e3o tenha sido inclu\u00eddo, as institui\u00e7\u00f5es [&hellip;]<\/p>\n","protected":false},"author":27,"featured_media":0,"comment_status":"open","ping_status":"closed","sticky":false,"template":"","format":"standard","meta":{"footnotes":""},"categories":[2719],"tags":[5369,17245,17256,18588,3685,18666,2242,9214,15667,18667,7028,18665,7029,1960,6104,16791],"class_list":["post-18803","post","type-post","status-publish","format-standard","hentry","category-servidor","tag-comunidades","tag-contagio","tag-covid-19","tag-disseminacao","tag-doenca","tag-eduardo-pazuello","tag-ministerio-da-saude","tag-mpfrj","tag-povos","tag-prioritario","tag-quilombolas","tag-secretaria-de-vigilancia-em-saude","tag-tradicionais","tag-urgencia","tag-vacina","tag-vacinacao"],"_links":{"self":[{"href":"https:\/\/blogs.correiobraziliense.com.br\/servidor\/wp-json\/wp\/v2\/posts\/18803","targetHints":{"allow":["GET"]}}],"collection":[{"href":"https:\/\/blogs.correiobraziliense.com.br\/servidor\/wp-json\/wp\/v2\/posts"}],"about":[{"href":"https:\/\/blogs.correiobraziliense.com.br\/servidor\/wp-json\/wp\/v2\/types\/post"}],"author":[{"embeddable":true,"href":"https:\/\/blogs.correiobraziliense.com.br\/servidor\/wp-json\/wp\/v2\/users\/27"}],"replies":[{"embeddable":true,"href":"https:\/\/blogs.correiobraziliense.com.br\/servidor\/wp-json\/wp\/v2\/comments?post=18803"}],"version-history":[{"count":1,"href":"https:\/\/blogs.correiobraziliense.com.br\/servidor\/wp-json\/wp\/v2\/posts\/18803\/revisions"}],"predecessor-version":[{"id":18805,"href":"https:\/\/blogs.correiobraziliense.com.br\/servidor\/wp-json\/wp\/v2\/posts\/18803\/revisions\/18805"}],"wp:attachment":[{"href":"https:\/\/blogs.correiobraziliense.com.br\/servidor\/wp-json\/wp\/v2\/media?parent=18803"}],"wp:term":[{"taxonomy":"category","embeddable":true,"href":"https:\/\/blogs.correiobraziliense.com.br\/servidor\/wp-json\/wp\/v2\/categories?post=18803"},{"taxonomy":"post_tag","embeddable":true,"href":"https:\/\/blogs.correiobraziliense.com.br\/servidor\/wp-json\/wp\/v2\/tags?post=18803"}],"curies":[{"name":"wp","href":"https:\/\/api.w.org\/{rel}","templated":true}]}}