{"id":1880,"date":"2016-06-13T12:13:33","date_gmt":"2016-06-13T15:13:33","guid":{"rendered":"https:\/\/blogs.correiobraziliense.com.br\/servidor\/?p=1880"},"modified":"2016-06-13T12:13:33","modified_gmt":"2016-06-13T15:13:33","slug":"a","status":"publish","type":"post","link":"https:\/\/blogs.correiobraziliense.com.br\/servidor\/a\/","title":{"rendered":"Anafe &#8211; membros da AGU programam paralisa\u00e7\u00e3o caso governo n\u00e3o cumpra acordo"},"content":{"rendered":"<p><i><span style=\"color: #000000;font-family: Verdana\">Em dia nacional de paralisa\u00e7\u00e3o, membros da AGU de todo o pa\u00eds fizerem paralisa\u00e7\u00e3o de 24 horas exigindo o fortalecimento da institui\u00e7\u00e3o e a valoriza\u00e7\u00e3o de seus membros. <span style=\"color: #000000;font-family: Verdana\">Com a paralisa\u00e7\u00e3o das atividades dos Advogados P\u00fablicos Federais, todos os Poderes &#8211; o Executivo, o Legislativo e o Judici\u00e1rio &#8211; ser\u00e3o prejudicados. Al\u00e9m disso, importantes projetos como ENEM, ENADE, obras de mobilidade urbana e projetos para viabiliza\u00e7\u00e3o das Olimp\u00edadas podem parar. <\/span><br \/>\n<\/span><\/i><\/p>\n<p><span style=\"color: #000000;font-family: Verdana\">Advogados p\u00fablicos federais de todos os estados e do Distrito Federal se reuniram na semana passada em assembleias locais para definir os pr\u00f3ximos passos da mobiliza\u00e7\u00e3o dos membros da AGU, caso o governo n\u00e3o cumpra o acordo firmado em 2015 com as carreiras. <\/span><\/p>\n<p><span style=\"color: #000000;font-family: Verdana\">O presidente da Anafe, Marcelino Rodrigues, afirma que os membros da AGU est\u00e3o inconformados com a atual situa\u00e7\u00e3o de descaso da AGU e que o movimento ser\u00e1 intensificado at\u00e9 que o governo promova dignidade a Advocacia-Geral da Uni\u00e3o.<\/span><\/p>\n<p><span style=\"color: #000000;font-family: Verdana\">&#8220;A mobiliza\u00e7\u00e3o atende ao clamor das bases, consequ\u00eancia de um longo processo de abandono e desgaste que vivenciamos nos \u00faltimos anos. Estaremos promovendo atos e tra\u00e7ando estrat\u00e9gias at\u00e9 que o nosso acordo seja cumprido. As movimenta\u00e7\u00f5es tamb\u00e9m acontecer\u00e3o em todas as unidades da AGU, como rea\u00e7\u00e3o a essa situa\u00e7\u00e3o absurda&#8221;, afirma. <\/span><\/p>\n<p><span style=\"color: #000000;font-family: Verdana\">De acordo com Marcelino Rodrigues, uma greve neste momento de crise pol\u00edtica e econ\u00f4mica do Brasil seria extremamente prejudicial. &#8220;Nossa atua\u00e7\u00e3o \u00e9 de fundamental import\u00e2ncia para o pa\u00eds e fazemos com excel\u00eancia e voca\u00e7\u00e3o, n\u00e3o queremos fazer o Brasil parar, mas tamb\u00e9m n\u00e3o podemos descartar uma poss\u00edvel greve, caso o governo n\u00e3o cumpra aquilo que acordou conosco&#8221;.<\/span><\/p>\n<p>&nbsp;<\/p>\n","protected":false},"excerpt":{"rendered":"<p>Em dia nacional de paralisa\u00e7\u00e3o, membros da AGU de todo o pa\u00eds fizerem paralisa\u00e7\u00e3o de 24 horas exigindo o fortalecimento da institui\u00e7\u00e3o e a valoriza\u00e7\u00e3o de seus membros. Com a paralisa\u00e7\u00e3o das atividades dos Advogados P\u00fablicos Federais, todos os Poderes &#8211; o Executivo, o Legislativo e o Judici\u00e1rio &#8211; ser\u00e3o prejudicados. Al\u00e9m disso, importantes projetos como ENEM, ENADE, obras de [&hellip;]<\/p>\n","protected":false},"author":27,"featured_media":0,"comment_status":"open","ping_status":"closed","sticky":false,"template":"","format":"standard","meta":{"footnotes":""},"categories":[1],"tags":[112,157,1234,2257,98,156,506,2256],"class_list":["post-1880","post","type-post","status-publish","format-standard","hentry","category-sem-categoria","tag-acordo","tag-agu","tag-anafe","tag-cumpra","tag-governo","tag-membros","tag-paralisacao","tag-pro9gramam"],"_links":{"self":[{"href":"https:\/\/blogs.correiobraziliense.com.br\/servidor\/wp-json\/wp\/v2\/posts\/1880","targetHints":{"allow":["GET"]}}],"collection":[{"href":"https:\/\/blogs.correiobraziliense.com.br\/servidor\/wp-json\/wp\/v2\/posts"}],"about":[{"href":"https:\/\/blogs.correiobraziliense.com.br\/servidor\/wp-json\/wp\/v2\/types\/post"}],"author":[{"embeddable":true,"href":"https:\/\/blogs.correiobraziliense.com.br\/servidor\/wp-json\/wp\/v2\/users\/27"}],"replies":[{"embeddable":true,"href":"https:\/\/blogs.correiobraziliense.com.br\/servidor\/wp-json\/wp\/v2\/comments?post=1880"}],"version-history":[{"count":1,"href":"https:\/\/blogs.correiobraziliense.com.br\/servidor\/wp-json\/wp\/v2\/posts\/1880\/revisions"}],"predecessor-version":[{"id":1881,"href":"https:\/\/blogs.correiobraziliense.com.br\/servidor\/wp-json\/wp\/v2\/posts\/1880\/revisions\/1881"}],"wp:attachment":[{"href":"https:\/\/blogs.correiobraziliense.com.br\/servidor\/wp-json\/wp\/v2\/media?parent=1880"}],"wp:term":[{"taxonomy":"category","embeddable":true,"href":"https:\/\/blogs.correiobraziliense.com.br\/servidor\/wp-json\/wp\/v2\/categories?post=1880"},{"taxonomy":"post_tag","embeddable":true,"href":"https:\/\/blogs.correiobraziliense.com.br\/servidor\/wp-json\/wp\/v2\/tags?post=1880"}],"curies":[{"name":"wp","href":"https:\/\/api.w.org\/{rel}","templated":true}]}}