{"id":18789,"date":"2021-01-15T16:24:40","date_gmt":"2021-01-15T19:24:40","guid":{"rendered":"https:\/\/blogs.correiobraziliense.com.br\/servidor\/?p=18789"},"modified":"2021-01-15T16:24:40","modified_gmt":"2021-01-15T19:24:40","slug":"fim-da-pericia-online-do-inss-coloca-em-risco-segurados-que-precisam-de-auxilio-doenca-afirma-especialista","status":"publish","type":"post","link":"https:\/\/blogs.correiobraziliense.com.br\/servidor\/fim-da-pericia-online-do-inss-coloca-em-risco-segurados-que-precisam-de-auxilio-doenca-afirma-especialista\/","title":{"rendered":"Fim da per\u00edcia online do INSS coloca em risco segurados que precisam de aux\u00edlio-doen\u00e7a, afirma especialista"},"content":{"rendered":"<p><em><strong>O Instituto Nacional do Seguro Social (INSS) anunciou o fim das per\u00edcias online para concess\u00e3o de aux\u00edlio-doen\u00e7a`, para esse s\u00e1bado, 16 de janeiro &#8211; foi antecipado, a data era 31 de janeiro. Ou seja, agora, o segurado que estiver com alguma doen\u00e7a que o incapacite para o trabalho ter\u00e1 que se deslocar at\u00e9 um ag\u00eancia da Previd\u00eancia Social para um atendimento presencial com o perito<\/strong><\/em><\/p>\n<figure id=\"attachment_18790\" aria-describedby=\"caption-attachment-18790\" style=\"width: 1024px\" class=\"wp-caption alignright\"><img loading=\"lazy\" decoding=\"async\" class=\"size-large wp-image-18790\" src=\"https:\/\/blogs.correiobraziliense.com.br\/servidor\/wp-content\/uploads\/sites\/10\/2021\/01\/PREVID\u00caNCIA-1024x613.jpg\" alt=\"\" width=\"1024\" height=\"613\" srcset=\"https:\/\/blogs.correiobraziliense.com.br\/servidor\/wp-content\/uploads\/sites\/10\/2021\/01\/PREVID\u00caNCIA-1024x613.jpg 1024w, https:\/\/blogs.correiobraziliense.com.br\/servidor\/wp-content\/uploads\/sites\/10\/2021\/01\/PREVID\u00caNCIA-300x179.jpg 300w, https:\/\/blogs.correiobraziliense.com.br\/servidor\/wp-content\/uploads\/sites\/10\/2021\/01\/PREVID\u00caNCIA-768x459.jpg 768w, https:\/\/blogs.correiobraziliense.com.br\/servidor\/wp-content\/uploads\/sites\/10\/2021\/01\/PREVID\u00caNCIA-800x479.jpg 800w, https:\/\/blogs.correiobraziliense.com.br\/servidor\/wp-content\/uploads\/sites\/10\/2021\/01\/PREVID\u00caNCIA-550x329.jpg 550w, https:\/\/blogs.correiobraziliense.com.br\/servidor\/wp-content\/uploads\/sites\/10\/2021\/01\/PREVID\u00caNCIA-230x138.jpg 230w, https:\/\/blogs.correiobraziliense.com.br\/servidor\/wp-content\/uploads\/sites\/10\/2021\/01\/PREVID\u00caNCIA.jpg 1170w\" sizes=\"auto, (max-width: 1024px) 100vw, 1024px\" \/><figcaption id=\"caption-attachment-18790\" class=\"wp-caption-text\">Instituto Nacional do Seguro Social (INSS)<\/figcaption><\/figure>\n<p>Na opini\u00e3o do advogado previdenci\u00e1rio e s\u00f3cio do escrit\u00f3rio Aith, Badari e Luchin Advogados, Jo\u00e3o Badari, &#8220;o governo federal deveria ter mantido a per\u00edcia online pelo menos at\u00e9 grande parte da popula\u00e7\u00e3o estar vacinada, pois estava funcionando muito bem. O retorno da per\u00edcia presencial vai tirar as pessoas de casa. Para ir s ag\u00eancias, muitas vezes, ter\u00e3o que entrar no transporte p\u00fablico e correr o risco de contamina\u00e7\u00e3o&#8221;.<\/p>\n<p>De acordo com o INSS, o agendamento online termina no s\u00e1bado (16). O servi\u00e7o deveria durar at\u00e9 31 de janeiro, mas o seu fim foi antecipado. O agendamento presencial deve ser feito pelo telefone 135 ou pelo aplicativo Meu INSS, onde ser\u00e1 poss\u00edvel escolher data, hora e local da per\u00edcia. A lista de ag\u00eancias est\u00e1 dispon\u00edvel no site do \u00f3rg\u00e3o. O INSS afirma que 491 locais est\u00e3o aptos para os procedimentos, com mais de 2.000 m\u00e9dicos peritos atuando em todo o pa\u00eds. At\u00e9 o dia 4 de janeiro, segundo o \u00f3rg\u00e3o, mais de 520 mil atendimentos presenciais est\u00e3o agendados em todo o pa\u00eds para as pr\u00f3ximas semanas.<\/p>\n<p>Jo\u00e3o Badari ressalta que, independentemente do atendimento virtual ou presencial, o segurado deve reunir o maior n\u00famero de documentos, como exames, laudos m\u00e9dicos, receitas de rem\u00e9dios, que comprovem a doen\u00e7a. &#8220;E no dia do atendimento o segurado deve informar ao perito qual \u00e9 a incapacidade que a doen\u00e7a provoca e o que ela impede sua atividade no trabalho. Por exemplo, tenho um caso recente no escrit\u00f3rio de um segurado que trabalha em uma empresa de log\u00edstica e fica o dia inteiro pegando e levantando caixas e, por conta dessa atividade cotidiana, ele sofre de uma dor cr\u00f4nica nas costas e nos ombros. Ou seja, ele sofre de uma incapacidade que o impede de realizar sua atividade, pois chega em casa e tem que ficar deitado pelas fortes dores pelo corpo&#8221;, relata Badari.<\/p>\n<p>&#8220;Outro exemplo, \u00e9 uma segurada, trabalhadora rural, que tem um tumor no \u00fatero e sangra constantemente por estar exposta ao sol. Muitas vezes, ela desmaia, pois como trabalha na ro\u00e7a, ela fica exposta aos raios solares o dia todo. Isso provoca uma incapacidade laboral, pois por conta da doen\u00e7a, ela n\u00e3o pode ficar exposta ao sol. Ou seja, ela tem o direito ao afastamento para recuperar sua sa\u00fade, mas precisa reunir a documenta\u00e7\u00e3o m\u00e9dica e informar sua incapacidade ao perito do INSS&#8221;, conclui o especialista.<\/p>\n","protected":false},"excerpt":{"rendered":"<p>O Instituto Nacional do Seguro Social (INSS) anunciou o fim das per\u00edcias online para concess\u00e3o de aux\u00edlio-doen\u00e7a`, para esse s\u00e1bado, 16 de janeiro &#8211; foi antecipado, a data era 31 de janeiro. Ou seja, agora, o segurado que estiver com alguma doen\u00e7a que o incapacite para o trabalho ter\u00e1 que se deslocar at\u00e9 um ag\u00eancia da Previd\u00eancia Social para um [&hellip;]<\/p>\n","protected":false},"author":27,"featured_media":0,"comment_status":"open","ping_status":"closed","sticky":false,"template":"","format":"standard","meta":{"footnotes":""},"categories":[2719],"tags":[3745,2194,2730,10474,11,12434,4658,2733,545,1603,3714,6104],"class_list":["post-18789","post","type-post","status-publish","format-standard","hentry","category-servidor","tag-agencia","tag-aplicativo","tag-auxilio-doenca","tag-contaminacao","tag-inss","tag-meu-inss","tag-online","tag-pericia","tag-populacao","tag-previdencia-social","tag-transporte","tag-vacina"],"_links":{"self":[{"href":"https:\/\/blogs.correiobraziliense.com.br\/servidor\/wp-json\/wp\/v2\/posts\/18789","targetHints":{"allow":["GET"]}}],"collection":[{"href":"https:\/\/blogs.correiobraziliense.com.br\/servidor\/wp-json\/wp\/v2\/posts"}],"about":[{"href":"https:\/\/blogs.correiobraziliense.com.br\/servidor\/wp-json\/wp\/v2\/types\/post"}],"author":[{"embeddable":true,"href":"https:\/\/blogs.correiobraziliense.com.br\/servidor\/wp-json\/wp\/v2\/users\/27"}],"replies":[{"embeddable":true,"href":"https:\/\/blogs.correiobraziliense.com.br\/servidor\/wp-json\/wp\/v2\/comments?post=18789"}],"version-history":[{"count":1,"href":"https:\/\/blogs.correiobraziliense.com.br\/servidor\/wp-json\/wp\/v2\/posts\/18789\/revisions"}],"predecessor-version":[{"id":18791,"href":"https:\/\/blogs.correiobraziliense.com.br\/servidor\/wp-json\/wp\/v2\/posts\/18789\/revisions\/18791"}],"wp:attachment":[{"href":"https:\/\/blogs.correiobraziliense.com.br\/servidor\/wp-json\/wp\/v2\/media?parent=18789"}],"wp:term":[{"taxonomy":"category","embeddable":true,"href":"https:\/\/blogs.correiobraziliense.com.br\/servidor\/wp-json\/wp\/v2\/categories?post=18789"},{"taxonomy":"post_tag","embeddable":true,"href":"https:\/\/blogs.correiobraziliense.com.br\/servidor\/wp-json\/wp\/v2\/tags?post=18789"}],"curies":[{"name":"wp","href":"https:\/\/api.w.org\/{rel}","templated":true}]}}