{"id":18786,"date":"2021-01-15T16:09:39","date_gmt":"2021-01-15T19:09:39","guid":{"rendered":"https:\/\/blogs.correiobraziliense.com.br\/servidor\/?p=18786"},"modified":"2021-01-15T16:09:39","modified_gmt":"2021-01-15T19:09:39","slug":"frente-paulista-em-defesa-do-servico-publico-divulga-manifesto-pela-vacinacao-de-todos","status":"publish","type":"post","link":"https:\/\/blogs.correiobraziliense.com.br\/servidor\/frente-paulista-em-defesa-do-servico-publico-divulga-manifesto-pela-vacinacao-de-todos\/","title":{"rendered":"Frente Paulista em Defesa do Servi\u00e7o P\u00fablico divulga manifesto pela vacina\u00e7\u00e3o de todos"},"content":{"rendered":"<p><em><strong>Com a assinatura de 80 entidades representativas dos servidores, a Frente Paulista em Defesa do Servi\u00e7o P\u00fablico reitera a defesa da vacina\u00e7\u00e3o universal e\u00a0gratuita, exclusivamente pelo Sistema \u00danico de Sa\u00fade, e das institui\u00e7\u00f5es p\u00fablicas\u00a0respons\u00e1veis pela pesquisa e pelos servi\u00e7os que garantem os direitos sociais de toda a\u00a0popula\u00e7\u00e3o. E destaca que &#8220;a forma como o\u00a0governo do estado de S\u00e3o Paulo divulgou os resultados dos estudos cl\u00ednicos sobre a\u00a0Coronavac vai contra princ\u00edpios que garantem a boa comunica\u00e7\u00e3o, em especial, o da\u00a0transpar\u00eancia&#8221;<\/strong><\/em><\/p>\n<p><img loading=\"lazy\" decoding=\"async\" class=\"alignright size-full wp-image-18787\" src=\"https:\/\/blogs.correiobraziliense.com.br\/servidor\/wp-content\/uploads\/sites\/10\/2021\/01\/banner-coronavirus-home.png\" alt=\"\" width=\"575\" height=\"250\" srcset=\"https:\/\/blogs.correiobraziliense.com.br\/servidor\/wp-content\/uploads\/sites\/10\/2021\/01\/banner-coronavirus-home.png 575w, https:\/\/blogs.correiobraziliense.com.br\/servidor\/wp-content\/uploads\/sites\/10\/2021\/01\/banner-coronavirus-home-300x130.png 300w, https:\/\/blogs.correiobraziliense.com.br\/servidor\/wp-content\/uploads\/sites\/10\/2021\/01\/banner-coronavirus-home-550x239.png 550w, https:\/\/blogs.correiobraziliense.com.br\/servidor\/wp-content\/uploads\/sites\/10\/2021\/01\/banner-coronavirus-home-230x100.png 230w\" sizes=\"auto, (max-width: 575px) 100vw, 575px\" \/><\/p>\n<p>&#8220;Como consequ\u00eancia, os respons\u00e1veis por isto ter\u00e3o de\u00a0batalhar para que haja um processo de convencimento sobre a import\u00e2ncia da vacina\u00e7\u00e3o\u00a0para que a popula\u00e7\u00e3o a aceite, o que poderia ter sido evitado, caso os dados tivessem sido\u00a0divulgados em conjunto, corretamente. Como agravante, h\u00e1 o movimento antivacinas e o<br \/>\nnegacionanismo de parte da popula\u00e7\u00e3o capitaneada pelo Presidente da Rep\u00fablica&#8221;, reitera.<\/p>\n<p>Veja a nota:<\/p>\n<p>&#8220;Apesar da absoluta incompet\u00eancia e irresponsabilidade do governo federal, vacinas est\u00e3o na\u00a0imin\u00eancia de serem aprovadas no Brasil, o que \u00e9 muito positivo. Contudo, o processo de\u00a0aprova\u00e7\u00e3o est\u00e1 transcorrendo em meio a uma disputa pol\u00edtica que influenciou, entre outras\u00a0coisas, a divulga\u00e7\u00e3o dos dados dos estudos, aumentando incertezas e gerando d\u00favidas na\u00a0popula\u00e7\u00e3o. A comunica\u00e7\u00e3o adequada \u00e9 essencial em campanhas vacinais e a forma como o\u00a0governo do estado de S\u00e3o Paulo divulgou os resultados dos estudos cl\u00ednicos sobre a\u00a0Coronavac vai contra princ\u00edpios que garantem a boa comunica\u00e7\u00e3o, em especial, o da\u00a0transpar\u00eancia.<\/p>\n<p>Ap\u00f3s adiarem algumas vezes a divulga\u00e7\u00e3o desses estudos, ela foi feita de forma\u00a0fragmentada, omitindo dados. Como consequ\u00eancia, os respons\u00e1veis por isto ter\u00e3o de\u00a0batalhar para que haja um processo de convencimento sobre a import\u00e2ncia da vacina\u00e7\u00e3o\u00a0para que a popula\u00e7\u00e3o a aceite, o que poderia ter sido evitado, caso os dados tivessem sido\u00a0divulgados em conjunto, corretamente. Como agravante, h\u00e1 o movimento antivacinas e o<br \/>\nnegacionanismo de parte da popula\u00e7\u00e3o capitaneada pelo Presidente da Rep\u00fablica.<\/p>\n<p>O pretenso plano nacional de vacina\u00e7\u00e3o tamb\u00e9m est\u00e1 repleto de ambiguidades. Sem data\u00a0para in\u00edcio, o Ministro da Sa\u00fade tem a desfa\u00e7atez de declarar que ser\u00e1 \u201cno dia \u2018D\u2019, na hora\u00a0\u2018H\u2019\u201d. Est\u00e1 claro que o governo federal continua a negar a gravidade da pandemia \u2013 mesmo\u00a0diante de mais de duzentas mil pessoas mortas em decorr\u00eancia da Covid-19 \u2013 e n\u00e3o est\u00e1\u00a0disposto a adotar uma condu\u00e7\u00e3o necess\u00e1ria para preservar vidas.<\/p>\n<p>Seria fundamental que houvesse um bom plano nacional que considerasse as dimens\u00f5es\u00a0continentais e a diversidade regional brasileira. Ou seja, al\u00e9m de uma quantidade suficiente\u00a0de doses de vacinas, \u00e9 necess\u00e1rio um plano de distribui\u00e7\u00e3o e aplica\u00e7\u00e3o gratuitas,\u00a0exclusivamente pelo Sistema \u00danico de Sa\u00fade, com defini\u00e7\u00e3o de prioriza\u00e7\u00f5es a partir da\u00a0avalia\u00e7\u00e3o da vulnerabilidade das pessoas.<\/p>\n<p>Defendemos que a vacina\u00e7\u00e3o seja ampla e irrestrita, com um plano nacional universal e o\u00a0estabelecimento de prioriza\u00e7\u00e3o para estratos da popula\u00e7\u00e3o com maior susceptibilidade \u00e0\u00a0contamina\u00e7\u00e3o e\/ou morte, como profissionais da sa\u00fade, cuidadora(e)s, pessoas com\u00a0morbidades e mais de 60 anos, al\u00e9m das comunidades social e economicamente submetidas\u00a0a maior grau de vulnerabilidade, em especial ind\u00edgenas e pessoas sob a cust\u00f3dia do Estado.<\/p>\n<p>Em que pese a in\u00e9pcia do governo federal, o plano nacional pode contar com a fundamental\u00a0participa\u00e7\u00e3o da sociedade cient\u00edfica e civil que, a partir de suas an\u00e1lises, passaram a ter um\u00a0papel regulador ainda mais necess\u00e1rio.\u00a0Ademais, a preserva\u00e7\u00e3o da vida passa necessariamente pelo distanciamento f\u00edsico e isso\u00a0implica manter sob funcionamento somente as atividades essenciais. Os governos t\u00eam\u00a0desconsiderado a atual situa\u00e7\u00e3o da pandemia, com aumento significativo do n\u00famero de\u00a0casos, hospitaliza\u00e7\u00f5es e mortes, e acenam, entre outras coisas, com o retorno \u00e0s aulas\u00a0presenciais na Educa\u00e7\u00e3o B\u00e1sica.<\/p>\n<p>\u00c9 necess\u00e1rio que as decis\u00f5es se pautem por crit\u00e9rios\u00a0cient\u00edficos, de sa\u00fade p\u00fablica. O quadro pede que haja um efetivo fechamento, em especial\u00a0frente \u00e0s not\u00edcias de novas variantes do v\u00edrus j\u00e1 em circula\u00e7\u00e3o no Brasil. V\u00e1rios pa\u00edses\u00a0conciliaram a vacina\u00e7\u00e3o com o lockdown como medidas complementares de combate \u00e0\u00a0propaga\u00e7\u00e3o do v\u00edrus e da doen\u00e7a. Tais medidas s\u00e3o necess\u00e1rias para a preserva\u00e7\u00e3o de vidas.<\/p>\n<p>Institui\u00e7\u00f5es p\u00fablicas de pesquisa foram e s\u00e3o as respons\u00e1veis pela condu\u00e7\u00e3o dos estudos\u00a0sobre as vacinas e por v\u00e1rias outras quest\u00f5es envolvendo o Sars-Cov-2 e a Covid-19. Vale\u00a0lembrar que tais institui\u00e7\u00f5es s\u00e3o constantemente atacadas por diferentes governos,\u00a0trabalhando com financiamentos absolutamente inadequados, cada vez menores, e com\u00a0desqualifica\u00e7\u00e3o de seus profissionais, funcion\u00e1rias e funcion\u00e1rios p\u00fablicos.<\/p>\n<p>Em plena pandemia, foi preciso lutar contra cortes de verbas para a Funda\u00e7\u00e3o de Amparo \u00e0\u00a0Pesquisa do Estado de S\u00e3o Paulo (Fapesp) e para as tr\u00eas universidades estaduais paulistas\u00a0(Unesp, Unicamp e USP). Por meio da Lei n<br \/>\no 17.293, de 15 de outubro de 2020 (resultante do\u00a0PL 529\/2020), o governador Jo\u00e3o Doria extinguiu cinco entidades, entre elas a Funda\u00e7\u00e3o\u00a0Parque Zool\u00f3gico de S\u00e3o Paulo e a Superintend\u00eancia de Controle de Endemias (Sucen),\u00a0ambas institui\u00e7\u00f5es respons\u00e1veis por pesquisas, mostrando como Doria trata a ci\u00eancia e que\u00a0suas inten\u00e7\u00f5es n\u00e3o s\u00e3o outras a n\u00e3o ser o sucateamento das institui\u00e7\u00f5es p\u00fablicas com vistas\u00a0\u00e0 privatiza\u00e7\u00e3o e a consolida\u00e7\u00e3o do seu projeto pol\u00edtico para 2022.\u00a0A aprova\u00e7\u00e3o da Lei se deu\u00a0sob grande mobiliza\u00e7\u00e3o e indigna\u00e7\u00e3o, e foi um dos motivos que levou 26 entidades a\u00a0protocolarem pedido de impeachment do governador Jo\u00e3o D\u00f3ria.<\/p>\n<p>Por tudo o que foi exposto, reiteramos a nossa posi\u00e7\u00e3o em defesa da vacina\u00e7\u00e3o universal e\u00a0gratuita, exclusivamente pelo Sistema \u00danico de Sa\u00fade, e das institui\u00e7\u00f5es p\u00fablicas\u00a0respons\u00e1veis pela pesquisa e pelos servi\u00e7os que garantem os direitos sociais de toda a\u00a0popula\u00e7\u00e3o!<\/p>\n<p>Frente Paulista em Defesa do Servi\u00e7o P\u00fablico<br \/>\n15 de janeiro de 2021.<\/p>\n","protected":false},"excerpt":{"rendered":"<p>Com a assinatura de 80 entidades representativas dos servidores, a Frente Paulista em Defesa do Servi\u00e7o P\u00fablico reitera a defesa da vacina\u00e7\u00e3o universal e\u00a0gratuita, exclusivamente pelo Sistema \u00danico de Sa\u00fade, e das institui\u00e7\u00f5es p\u00fablicas\u00a0respons\u00e1veis pela pesquisa e pelos servi\u00e7os que garantem os direitos sociais de toda a\u00a0popula\u00e7\u00e3o. E destaca que &#8220;a forma como o\u00a0governo do estado de S\u00e3o Paulo divulgou [&hellip;]<\/p>\n","protected":false},"author":27,"featured_media":0,"comment_status":"open","ping_status":"closed","sticky":false,"template":"","format":"standard","meta":{"footnotes":""},"categories":[2719],"tags":[18660,18659,559,8398,18658,17046,18657,98,4620,623,15197,187,545,5166,1673,58,2000,168,10808,16791],"class_list":["post-18786","post","type-post","status-publish","format-standard","hentry","category-servidor","tag-agravantes","tag-antivacinas","tag-comunicacao","tag-convencimento","tag-coronavac","tag-direitos-sociais","tag-frente-paulista-em-defesa-do-servico-publico","tag-governo","tag-gratuita","tag-manifesto","tag-moviemnto","tag-pesquisa","tag-populacao","tag-presidente-da-republica","tag-sao-paulo","tag-servidores","tag-sus","tag-transparencia","tag-universal","tag-vacinacao"],"_links":{"self":[{"href":"https:\/\/blogs.correiobraziliense.com.br\/servidor\/wp-json\/wp\/v2\/posts\/18786","targetHints":{"allow":["GET"]}}],"collection":[{"href":"https:\/\/blogs.correiobraziliense.com.br\/servidor\/wp-json\/wp\/v2\/posts"}],"about":[{"href":"https:\/\/blogs.correiobraziliense.com.br\/servidor\/wp-json\/wp\/v2\/types\/post"}],"author":[{"embeddable":true,"href":"https:\/\/blogs.correiobraziliense.com.br\/servidor\/wp-json\/wp\/v2\/users\/27"}],"replies":[{"embeddable":true,"href":"https:\/\/blogs.correiobraziliense.com.br\/servidor\/wp-json\/wp\/v2\/comments?post=18786"}],"version-history":[{"count":1,"href":"https:\/\/blogs.correiobraziliense.com.br\/servidor\/wp-json\/wp\/v2\/posts\/18786\/revisions"}],"predecessor-version":[{"id":18788,"href":"https:\/\/blogs.correiobraziliense.com.br\/servidor\/wp-json\/wp\/v2\/posts\/18786\/revisions\/18788"}],"wp:attachment":[{"href":"https:\/\/blogs.correiobraziliense.com.br\/servidor\/wp-json\/wp\/v2\/media?parent=18786"}],"wp:term":[{"taxonomy":"category","embeddable":true,"href":"https:\/\/blogs.correiobraziliense.com.br\/servidor\/wp-json\/wp\/v2\/categories?post=18786"},{"taxonomy":"post_tag","embeddable":true,"href":"https:\/\/blogs.correiobraziliense.com.br\/servidor\/wp-json\/wp\/v2\/tags?post=18786"}],"curies":[{"name":"wp","href":"https:\/\/api.w.org\/{rel}","templated":true}]}}