{"id":18780,"date":"2021-01-15T12:24:27","date_gmt":"2021-01-15T15:24:27","guid":{"rendered":"https:\/\/blogs.correiobraziliense.com.br\/servidor\/?p=18780"},"modified":"2021-01-15T12:26:20","modified_gmt":"2021-01-15T15:26:20","slug":"reforma-administrativa-o-desmonte-da-ct-e-do-servico-publico","status":"publish","type":"post","link":"https:\/\/blogs.correiobraziliense.com.br\/servidor\/reforma-administrativa-o-desmonte-da-ct-e-do-servico-publico\/","title":{"rendered":"Reforma administrativa: o desmonte da C&amp;T e do servi\u00e7o p\u00fablico"},"content":{"rendered":"<p><em><strong>O F\u00f3rum de Ci\u00eancia e Tecnologia far\u00e1 uma live, na pr\u00f3xima ter\u00e7a-feira, 19 de janeiro, \u00e0s 18 horas, sobre a reforma administrativa e as perspectivas para o setor, que ser\u00e1 transmitida pelas redes sociais da entidade e do SindCT. De acordo com os organizadores, desde o governo Temer, a pesquisa cient\u00edfica no Brasil tem sofrido com falta de recursos humanos e financeiros. &#8220;A aprova\u00e7\u00e3o da Reforma Administrativa (PEC 32\/20) significar\u00e1 rapina total do Estado brasileiro e o fim do Sistema de C&amp;T, constru\u00eddo ao longo de d\u00e9cadas&#8221;, alerta<\/strong><\/em><\/p>\n<p><img loading=\"lazy\" decoding=\"async\" class=\"alignright size-large wp-image-18781\" src=\"https:\/\/blogs.correiobraziliense.com.br\/servidor\/wp-content\/uploads\/sites\/10\/2021\/01\/CT-1024x1024.jpg\" alt=\"\" width=\"1024\" height=\"1024\" \/><\/p>\n<p>&#8220;A Emenda Constitucional (EC 95 &#8211; (Teto dos Gastos P\u00fablicos) tornou imposs\u00edvel a aplica\u00e7\u00e3o de novos investimentos na \u00e1rea. A situa\u00e7\u00e3o se agrava com o governo Bolsonaro e sua proposta de reforma administrativa, uma verdadeira &#8216;p\u00e1 de cal&#8217; jogada no servi\u00e7o p\u00fablico. O atual governo tem o negacionismo como base ideol\u00f3gica e isso se reflete, na pr\u00e1tica, em pol\u00edticas de enfraquecimento das Institui\u00e7\u00f5es de Ci\u00eancia e Tecnologia. Um exemplo \u00e9 a enorme redu\u00e7\u00e3o or\u00e7ament\u00e1ria para \u00e1rea, com corte de bolsas de pesquisa e aus\u00eancia de concursos p\u00fablicos, o que inviabiliza, a curto prazo, a exist\u00eancia de nossas institui\u00e7\u00f5es&#8221;, relata o .F\u00f3rum<\/p>\n<p>&nbsp;<\/p>\n","protected":false},"excerpt":{"rendered":"<p>O F\u00f3rum de Ci\u00eancia e Tecnologia far\u00e1 uma live, na pr\u00f3xima ter\u00e7a-feira, 19 de janeiro, \u00e0s 18 horas, sobre a reforma administrativa e as perspectivas para o setor, que ser\u00e1 transmitida pelas redes sociais da entidade e do SindCT. De acordo com os organizadores, desde o governo Temer, a pesquisa cient\u00edfica no Brasil tem sofrido com falta de recursos humanos [&hellip;]<\/p>\n","protected":false},"author":27,"featured_media":0,"comment_status":"open","ping_status":"closed","sticky":false,"template":"","format":"standard","meta":{"footnotes":""},"categories":[2719],"tags":[4777,15713,2432,7716,98,1008,17341,18656,318,187,15938,575,12849],"class_list":["post-18780","post","type-post","status-publish","format-standard","hentry","category-servidor","tag-bolsas","tag-ct","tag-concursos-publicos","tag-ec-95","tag-governo","tag-investimentos","tag-live","tag-negacionismo","tag-orcamento","tag-pesquisa","tag-reforma-administrativa","tag-servico-publico","tag-teto-dos-gastos"],"_links":{"self":[{"href":"https:\/\/blogs.correiobraziliense.com.br\/servidor\/wp-json\/wp\/v2\/posts\/18780","targetHints":{"allow":["GET"]}}],"collection":[{"href":"https:\/\/blogs.correiobraziliense.com.br\/servidor\/wp-json\/wp\/v2\/posts"}],"about":[{"href":"https:\/\/blogs.correiobraziliense.com.br\/servidor\/wp-json\/wp\/v2\/types\/post"}],"author":[{"embeddable":true,"href":"https:\/\/blogs.correiobraziliense.com.br\/servidor\/wp-json\/wp\/v2\/users\/27"}],"replies":[{"embeddable":true,"href":"https:\/\/blogs.correiobraziliense.com.br\/servidor\/wp-json\/wp\/v2\/comments?post=18780"}],"version-history":[{"count":1,"href":"https:\/\/blogs.correiobraziliense.com.br\/servidor\/wp-json\/wp\/v2\/posts\/18780\/revisions"}],"predecessor-version":[{"id":18782,"href":"https:\/\/blogs.correiobraziliense.com.br\/servidor\/wp-json\/wp\/v2\/posts\/18780\/revisions\/18782"}],"wp:attachment":[{"href":"https:\/\/blogs.correiobraziliense.com.br\/servidor\/wp-json\/wp\/v2\/media?parent=18780"}],"wp:term":[{"taxonomy":"category","embeddable":true,"href":"https:\/\/blogs.correiobraziliense.com.br\/servidor\/wp-json\/wp\/v2\/categories?post=18780"},{"taxonomy":"post_tag","embeddable":true,"href":"https:\/\/blogs.correiobraziliense.com.br\/servidor\/wp-json\/wp\/v2\/tags?post=18780"}],"curies":[{"name":"wp","href":"https:\/\/api.w.org\/{rel}","templated":true}]}}