{"id":18771,"date":"2021-01-14T18:06:33","date_gmt":"2021-01-14T21:06:33","guid":{"rendered":"https:\/\/blogs.correiobraziliense.com.br\/servidor\/?p=18771"},"modified":"2021-01-15T21:04:35","modified_gmt":"2021-01-16T00:04:35","slug":"anmp-solicita-fechamento-imediato-das-agencias-do-inss-em-manaus","status":"publish","type":"post","link":"https:\/\/blogs.correiobraziliense.com.br\/servidor\/anmp-solicita-fechamento-imediato-das-agencias-do-inss-em-manaus\/","title":{"rendered":"ANMP solicita fechamento imediato das ag\u00eancias do INSS em Manaus"},"content":{"rendered":"<p><em><strong>A Associa\u00e7\u00e3o Nacional dos M\u00e9dicos Peritos (ANMP) enviou of\u00edcio ao secret\u00e1rio de Previd\u00eancia e Trabalho, do Minist\u00e9rio da Economia, Bruno Bianco, informando que, devido ao &#8220;aumento vertiginoso do n\u00famero de casos\u00a0<\/strong><\/em><em><strong>de cont\u00e1gio, de interna\u00e7\u00e3o e de \u00f3bitos relacionados \u00e0 pandemia do novo coronav\u00edrus&#8221; na capital amazonense, que vive uma segunda onda da Covid-19, requer o fechamento de todas as ag\u00eancia do INSS com per\u00edcia<\/strong><\/em><\/p>\n<p><img loading=\"lazy\" decoding=\"async\" class=\"alignright size-full wp-image-18457\" src=\"https:\/\/blogs.correiobraziliense.com.br\/servidor\/wp-content\/uploads\/sites\/10\/2020\/12\/per\u00edcia-m\u00e9dica.jpg\" alt=\"\" width=\"241\" height=\"209\" srcset=\"https:\/\/blogs.correiobraziliense.com.br\/servidor\/wp-content\/uploads\/sites\/10\/2020\/12\/per\u00edcia-m\u00e9dica.jpg 241w, https:\/\/blogs.correiobraziliense.com.br\/servidor\/wp-content\/uploads\/sites\/10\/2020\/12\/per\u00edcia-m\u00e9dica-230x199.jpg 230w\" sizes=\"auto, (max-width: 241px) 100vw, 241px\" \/><\/p>\n<p>No of\u00edcio, a ANMP destaca que tem &#8220;not\u00edcias que o INSS interrompeu toda e qualquer\u00a0atividade presencial em APS na regi\u00e3o, exceto a que envolva per\u00edcia m\u00e9dica&#8221;. &#8220;Nesse contexto, clamamos \u00e0 boa f\u00e9 e a raz\u00e3o para que a SEPRT determine \u00e0 SPMF\u00a0a imediata suspens\u00e3o de todos os agendamentos e atendimentos m\u00e9dicos periciais\u00a0presenciais no Estado do Amazonas, por pelo menos 30 dias at\u00e9 revis\u00e3o da situa\u00e7\u00e3o\u00a0no Estado e que, nesse interim, de forma emergencial, sejam adotadas medidas\u00a0alternativas para a an\u00e1lise dos benef\u00edcios requeridos pelos segurados residentes\u00a0naquele Estado, \u00e0 luz do que prev\u00ea a Lei n. 13.892\/2020&#8221;.<\/p>\n<p>Veja a nota da ANMP:<\/p>\n<p>&#8220;Hoje (14\/01), a ANMP oficiou o Secret\u00e1rio Especial de Previd\u00eancia e Trabalho para\u00a0requerer a ado\u00e7\u00e3o de medidas urgentes em decorr\u00eancia do aumento exponencial do\u00a0cont\u00e1gio do novo coronav\u00edrus (Covid-19), em especial, o fechamento de todas as\u00a0Ag\u00eancias da Previd\u00eancia Social de Manaus\/AM.<\/p>\n<p>Como amplamente noticiado, a capital do Estado do Amazonas atravessa uma\u00a0situa\u00e7\u00e3o sanit\u00e1ria e epidemiol\u00f3gica de n\u00edvel catastr\u00f3fico. Manaus\/AM, que congrega\u00a0mais da metade da popula\u00e7\u00e3o amazonense, vive novo colapso do sistema de sa\u00fade\u00a0causado pela infec\u00e7\u00e3o incontrol\u00e1vel do novo coronav\u00edrus.<\/p>\n<p>V\u00e1rios Peritos M\u00e9dicos Federais lotados na capital do Amazonas t\u00eam noticiado a\u00a0circula\u00e7\u00e3o de segurados com sintomas de Covid-19 nas depend\u00eancias das APS. Por\u00a0necessidade econ\u00f4mica, esses cidad\u00e3os se deslocam de suas resid\u00eancias at\u00e9 as\u00a0unidades do INSS e acabam contribuindo para a majora\u00e7\u00e3o do cont\u00e1gio local.<\/p>\n<p>Nesse contexto ca\u00f3tico, n\u00e3o se mostra razo\u00e1vel manter as APS de Manaus\/AM\u00a0abertas para atendimento do p\u00fablico em geral.<\/p>\n<p>Para manter a vida dos servidores e da popula\u00e7\u00e3o em seguran\u00e7a, a \u00fanica alternativa\u00a0cab\u00edvel para o momento \u00e9 o fechamento compuls\u00f3rio de todas as unidades do INSS\u00a0localizadas na capital amazonense.<\/p>\n<p><a href=\"https:\/\/drive.google.com\/file\/d\/1FDQWews5Pd79Mdbc49d6RzdvHLYp0sQC\/view\">Of\u00edcio ANMP 019 &#8211; SEPRT &#8211; Nova onda do COVID<\/a><br \/>\nProtocolo SEI n\u00ba 13040756.<br \/>\nDiretoria da ANMP&#8221;<\/p>\n<p><strong>O outro lado<\/strong><\/p>\n<p>Apenas no dia 15 de janeiro, \u00e0s 15h56, a\u00a0Secretaria Especial de Previd\u00eancia e Trabalho, no Minist\u00e9rio da Economia, retornou explicando os motivos de manter as per\u00edcias m\u00e9dicas. De acordo com o minist\u00e9rio, a per\u00edcia m\u00e9dica federal presta um servi\u00e7o essencial \u00e0 popula\u00e7\u00e3o. &#8220;As salas de per\u00edcia est\u00e3o preparadas para atender os segurados durante a pandemia, respeitando as regras de isolamento, quarentena e outras condi\u00e7\u00f5es de funcionamento estabelecidas pelos Estados, Distrito Federal e Munic\u00edpios&#8221;, garante o governo.<\/p>\n<p>&#8220;Existem hoje 4.483 agendamentos a serem realizados nos pr\u00f3ximos 30 dias e n\u00e3o h\u00e1 previs\u00e3o de antecipa\u00e7\u00e3o com base em atestado, segundo a Lei n\u00ba 13.982, de 2 de abril de 2020 porque o prazo do Decreto n\u00ba 10.413, de 2 de julho de 2020 se esgotou em 30 de novembro de 2020.\u00a0Assim, remarcar as per\u00edcias desses segurados significaria deix\u00e1-los sem renda&#8221;, destaca a nota enviada pela assessoria de imprensa.<\/p>\n","protected":false},"excerpt":{"rendered":"<p>A Associa\u00e7\u00e3o Nacional dos M\u00e9dicos Peritos (ANMP) enviou of\u00edcio ao secret\u00e1rio de Previd\u00eancia e Trabalho, do Minist\u00e9rio da Economia, Bruno Bianco, informando que, devido ao &#8220;aumento vertiginoso do n\u00famero de casos\u00a0de cont\u00e1gio, de interna\u00e7\u00e3o e de \u00f3bitos relacionados \u00e0 pandemia do novo coronav\u00edrus&#8221; na capital amazonense, que vive uma segunda onda da Covid-19, requer o fechamento de todas as ag\u00eancia [&hellip;]<\/p>\n","protected":false},"author":27,"featured_media":0,"comment_status":"open","ping_status":"closed","sticky":false,"template":"","format":"standard","meta":{"footnotes":""},"categories":[2719],"tags":[879,18248,2100,3600,2782,513,16896,17256,4471,11,12688,3073,17255,2733,18652],"class_list":["post-18771","post","type-post","status-publish","format-standard","hentry","category-servidor","tag-agencias","tag-agendamentos","tag-alternativas","tag-amazonas","tag-anmp","tag-atendimentos","tag-coronavirus","tag-covid-19","tag-fechamento","tag-inss","tag-manaus","tag-medica","tag-pandemia","tag-pericia","tag-segunda-onda"],"_links":{"self":[{"href":"https:\/\/blogs.correiobraziliense.com.br\/servidor\/wp-json\/wp\/v2\/posts\/18771","targetHints":{"allow":["GET"]}}],"collection":[{"href":"https:\/\/blogs.correiobraziliense.com.br\/servidor\/wp-json\/wp\/v2\/posts"}],"about":[{"href":"https:\/\/blogs.correiobraziliense.com.br\/servidor\/wp-json\/wp\/v2\/types\/post"}],"author":[{"embeddable":true,"href":"https:\/\/blogs.correiobraziliense.com.br\/servidor\/wp-json\/wp\/v2\/users\/27"}],"replies":[{"embeddable":true,"href":"https:\/\/blogs.correiobraziliense.com.br\/servidor\/wp-json\/wp\/v2\/comments?post=18771"}],"version-history":[{"count":4,"href":"https:\/\/blogs.correiobraziliense.com.br\/servidor\/wp-json\/wp\/v2\/posts\/18771\/revisions"}],"predecessor-version":[{"id":18796,"href":"https:\/\/blogs.correiobraziliense.com.br\/servidor\/wp-json\/wp\/v2\/posts\/18771\/revisions\/18796"}],"wp:attachment":[{"href":"https:\/\/blogs.correiobraziliense.com.br\/servidor\/wp-json\/wp\/v2\/media?parent=18771"}],"wp:term":[{"taxonomy":"category","embeddable":true,"href":"https:\/\/blogs.correiobraziliense.com.br\/servidor\/wp-json\/wp\/v2\/categories?post=18771"},{"taxonomy":"post_tag","embeddable":true,"href":"https:\/\/blogs.correiobraziliense.com.br\/servidor\/wp-json\/wp\/v2\/tags?post=18771"}],"curies":[{"name":"wp","href":"https:\/\/api.w.org\/{rel}","templated":true}]}}