{"id":18747,"date":"2021-01-13T16:56:53","date_gmt":"2021-01-13T19:56:53","guid":{"rendered":"https:\/\/blogs.correiobraziliense.com.br\/servidor\/?p=18747"},"modified":"2021-01-13T16:56:53","modified_gmt":"2021-01-13T19:56:53","slug":"abertura-do-mercado-de-transporte-rodoviario-para-aplicativos-comeca-por-minas-gerais","status":"publish","type":"post","link":"https:\/\/blogs.correiobraziliense.com.br\/servidor\/abertura-do-mercado-de-transporte-rodoviario-para-aplicativos-comeca-por-minas-gerais\/","title":{"rendered":"Abertura do mercado de transporte rodovi\u00e1rio para aplicativos come\u00e7a por Minas Gerais"},"content":{"rendered":"<p><em><strong>Decreto aumenta concorr\u00eancia no setor e deve ser seguido por outros estados, destaca a Buser.\u00a0A medida foi saudada pelos fundadores da startup, os mineiros Marcelo Abritta e Marcelo Vasconcellos<\/strong><\/em><\/p>\n<p><img loading=\"lazy\" decoding=\"async\" class=\"alignright size-large wp-image-18748\" src=\"https:\/\/blogs.correiobraziliense.com.br\/servidor\/wp-content\/uploads\/sites\/10\/2021\/01\/Buser-Minas-1024x682.jpg\" alt=\"\" width=\"1024\" height=\"682\" srcset=\"https:\/\/blogs.correiobraziliense.com.br\/servidor\/wp-content\/uploads\/sites\/10\/2021\/01\/Buser-Minas-1024x682.jpg 1024w, https:\/\/blogs.correiobraziliense.com.br\/servidor\/wp-content\/uploads\/sites\/10\/2021\/01\/Buser-Minas-300x200.jpg 300w, https:\/\/blogs.correiobraziliense.com.br\/servidor\/wp-content\/uploads\/sites\/10\/2021\/01\/Buser-Minas-768x512.jpg 768w, https:\/\/blogs.correiobraziliense.com.br\/servidor\/wp-content\/uploads\/sites\/10\/2021\/01\/Buser-Minas-800x533.jpg 800w, https:\/\/blogs.correiobraziliense.com.br\/servidor\/wp-content\/uploads\/sites\/10\/2021\/01\/Buser-Minas-550x367.jpg 550w, https:\/\/blogs.correiobraziliense.com.br\/servidor\/wp-content\/uploads\/sites\/10\/2021\/01\/Buser-Minas-230x153.jpg 230w, https:\/\/blogs.correiobraziliense.com.br\/servidor\/wp-content\/uploads\/sites\/10\/2021\/01\/Buser-Minas.jpg 1280w\" sizes=\"auto, (max-width: 1024px) 100vw, 1024px\" \/><\/p>\n<p>O governador de Minas Gerais, Romeu Zema, publicou hoje (13\/1) um decreto que altera regras do transporte rodovi\u00e1rio por fretamento. A medida \u00e9 vista pelos empres\u00e1rios do setor como uma grande abertura para uma renova\u00e7\u00e3o no setor de transporte rodovi\u00e1rio, facilitando a atividade das empresas que atuam por aplicativos de viagens.<\/p>\n<p>Entre as altera\u00e7\u00f5es, est\u00e1 a libera\u00e7\u00e3o da obriga\u00e7\u00e3o de \u201ccircuito fechado\u201d que determinava que o mesmo grupo que fez a viagem de ida precisaria fazer a viagem de volta. O decreto ainda derrubou a obriga\u00e7\u00e3o de informar a lista de passageiros \u00e0 Ag\u00eancia Nacional de Transporte Terrestre (ANTT) com 12 horas de anteced\u00eancia.<\/p>\n<p>&#8220;A Buser, maior plataforma de viagens de \u00f4nibus do pa\u00eds, e suas mais de 160 empresas de fretamento cadastradas, estar\u00e3o especialmente envolvidas nesse processo de renova\u00e7\u00e3o. A startup promove viagens de \u00f4nibus atrav\u00e9s do aplicativo, possibilitando viagens at\u00e9 60% mais baratas&#8221;, refor\u00e7a.<\/p>\n<p>A medida foi saudada pelos fundadores da startup, os mineiros Marcelo Abritta e Marcelo Vasconcellos.<\/p>\n<p>\u201cO estado de Minas est\u00e1 abrindo um precedente que eventualmente ser\u00e1 seguido pelo resto do pa\u00eds. \u201cA decis\u00e3o do governador Zema \u00e9 corajosa e inovadora. Acreditamos que o setor de transporte rodovi\u00e1rio tem potencial para ser muito mais explorado e a tecnologia tem muito a contribuir nesse sentido. Com essa abertura, n\u00f3s e outras plataformas estaremos mais tranquilos para atuar e at\u00e9 mesmo trazer investimentos ao estado\u201d, afirma Abritta.<\/p>\n<p>Vasconcellos destacou a coragem do governador em inovar e romper as barreiras estabelecidas pelas grandes empresas do setor. \u201cO que estamos presenciando \u00e9 a adequa\u00e7\u00e3o de Minas Gerais \u00e0 nova economia e ao respeito ao direito de ir e vir dos consumidores. Se mais gente apostasse no desenvolvimento dos pequenos, certamente ter\u00edamos n\u00fameros de desemprego muito menores no pa\u00eds\u201d.<\/p>\n<p>A Buser tem investido recursos em solu\u00e7\u00f5es tecnol\u00f3gicas que promovam a seguran\u00e7a nas estradas. De acordo com a startup, todos os \u00f4nibus parceiros s\u00e3o fiscalizados para cumprir todas as normas da ANTT, al\u00e9m de normas da pr\u00f3pria Buser, como um software de sensor de cansa\u00e7o que avalia se o motorista est\u00e1 com sono e telemetria para acompanhar a velocidade dos \u00f4nibus as 24 horas do dia.<\/p>\n","protected":false},"excerpt":{"rendered":"<p>Decreto aumenta concorr\u00eancia no setor e deve ser seguido por outros estados, destaca a Buser.\u00a0A medida foi saudada pelos fundadores da startup, os mineiros Marcelo Abritta e Marcelo Vasconcellos O governador de Minas Gerais, Romeu Zema, publicou hoje (13\/1) um decreto que altera regras do transporte rodovi\u00e1rio por fretamento. A medida \u00e9 vista pelos empres\u00e1rios do setor como uma grande [&hellip;]<\/p>\n","protected":false},"author":27,"featured_media":0,"comment_status":"open","ping_status":"closed","sticky":false,"template":"","format":"standard","meta":{"footnotes":""},"categories":[2719],"tags":[2529,5134,18401,1172,18444,10974,3285,4189,1393,5812,8559,13391,3714],"class_list":["post-18747","post","type-post","status-publish","format-standard","hentry","category-servidor","tag-antt","tag-aplicativos","tag-buser","tag-decreto","tag-fretamento","tag-frota","tag-governador","tag-minas-gerais","tag-passagens","tag-renovacao","tag-rodoviario","tag-startup","tag-transporte"],"_links":{"self":[{"href":"https:\/\/blogs.correiobraziliense.com.br\/servidor\/wp-json\/wp\/v2\/posts\/18747","targetHints":{"allow":["GET"]}}],"collection":[{"href":"https:\/\/blogs.correiobraziliense.com.br\/servidor\/wp-json\/wp\/v2\/posts"}],"about":[{"href":"https:\/\/blogs.correiobraziliense.com.br\/servidor\/wp-json\/wp\/v2\/types\/post"}],"author":[{"embeddable":true,"href":"https:\/\/blogs.correiobraziliense.com.br\/servidor\/wp-json\/wp\/v2\/users\/27"}],"replies":[{"embeddable":true,"href":"https:\/\/blogs.correiobraziliense.com.br\/servidor\/wp-json\/wp\/v2\/comments?post=18747"}],"version-history":[{"count":1,"href":"https:\/\/blogs.correiobraziliense.com.br\/servidor\/wp-json\/wp\/v2\/posts\/18747\/revisions"}],"predecessor-version":[{"id":18749,"href":"https:\/\/blogs.correiobraziliense.com.br\/servidor\/wp-json\/wp\/v2\/posts\/18747\/revisions\/18749"}],"wp:attachment":[{"href":"https:\/\/blogs.correiobraziliense.com.br\/servidor\/wp-json\/wp\/v2\/media?parent=18747"}],"wp:term":[{"taxonomy":"category","embeddable":true,"href":"https:\/\/blogs.correiobraziliense.com.br\/servidor\/wp-json\/wp\/v2\/categories?post=18747"},{"taxonomy":"post_tag","embeddable":true,"href":"https:\/\/blogs.correiobraziliense.com.br\/servidor\/wp-json\/wp\/v2\/tags?post=18747"}],"curies":[{"name":"wp","href":"https:\/\/api.w.org\/{rel}","templated":true}]}}