{"id":18744,"date":"2021-01-13T16:41:43","date_gmt":"2021-01-13T19:41:43","guid":{"rendered":"https:\/\/blogs.correiobraziliense.com.br\/servidor\/?p=18744"},"modified":"2021-01-13T16:41:43","modified_gmt":"2021-01-13T19:41:43","slug":"soja-brasileira-nao-exporta-desmatamento-garante-mapa","status":"publish","type":"post","link":"https:\/\/blogs.correiobraziliense.com.br\/servidor\/soja-brasileira-nao-exporta-desmatamento-garante-mapa\/","title":{"rendered":"Soja brasileira n\u00e3o exporta desmatamento, garante Mapa"},"content":{"rendered":"<p><em><strong>Em resposta \u00e0s declara\u00e7\u00f5es do presidente franc\u00eas, Emmanuel Macron, que associou o plantio da soja brasileira ao desmatamento da Amaz\u00f4nia, o Minist\u00e9rio da Agricultura, Pecu\u00e1ria e Abastecimento (Mapa), por meio de nota, informou que o mandat\u00e1rio da Fran\u00e7a \u201cmostrou completo desconhecimento sobre o processo de cultivo do produto importado pelos franceses e leva desinforma\u00e7\u00e3o a seus compatriotas\u201d.\u00a0<\/strong><\/em><\/p>\n<p>\u201cO Brasil \u00e9 o maior produtor e exportador de soja do mundo, abastecendo mais de 50 pa\u00edses com gr\u00e3os, farelo e \u00f3leo. Det\u00e9m dom\u00ednio tecnol\u00f3gico para dobrar a atual produ\u00e7\u00e3o com sustentabilidade, seja em \u00e1reas j\u00e1 utilizadas, seja recuperando pastagens degradadas, n\u00e3o necessitando de novas \u00e1reas. Toda a produ\u00e7\u00e3o nacional tem controle de origem. A soja brasileira, portanto, n\u00e3o exporta desmatamento\u201d, refor\u00e7a o documento.<\/p>\n<figure id=\"attachment_18745\" aria-describedby=\"caption-attachment-18745\" style=\"width: 1024px\" class=\"wp-caption alignright\"><img loading=\"lazy\" decoding=\"async\" class=\"size-large wp-image-18745\" src=\"https:\/\/blogs.correiobraziliense.com.br\/servidor\/wp-content\/uploads\/sites\/10\/2021\/01\/soja-1024x613.jpg\" alt=\"\" width=\"1024\" height=\"613\" \/><figcaption id=\"caption-attachment-18745\" class=\"wp-caption-text\">REUTERS\/Jos\u00e9 Roberto Gomes<\/figcaption><\/figure>\n<p>Veja a nota:<\/p>\n<p>\u201cSustentabilidade da soja brasileira<\/p>\n<p>O Brasil tem uma das legisla\u00e7\u00f5es ambientais mais rigorosas do mundo e utiliza tecnologias reconhecidas que ampliaram a sustentabilidade de sua produ\u00e7\u00e3o agropecu\u00e1ria.<\/p>\n<p>A declara\u00e7\u00e3o do presidente franc\u00eas, Emmanuel Macron, sobre a soja brasileira mostra completo desconhecimento sobre o processo de cultivo do produto importado pelos franceses e leva desinforma\u00e7\u00e3o a seus compatriotas.<\/p>\n<p>O Brasil \u00e9 o maior produtor e exportador de soja do mundo, abastecendo mais de 50 pa\u00edses com gr\u00e3os, farelo e \u00f3leo. Det\u00e9m dom\u00ednio tecnol\u00f3gico para dobrar a atual produ\u00e7\u00e3o com sustentabilidade, seja em \u00e1reas j\u00e1 utilizadas, seja recuperando pastagens degradadas, n\u00e3o necessitando de novas \u00e1reas. Toda a produ\u00e7\u00e3o nacional tem controle de origem.<\/p>\n<p>A soja brasileira, portanto, n\u00e3o exporta desmatamento.\u201d<\/p>\n","protected":false},"excerpt":{"rendered":"<p>Em resposta \u00e0s declara\u00e7\u00f5es do presidente franc\u00eas, Emmanuel Macron, que associou o plantio da soja brasileira ao desmatamento da Amaz\u00f4nia, o Minist\u00e9rio da Agricultura, Pecu\u00e1ria e Abastecimento (Mapa), por meio de nota, informou que o mandat\u00e1rio da Fran\u00e7a \u201cmostrou completo desconhecimento sobre o processo de cultivo do produto importado pelos franceses e leva desinforma\u00e7\u00e3o a seus compatriotas\u201d.\u00a0 \u201cO Brasil \u00e9 [&hellip;]<\/p>\n","protected":false},"author":27,"featured_media":0,"comment_status":"open","ping_status":"closed","sticky":false,"template":"","format":"standard","meta":{"footnotes":""},"categories":[2719],"tags":[6643,5374,18638,7031,5992,18640,4869,98,18639,14,571,5484,2372,17343,3231],"class_list":["post-18744","post","type-post","status-publish","format-standard","hentry","category-servidor","tag-abastecimento","tag-agricultura","tag-cultivo","tag-desmatamento","tag-exportador","tag-farelo","tag-franca","tag-governo","tag-graos","tag-mapa","tag-oleo","tag-pecuaria","tag-producao","tag-produtor","tag-sustentabilidade"],"_links":{"self":[{"href":"https:\/\/blogs.correiobraziliense.com.br\/servidor\/wp-json\/wp\/v2\/posts\/18744","targetHints":{"allow":["GET"]}}],"collection":[{"href":"https:\/\/blogs.correiobraziliense.com.br\/servidor\/wp-json\/wp\/v2\/posts"}],"about":[{"href":"https:\/\/blogs.correiobraziliense.com.br\/servidor\/wp-json\/wp\/v2\/types\/post"}],"author":[{"embeddable":true,"href":"https:\/\/blogs.correiobraziliense.com.br\/servidor\/wp-json\/wp\/v2\/users\/27"}],"replies":[{"embeddable":true,"href":"https:\/\/blogs.correiobraziliense.com.br\/servidor\/wp-json\/wp\/v2\/comments?post=18744"}],"version-history":[{"count":1,"href":"https:\/\/blogs.correiobraziliense.com.br\/servidor\/wp-json\/wp\/v2\/posts\/18744\/revisions"}],"predecessor-version":[{"id":18746,"href":"https:\/\/blogs.correiobraziliense.com.br\/servidor\/wp-json\/wp\/v2\/posts\/18744\/revisions\/18746"}],"wp:attachment":[{"href":"https:\/\/blogs.correiobraziliense.com.br\/servidor\/wp-json\/wp\/v2\/media?parent=18744"}],"wp:term":[{"taxonomy":"category","embeddable":true,"href":"https:\/\/blogs.correiobraziliense.com.br\/servidor\/wp-json\/wp\/v2\/categories?post=18744"},{"taxonomy":"post_tag","embeddable":true,"href":"https:\/\/blogs.correiobraziliense.com.br\/servidor\/wp-json\/wp\/v2\/tags?post=18744"}],"curies":[{"name":"wp","href":"https:\/\/api.w.org\/{rel}","templated":true}]}}