{"id":18727,"date":"2021-01-12T21:59:53","date_gmt":"2021-01-13T00:59:53","guid":{"rendered":"https:\/\/blogs.correiobraziliense.com.br\/servidor\/?p=18727"},"modified":"2021-01-12T22:00:08","modified_gmt":"2021-01-13T01:00:08","slug":"decreto-altera-estrutura-regimental-do-ministerio-da-economia","status":"publish","type":"post","link":"https:\/\/blogs.correiobraziliense.com.br\/servidor\/decreto-altera-estrutura-regimental-do-ministerio-da-economia\/","title":{"rendered":"Decreto altera Estrutura Regimental do Minist\u00e9rio da Economia"},"content":{"rendered":"<p><em><strong>O impacto or\u00e7ament\u00e1rio ser\u00e1 de R$ 79,9 mil, sem aumento de despesa or\u00e7ament\u00e1ria, segundo o governo<\/strong><\/em><\/p>\n<figure id=\"attachment_18728\" aria-describedby=\"caption-attachment-18728\" style=\"width: 1024px\" class=\"wp-caption alignright\"><img loading=\"lazy\" decoding=\"async\" class=\"size-large wp-image-18728\" src=\"https:\/\/blogs.correiobraziliense.com.br\/servidor\/wp-content\/uploads\/sites\/10\/2021\/01\/minist\u00e9rio-da-economia-1024x613.jpg\" alt=\"\" width=\"1024\" height=\"613\" srcset=\"https:\/\/blogs.correiobraziliense.com.br\/servidor\/wp-content\/uploads\/sites\/10\/2021\/01\/minist\u00e9rio-da-economia-1024x613.jpg 1024w, https:\/\/blogs.correiobraziliense.com.br\/servidor\/wp-content\/uploads\/sites\/10\/2021\/01\/minist\u00e9rio-da-economia-300x179.jpg 300w, https:\/\/blogs.correiobraziliense.com.br\/servidor\/wp-content\/uploads\/sites\/10\/2021\/01\/minist\u00e9rio-da-economia-768x459.jpg 768w, https:\/\/blogs.correiobraziliense.com.br\/servidor\/wp-content\/uploads\/sites\/10\/2021\/01\/minist\u00e9rio-da-economia-800x479.jpg 800w, https:\/\/blogs.correiobraziliense.com.br\/servidor\/wp-content\/uploads\/sites\/10\/2021\/01\/minist\u00e9rio-da-economia-550x329.jpg 550w, https:\/\/blogs.correiobraziliense.com.br\/servidor\/wp-content\/uploads\/sites\/10\/2021\/01\/minist\u00e9rio-da-economia-230x138.jpg 230w, https:\/\/blogs.correiobraziliense.com.br\/servidor\/wp-content\/uploads\/sites\/10\/2021\/01\/minist\u00e9rio-da-economia.jpg 1170w\" sizes=\"auto, (max-width: 1024px) 100vw, 1024px\" \/><figcaption id=\"caption-attachment-18728\" class=\"wp-caption-text\">Fachada do Minist\u00e9rio da economia na Esplanada dos Minist\u00e9rios<\/figcaption><\/figure>\n<p>Decreto assinado pelo presidente da Rep\u00fablica, Jair Bolsonaro, altera a Estrutura Regimental e o Quadro Demonstrativo dos Cargos em Comiss\u00e3o e das Fun\u00e7\u00f5es de Confian\u00e7a do Minist\u00e9rio da Economia. &#8220;Com objetivo de melhorar a efici\u00eancia organizacional no \u00e2mbito do gabinete do ministro, a medida promove remanejamento e transforma\u00e7\u00e3o de cargos em comiss\u00e3o (DAS)&#8221;, informa o governo. O impacto or\u00e7ament\u00e1rio anual ser\u00e1 de R$ 79,9 mil, sem aumento de despesa or\u00e7ament\u00e1ria. O decreto ser\u00e1 publicado no Di\u00e1rio Oficial da Uni\u00e3o (DOU) de amanh\u00e3.<\/p>\n","protected":false},"excerpt":{"rendered":"<p>O impacto or\u00e7ament\u00e1rio ser\u00e1 de R$ 79,9 mil, sem aumento de despesa or\u00e7ament\u00e1ria, segundo o governo Decreto assinado pelo presidente da Rep\u00fablica, Jair Bolsonaro, altera a Estrutura Regimental e o Quadro Demonstrativo dos Cargos em Comiss\u00e3o e das Fun\u00e7\u00f5es de Confian\u00e7a do Minist\u00e9rio da Economia. &#8220;Com objetivo de melhorar a efici\u00eancia organizacional no \u00e2mbito do gabinete do ministro, a medida [&hellip;]<\/p>\n","protected":false},"author":27,"featured_media":0,"comment_status":"open","ping_status":"closed","sticky":false,"template":"","format":"standard","meta":{"footnotes":""},"categories":[2719],"tags":[791,1150,3172,1172,1769,1065,3385,14327,35,1816,3212],"class_list":["post-18727","post","type-post","status-publish","format-standard","hentry","category-servidor","tag-cargos","tag-comissao","tag-confianca","tag-decreto","tag-dou","tag-funcoes","tag-gabinete","tag-ministerio-da-economia","tag-ministro","tag-quadro","tag-remanejamento"],"_links":{"self":[{"href":"https:\/\/blogs.correiobraziliense.com.br\/servidor\/wp-json\/wp\/v2\/posts\/18727","targetHints":{"allow":["GET"]}}],"collection":[{"href":"https:\/\/blogs.correiobraziliense.com.br\/servidor\/wp-json\/wp\/v2\/posts"}],"about":[{"href":"https:\/\/blogs.correiobraziliense.com.br\/servidor\/wp-json\/wp\/v2\/types\/post"}],"author":[{"embeddable":true,"href":"https:\/\/blogs.correiobraziliense.com.br\/servidor\/wp-json\/wp\/v2\/users\/27"}],"replies":[{"embeddable":true,"href":"https:\/\/blogs.correiobraziliense.com.br\/servidor\/wp-json\/wp\/v2\/comments?post=18727"}],"version-history":[{"count":1,"href":"https:\/\/blogs.correiobraziliense.com.br\/servidor\/wp-json\/wp\/v2\/posts\/18727\/revisions"}],"predecessor-version":[{"id":18729,"href":"https:\/\/blogs.correiobraziliense.com.br\/servidor\/wp-json\/wp\/v2\/posts\/18727\/revisions\/18729"}],"wp:attachment":[{"href":"https:\/\/blogs.correiobraziliense.com.br\/servidor\/wp-json\/wp\/v2\/media?parent=18727"}],"wp:term":[{"taxonomy":"category","embeddable":true,"href":"https:\/\/blogs.correiobraziliense.com.br\/servidor\/wp-json\/wp\/v2\/categories?post=18727"},{"taxonomy":"post_tag","embeddable":true,"href":"https:\/\/blogs.correiobraziliense.com.br\/servidor\/wp-json\/wp\/v2\/tags?post=18727"}],"curies":[{"name":"wp","href":"https:\/\/api.w.org\/{rel}","templated":true}]}}