{"id":18709,"date":"2021-01-12T16:11:21","date_gmt":"2021-01-12T19:11:21","guid":{"rendered":"https:\/\/blogs.correiobraziliense.com.br\/servidor\/?p=18709"},"modified":"2021-01-12T16:11:21","modified_gmt":"2021-01-12T19:11:21","slug":"metalurgicos-da-cut-e-da-forca-sindical-afirmam-que-fuga-da-ford-do-brasil-expoe-despreparo-do-governo","status":"publish","type":"post","link":"https:\/\/blogs.correiobraziliense.com.br\/servidor\/metalurgicos-da-cut-e-da-forca-sindical-afirmam-que-fuga-da-ford-do-brasil-expoe-despreparo-do-governo\/","title":{"rendered":"Metal\u00fargicos da CUT e da For\u00e7a Sindical afirmam que &#8220;fuga da Ford&#8221; do Brasil exp\u00f5e despreparo do governo"},"content":{"rendered":"<p><em><strong>De acordo com as entidades, o fechamento das f\u00e1bricas da Ford &#8220;confirma as piores previs\u00f5es e avisos do movimento sindical sobre os\u00a0rumos da economia nacional&#8221;. Dizem, ainda, que &#8220;o\u00a0desgoverno afunda ainda mais nossa popula\u00e7\u00e3o no roteiro de precariza\u00e7\u00e3o, desemprego,\u00a0desalento e pobreza. O desastre na condu\u00e7\u00e3o da economia se casa e se completa,\u00a0tragicamente, com a crise sanit\u00e1ria&#8221;<\/strong><\/em><\/p>\n<p>&#8220;No momento em que a ind\u00fastria automobil\u00edstica global passa por uma das mais intensas ondas\u00a0de transforma\u00e7\u00e3o, orientada pela eletrifica\u00e7\u00e3o e pela conectividade, assistimos \u00e0 criminosa\u00a0omiss\u00e3o, e at\u00e9 boicote, do subserviente governo brasileiro \u00e0 ind\u00fastria, com consequ\u00eancias\u00a0nefastas para a classe trabalhadora, ante um presidente incapaz de conduzir qualquer di\u00e1logo\u00a0sobre a inser\u00e7\u00e3o do pa\u00eds no cen\u00e1rio que se configura rapidamente&#8221;, refor\u00e7am.<\/p>\n<p>Veja a nota:<\/p>\n<p>&#8220;Ford &#8211; Nota da Industriall Brasil \u2013 Metal\u00fargicos da CUT e da For\u00e7a<\/p>\n<p>Ford foge do Brasil e de Bolsonaro e deixa rastro de desemprego<\/p>\n<p>BRASIL SEM RUMO, SEM IND\u00daSTRIA, SEM EMPREGO, SEM GOVERNO, SEM FUTURO<\/p>\n<p>O anuncio de fechamento de todas as f\u00e1bricas da Ford no Brasil (a planta de SBC j\u00e1 havia sido\u00a0fechada, em 2019) confirma as piores previs\u00f5es e avisos do movimento sindical sobre os\u00a0rumos da economia nacional. Novamente de forma unilateral, a Ford informa que ir\u00e1 encerrar\u00a0suas atividades no pa\u00eds, com o fechamento das plantas de Cama\u00e7ari-BA, Taubat\u00e9-SP e\u00a0Horizonte-CE. A a\u00e7\u00e3o da empresa global \u00e9 conseq\u00fc\u00eancia da completa aus\u00eancia de um projeto\u00a0de retomada da economia brasileira, que contemple a reindustrializa\u00e7\u00e3o do pa\u00eds.<\/p>\n<p>O governo despreparado e inepto de Bolsonaro e Guedes finge ignorar a import\u00e2ncia da\u00a0ind\u00fastria como motor do desenvolvimento nacional, n\u00e3o apresenta qualquer estrat\u00e9gia para a\u00a0atua\u00e7\u00e3o da ind\u00fastria no Brasil e condena o pa\u00eds a uma rota de desindustrializa\u00e7\u00e3o e\u00a0desinvestimento, como v\u00ednhamos alertando h\u00e1 tempos. N\u00e3o s\u00f3 alertamos como fizemos\u00a0propostas, como o Inovar-Auto.<\/p>\n<p>\u00c9 incontest\u00e1vel a desconfian\u00e7a interna e internacional e o descr\u00e9dito quanto aos rumos da\u00a0economia brasileira com este governo que a\u00ed est\u00e1; n\u00e3o se toma uma decis\u00e3o empresarial como\u00a0essa sem considerar a total incapacidade do governo Bolsonaro.<\/p>\n<p>No momento em que a ind\u00fastria automobil\u00edstica global passa por uma das mais intensas ondas\u00a0de transforma\u00e7\u00e3o, orientada pela eletrifica\u00e7\u00e3o e pela conectividade, assistimos \u00e0 criminosa\u00a0omiss\u00e3o, e at\u00e9 boicote, do subserviente governo brasileiro \u00e0 ind\u00fastria, com consequ\u00eancias\u00a0nefastas para a classe trabalhadora, ante um presidente incapaz de conduzir qualquer di\u00e1logo\u00a0sobre a inser\u00e7\u00e3o do pa\u00eds no cen\u00e1rio que se configura rapidamente.<\/p>\n<p>A Ford &#8220;foge&#8221; do Brasil deixando um rastro de desemprego e desamparo, ap\u00f3s ter se valido\u00a0durante muitos anos de benef\u00edcios e isen\u00e7\u00f5es tribut\u00e1rias dos regimes automotivos vigentes\u00a0desde 2001, e que definiram a instala\u00e7\u00e3o da empresa em Cama\u00e7ari, bem como a perman\u00eancia\u00a0das suas atividades no Cear\u00e1.<\/p>\n<p>A decis\u00e3o da empresa significa cerca de 50 mil empregos na cadeia produtiva em torno das\u00a0tr\u00eas plantas desativadas, mas a aus\u00eancia de compromisso e respeito aos trabalhadores e \u00e0\u00a0sociedade por parte da Ford n\u00e3o \u00e9 surpresa.<\/p>\n<p>A trag\u00e9dia \u00e9 ainda evidentemente maior considerando o conjunto de plantas fechadas ou com\u00a0an\u00fancio de fechamento desde 2019, e o impacto sobre os diferentes setores da ind\u00fastria\u00a0brasileira, que rebaixam nossa posi\u00e7\u00e3o econ\u00f4mica no cen\u00e1rio global de forma acelerada e\u00a0dram\u00e1tica.<\/p>\n<p>O desgoverno afunda ainda mais nossa popula\u00e7\u00e3o no roteiro de precariza\u00e7\u00e3o, desemprego,\u00a0desalento e pobreza. O desastre na condu\u00e7\u00e3o da economia se casa e se completa,\u00a0tragicamente, com a crise sanit\u00e1ria.<\/p>\n<p>Reverter esse descaminho \u00e9 mais do que urgente. \u00c9 nossa luta.<\/p>\n<p>Toda solidariedade aos trabalhadores\/as e fam\u00edlias afetados.<\/p>\n<p>Estamos juntos nessa luta!!!!!!!!<\/p>\n<p>Aroaldo Oliveira da Silva, presidente da INDUSTRIALL Brasil<br \/>\nPaulo Cayres, presidente da CNM-CUT Confedera\u00e7\u00e3o Nacional dos Metal\u00fargicos da CUT<br \/>\nMiguel Torres, presidente da CNTM-Confedera\u00e7\u00e3o Nacional dos Trabalhadores Metal\u00fargicos da Forca Sindical&#8221;<\/p>\n","protected":false},"excerpt":{"rendered":"<p>De acordo com as entidades, o fechamento das f\u00e1bricas da Ford &#8220;confirma as piores previs\u00f5es e avisos do movimento sindical sobre os\u00a0rumos da economia nacional&#8221;. Dizem, ainda, que &#8220;o\u00a0desgoverno afunda ainda mais nossa popula\u00e7\u00e3o no roteiro de precariza\u00e7\u00e3o, desemprego,\u00a0desalento e pobreza. O desastre na condu\u00e7\u00e3o da economia se casa e se completa,\u00a0tragicamente, com a crise sanit\u00e1ria&#8221; &#8220;No momento em que [&hellip;]<\/p>\n","protected":false},"author":27,"featured_media":0,"comment_status":"open","ping_status":"closed","sticky":false,"template":"","format":"standard","meta":{"footnotes":""},"categories":[2719],"tags":[164,366,999,17442,2293,5601,88,870,14805,98,1495,128,8629,2961,7570],"class_list":["post-18709","post","type-post","status-publish","format-standard","hentry","category-servidor","tag-brasil","tag-crise","tag-cut","tag-desalento","tag-desemprego","tag-desindustrializacao","tag-economia","tag-forca-sindical","tag-ford","tag-governo","tag-industria","tag-metalurgicos","tag-pobreza","tag-precarizacao","tag-sanitaria"],"_links":{"self":[{"href":"https:\/\/blogs.correiobraziliense.com.br\/servidor\/wp-json\/wp\/v2\/posts\/18709","targetHints":{"allow":["GET"]}}],"collection":[{"href":"https:\/\/blogs.correiobraziliense.com.br\/servidor\/wp-json\/wp\/v2\/posts"}],"about":[{"href":"https:\/\/blogs.correiobraziliense.com.br\/servidor\/wp-json\/wp\/v2\/types\/post"}],"author":[{"embeddable":true,"href":"https:\/\/blogs.correiobraziliense.com.br\/servidor\/wp-json\/wp\/v2\/users\/27"}],"replies":[{"embeddable":true,"href":"https:\/\/blogs.correiobraziliense.com.br\/servidor\/wp-json\/wp\/v2\/comments?post=18709"}],"version-history":[{"count":1,"href":"https:\/\/blogs.correiobraziliense.com.br\/servidor\/wp-json\/wp\/v2\/posts\/18709\/revisions"}],"predecessor-version":[{"id":18710,"href":"https:\/\/blogs.correiobraziliense.com.br\/servidor\/wp-json\/wp\/v2\/posts\/18709\/revisions\/18710"}],"wp:attachment":[{"href":"https:\/\/blogs.correiobraziliense.com.br\/servidor\/wp-json\/wp\/v2\/media?parent=18709"}],"wp:term":[{"taxonomy":"category","embeddable":true,"href":"https:\/\/blogs.correiobraziliense.com.br\/servidor\/wp-json\/wp\/v2\/categories?post=18709"},{"taxonomy":"post_tag","embeddable":true,"href":"https:\/\/blogs.correiobraziliense.com.br\/servidor\/wp-json\/wp\/v2\/tags?post=18709"}],"curies":[{"name":"wp","href":"https:\/\/api.w.org\/{rel}","templated":true}]}}