{"id":18699,"date":"2021-01-12T10:15:23","date_gmt":"2021-01-12T13:15:23","guid":{"rendered":"https:\/\/blogs.correiobraziliense.com.br\/servidor\/?p=18699"},"modified":"2021-01-12T10:15:23","modified_gmt":"2021-01-12T13:15:23","slug":"caixa-completa-160-anos-e-bancarios-fazem-mobilizacoes-em-defesa-do-banco-100-publico","status":"publish","type":"post","link":"https:\/\/blogs.correiobraziliense.com.br\/servidor\/caixa-completa-160-anos-e-bancarios-fazem-mobilizacoes-em-defesa-do-banco-100-publico\/","title":{"rendered":"Caixa completa 160 anos e banc\u00e1rios fazem mobiliza\u00e7\u00f5es em defesa do banco 100% p\u00fablico"},"content":{"rendered":"<p><em><strong>Empregados fazem a\u00e7\u00f5es contra privatiza\u00e7\u00e3o e por fortalecimento do papel social da empresa, \u00e0s 11horas, e lembram a trajet\u00f3ria da institui\u00e7\u00e3o desde 12 de janeiro de 1861. \u00c0s 12 horas, os banc\u00e1rios participam da lavagem simb\u00f3lica da frente da Matriz I da Caixa Econ\u00f4mica Federal, em Bras\u00edlia. Ano de 2021 tamb\u00e9m marca os 50 anos da Federa\u00e7\u00e3o Nacional das Associa\u00e7\u00f5es do Pessoal da Caixa Econ\u00f4mica Federal (Fenae)<\/strong><\/em><\/p>\n<p><img loading=\"lazy\" decoding=\"async\" class=\"alignright size-full wp-image-18700\" src=\"https:\/\/blogs.correiobraziliense.com.br\/servidor\/wp-content\/uploads\/sites\/10\/2021\/01\/caixa-160-anos.jpg\" alt=\"\" width=\"600\" height=\"400\" srcset=\"https:\/\/blogs.correiobraziliense.com.br\/servidor\/wp-content\/uploads\/sites\/10\/2021\/01\/caixa-160-anos.jpg 600w, https:\/\/blogs.correiobraziliense.com.br\/servidor\/wp-content\/uploads\/sites\/10\/2021\/01\/caixa-160-anos-300x200.jpg 300w, https:\/\/blogs.correiobraziliense.com.br\/servidor\/wp-content\/uploads\/sites\/10\/2021\/01\/caixa-160-anos-550x367.jpg 550w, https:\/\/blogs.correiobraziliense.com.br\/servidor\/wp-content\/uploads\/sites\/10\/2021\/01\/caixa-160-anos-230x153.jpg 230w\" sizes=\"auto, (max-width: 600px) 100vw, 600px\" \/><\/p>\n<p>A Caixa Econ\u00f4mica Federal completa 160 anos nesta ter\u00e7a-feira (12). Para marcar a data, os empregados do banco em todo o pa\u00eds organizaram uma s\u00e9rie de medidas em defesa da institui\u00e7\u00e3o, que tem a possibilidade de ser privatizada pelo atual governo &#8220;mesmo sendo essencial aos brasileiros, especialmente nesta crise econ\u00f4mica sem precedentes&#8221;, destaca a Fenae.<\/p>\n<p>Al\u00e9m da Fenae, as mobiliza\u00e7\u00f5es de hoje tamb\u00e9m s\u00e3o coordenadas pela Confedera\u00e7\u00e3o Nacional dos Trabalhadores do Ramo Financeiro (Contraf-CUT) e contam com o apoio das 27 associa\u00e7\u00f5es representativas dos trabalhadores da Caixa nos estados (Apcefs). As a\u00e7\u00f5es come\u00e7am \u00e0s 11h por meio de um tuita\u00e7o com as hashtags #MexeuComACaixaMexeuComOBrasil e #PrivatizaN\u00e3o.<\/p>\n<p>\u201cPrincipal operadora das pol\u00edticas p\u00fablicas federais, a Caixa Econ\u00f4mica est\u00e1 presente em 97% dos 5.570 munic\u00edpios para que as a\u00e7\u00f5es sociais cheguem a quem mais precisa\u201d, ressalta o presidente da Fenae, Sergio Takemoto. \u201cS\u00f3 na pandemia da covid-19, cerca de 120 milh\u00f5es de pessoas foram atendidas pelo banco para o pagamento do aux\u00edlio emergencial e de outros benef\u00edcios. Isto significa que, nesta crise, mais da metade da popula\u00e7\u00e3o carente vem contando com os servi\u00e7os da Caixa, a estatal que est\u00e1 presente na vida dos brasileiros desde 12 de janeiro de 1861\u201d, acrescenta Takemoto.<\/p>\n<p>Os trabalhadores tamb\u00e9m protestam contra a chamada \u201cgest\u00e3o pelo medo\u201d, em que denunciam press\u00e3o da empresa para ades\u00e3o a Programas de Desligamento Volunt\u00e1rio (PDVs), reestrutura\u00e7\u00e3o do banco sem di\u00e1logo com os empregados, jornadas exaustivas, condi\u00e7\u00f5es de trabalho inadequadas para o home office e cobran\u00e7a de metas consideradas abusivas no contexto da pandemia. No tuita\u00e7o, tamb\u00e9m ser\u00e3o usadas as hashtags #MetaDesumana\u00c9Crime, #MetaDesumana\u00c9Explora\u00e7\u00e3o e #MenosMetasMaisContrata\u00e7\u00e3o.<\/p>\n<p>\u00c0s 12h, os banc\u00e1rios participam da lavagem simb\u00f3lica da frente da Matriz I da Caixa Econ\u00f4mica Federal, em Bras\u00edlia. O ato \u00e9 em defesa do fortalecimento do papel social do banco e contra a venda de setores estrat\u00e9gicos da institui\u00e7\u00e3o, como as \u00e1reas de Seguridade e de Cart\u00f5es e o futuro Banco Digital estruturado para o pagamento do aux\u00edlio emergencial e de outros benef\u00edcios sociais.<\/p>\n<p><strong>Hist\u00f3ria<\/strong><\/p>\n<p>No dia 12 de janeiro de 1861, Dom Pedro II assinava o Decreto 2.723, fundando a Caixa Econ\u00f4mica da Corte em um momento em que se intensificava o sonho da liberdade no Brasil. O prop\u00f3sito era incentivar a poupan\u00e7a e conceder empr\u00e9stimos sob penhor, com a garantia do governo imperial.<\/p>\n<p>Esta caracter\u00edstica diferenciava a Caixa de outras institui\u00e7\u00f5es da \u00e9poca, que agiam no mercado sem dar seguran\u00e7a aos depositantes ou cobravam juros excessivos dos devedores. Por isso, a Caixa Econ\u00f4mica rapidamente passou a ser procurada pelas camadas sociais mais populares, incluindo os escravos, que faziam poupan\u00e7a pela Caixa para pagar a carta de alforria. A caderneta de poupan\u00e7a n\u00famero 43 da Caixa Econ\u00f4mica de S\u00e3o Paulo, aberta em 1875, pertencia a Judas, escravo de Manuel de Andrade.<\/p>\n<p>&#8220;Desde o in\u00edcio, a Caixa estabeleceu seu foco no social, mantendo viva a rela\u00e7\u00e3o do banco com o sonho dos brasileiros: liberdade, oportunidade, ascens\u00e3o social e um futuro melhor&#8221;, destaca Takemoto.<\/p>\n<p><strong>Capilaridade<\/strong><\/p>\n<p>Atualmente, a Caixa Econ\u00f4mica Federal tem 54 mil pontos de atendimento no pa\u00eds. S\u00e3o 4,2 mil ag\u00eancias e postos, 8,6 mil correspondentes banc\u00e1rios, 12,9 mil lot\u00e9ricos e 28,3 mil caixas eletr\u00f4nicos (ATM\u2019s). Al\u00e9m disso, a Caixa \u00e9 o \u00fanico banco que chega aos locais mais remotos por meio de oito unidades-caminh\u00e3o e duas ag\u00eancias-barco na Regi\u00e3o Amaz\u00f4nica.<\/p>\n<p>Com esta capilaridade, a Caixa Econ\u00f4mica Federal contabiliza 145,4 milh\u00f5es de correntistas e poupadores, sendo 143,1 milh\u00f5es de pessoas f\u00edsicas e 2,3 milh\u00f5es de pessoas jur\u00eddicas.<\/p>\n<p>A empresa, que chegou a ter 101,5 mil trabalhadores em 2014, conta atualmente com 84,2 mil empregados. Apesar disso, o banco trabalha com a estimativa de desligamento de 7,2 mil trabalhadores por meio de PDV.<\/p>\n<p>Com a sa\u00edda de 2,3 mil empregados no \u00faltimo Programa de Desligamento Volunt\u00e1rio, o d\u00e9ficit de trabalhadores na Caixa se aproxima de 20 mil, colocando em risco real a capacidade e a qualidade da assist\u00eancia \u00e0 sociedade. \u201c\u00c9 preocupante o desligamento desses trabalhadores sem indica\u00e7\u00e3o do banco para a contrata\u00e7\u00e3o de novos empregados\u201d, alerta o presidente da Fenae. \u201cAl\u00e9m de piorar as condi\u00e7\u00f5es de trabalho, a falta de banc\u00e1rios pode prejudicar o atendimento \u00e0 popula\u00e7\u00e3o; principalmente, neste contexto de pandemia\u201d, observa Takemoto.<\/p>\n<p><strong>O banco da habita\u00e7\u00e3o, do cr\u00e9dito e da infraestrutura<\/strong><\/p>\n<p>A Caixa \u00e9 respons\u00e1vel por 90% da habita\u00e7\u00e3o popular no Brasil. Considerando todas as faixas de renda, o banco financia 70% do cr\u00e9dito neste segmento: nada menos que sete em cada dez cidad\u00e3os recorrem \u00e0 Caixa Econ\u00f4mica Federal para adquirir a casa pr\u00f3pria ou um im\u00f3vel comercial ou rural.<\/p>\n<p>Por dia, o banco realiza mais de 250 mil simula\u00e7\u00f5es e concretiza cerca de 4,4 mil avalia\u00e7\u00f5es de cr\u00e9dito habitacional. S\u00f3 em outubro do \u00faltimo ano, a Caixa atingiu a marca hist\u00f3rica de R$ 500 bilh\u00f5es no saldo da carteira nessa modalidade de empr\u00e9stimo.<\/p>\n<p>A Caixa Econ\u00f4mica tamb\u00e9m est\u00e1 presente na vida de empreendedores e \u00e9 o banco que mais facilita o cr\u00e9dito para os pequenos neg\u00f3cios. Em 2020, liberou mais de R$ 28 bilh\u00f5es em financiamentos a juros baixos para 300 mil pequenas e m\u00e9dias empresas. \u201cH\u00e1 160 anos, a Caixa \u00e9 o banco da cidadania, da distribui\u00e7\u00e3o de renda e da inclus\u00e3o social\u201d, refor\u00e7a Sergio Takemoto.<\/p>\n<p>A estatal \u00e9, ainda, a maior parceira dos estados e munic\u00edpios no financiamento de grandes obras de saneamento e infraestrutura \u2014 \u00e1reas essenciais para a garantia de melhor qualidade de vida \u00e0 popula\u00e7\u00e3o. Com o crescimento dos investimentos para estes segmentos e tamb\u00e9m \u00e0 mobilidade urbana, a Caixa se tornou o segundo maior financiador de projetos de longo prazo no pa\u00eds.<\/p>\n<p><strong>Fenae 50 anos<\/strong><\/p>\n<p>Al\u00e9m dos 160 anos da Caixa Econ\u00f4mica Federal, o ano de 2021 tamb\u00e9m marca as cinco d\u00e9cadas da Fenae. Em 29 de maio de 1971, em plena ditadura militar, a Federa\u00e7\u00e3o nascia no Clube Curitibano, em \u00c1gua Verde, bairro tradicional da capital do Paran\u00e1.<\/p>\n<p>A entidade foi criada no contexto do 6\u00ba Congresso Nacional das Associa\u00e7\u00f5es Economi\u00e1rias como express\u00e3o de um processo de resist\u00eancia e afirma\u00e7\u00e3o da categoria. \u201cE para unificar, de forma democr\u00e1tica, as demandas e os direitos dos trabalhadores da Caixa em todo o pa\u00eds, com incentivo a pr\u00e1ticas sociais, esportivas e culturais\u201d, completa o presidente da Fenae, Sergio Takemoto.<\/p>\n","protected":false},"excerpt":{"rendered":"<p>Empregados fazem a\u00e7\u00f5es contra privatiza\u00e7\u00e3o e por fortalecimento do papel social da empresa, \u00e0s 11horas, e lembram a trajet\u00f3ria da institui\u00e7\u00e3o desde 12 de janeiro de 1861. \u00c0s 12 horas, os banc\u00e1rios participam da lavagem simb\u00f3lica da frente da Matriz I da Caixa Econ\u00f4mica Federal, em Bras\u00edlia. Ano de 2021 tamb\u00e9m marca os 50 anos da Federa\u00e7\u00e3o Nacional das Associa\u00e7\u00f5es [&hellip;]<\/p>\n","protected":false},"author":27,"featured_media":0,"comment_status":"open","ping_status":"closed","sticky":false,"template":"","format":"standard","meta":{"footnotes":""},"categories":[2719],"tags":[3902,17262,10641,701,363,17256,87,576,2986,390,16335,2533,497,944,17255,3086,10851,1001,358,4634,4360],"class_list":["post-18699","post","type-post","status-publish","format-standard","hentry","category-servidor","tag-associacoes","tag-auxilio-emergencial","tag-caia","tag-caixa-economica-federal","tag-cartoes","tag-covid-19","tag-digital","tag-empregado","tag-empresa","tag-empresas","tag-fenae","tag-lavagem","tag-mobilizacoes","tag-municipios","tag-pandemia","tag-pdv","tag-politicas-publicas","tag-privatizacao","tag-renda","tag-seguridade","tag-trajetoria"],"_links":{"self":[{"href":"https:\/\/blogs.correiobraziliense.com.br\/servidor\/wp-json\/wp\/v2\/posts\/18699","targetHints":{"allow":["GET"]}}],"collection":[{"href":"https:\/\/blogs.correiobraziliense.com.br\/servidor\/wp-json\/wp\/v2\/posts"}],"about":[{"href":"https:\/\/blogs.correiobraziliense.com.br\/servidor\/wp-json\/wp\/v2\/types\/post"}],"author":[{"embeddable":true,"href":"https:\/\/blogs.correiobraziliense.com.br\/servidor\/wp-json\/wp\/v2\/users\/27"}],"replies":[{"embeddable":true,"href":"https:\/\/blogs.correiobraziliense.com.br\/servidor\/wp-json\/wp\/v2\/comments?post=18699"}],"version-history":[{"count":1,"href":"https:\/\/blogs.correiobraziliense.com.br\/servidor\/wp-json\/wp\/v2\/posts\/18699\/revisions"}],"predecessor-version":[{"id":18701,"href":"https:\/\/blogs.correiobraziliense.com.br\/servidor\/wp-json\/wp\/v2\/posts\/18699\/revisions\/18701"}],"wp:attachment":[{"href":"https:\/\/blogs.correiobraziliense.com.br\/servidor\/wp-json\/wp\/v2\/media?parent=18699"}],"wp:term":[{"taxonomy":"category","embeddable":true,"href":"https:\/\/blogs.correiobraziliense.com.br\/servidor\/wp-json\/wp\/v2\/categories?post=18699"},{"taxonomy":"post_tag","embeddable":true,"href":"https:\/\/blogs.correiobraziliense.com.br\/servidor\/wp-json\/wp\/v2\/tags?post=18699"}],"curies":[{"name":"wp","href":"https:\/\/api.w.org\/{rel}","templated":true}]}}