{"id":18696,"date":"2021-01-12T07:49:17","date_gmt":"2021-01-12T10:49:17","guid":{"rendered":"https:\/\/blogs.correiobraziliense.com.br\/servidor\/?p=18696"},"modified":"2021-01-11T20:58:14","modified_gmt":"2021-01-11T23:58:14","slug":"serjusmig-e-lucchesi-advogados-apresenta-novo-estudo-sobre-reforma-administrativa","status":"publish","type":"post","link":"https:\/\/blogs.correiobraziliense.com.br\/servidor\/serjusmig-e-lucchesi-advogados-apresenta-novo-estudo-sobre-reforma-administrativa\/","title":{"rendered":"Serjusmig e Lucchesi Advogados apresenta novo estudo sobre reforma administrativa"},"content":{"rendered":"<p><em><strong>Em continuidade ao projeto \u201cSaber Pensar &amp; Saber Intervir &#8211; A Reforma Administrativa: que seguran\u00e7a jur\u00eddica n\u00f3s temos, que seguran\u00e7a jur\u00eddica, n\u00f3s queremos?\u201d, parceria entre a Lucchesi Advogados Associados e o Sindicato dos Servidores da Justi\u00e7a de Primeira Inst\u00e2ncia do Estado de Minas Gerais (Serjusmig), foi divulgado o\u00a0<a href=\"http:\/\/site.serjusmig.org.br\/download\/3e55470bdbfed395f1b593d0241a57e41f10b0c7\">segundo trabalho apresentado, e-book<\/a>, com os principais aspectos da reforma administrativa, com an\u00e1lise cr\u00edtica pautada na moralidade, legalidade e racioc\u00ednio jur\u00eddico<\/strong><\/em><\/p>\n<p><img loading=\"lazy\" decoding=\"async\" class=\"alignright size-large wp-image-18697\" src=\"https:\/\/blogs.correiobraziliense.com.br\/servidor\/wp-content\/uploads\/sites\/10\/2021\/01\/sergusmig-lucchesi-reforma-administrativa-1024x629.jpg\" alt=\"\" width=\"1024\" height=\"629\" srcset=\"https:\/\/blogs.correiobraziliense.com.br\/servidor\/wp-content\/uploads\/sites\/10\/2021\/01\/sergusmig-lucchesi-reforma-administrativa-1024x629.jpg 1024w, https:\/\/blogs.correiobraziliense.com.br\/servidor\/wp-content\/uploads\/sites\/10\/2021\/01\/sergusmig-lucchesi-reforma-administrativa-300x184.jpg 300w, https:\/\/blogs.correiobraziliense.com.br\/servidor\/wp-content\/uploads\/sites\/10\/2021\/01\/sergusmig-lucchesi-reforma-administrativa-768x472.jpg 768w, https:\/\/blogs.correiobraziliense.com.br\/servidor\/wp-content\/uploads\/sites\/10\/2021\/01\/sergusmig-lucchesi-reforma-administrativa-800x491.jpg 800w, https:\/\/blogs.correiobraziliense.com.br\/servidor\/wp-content\/uploads\/sites\/10\/2021\/01\/sergusmig-lucchesi-reforma-administrativa-550x338.jpg 550w, https:\/\/blogs.correiobraziliense.com.br\/servidor\/wp-content\/uploads\/sites\/10\/2021\/01\/sergusmig-lucchesi-reforma-administrativa-230x141.jpg 230w, https:\/\/blogs.correiobraziliense.com.br\/servidor\/wp-content\/uploads\/sites\/10\/2021\/01\/sergusmig-lucchesi-reforma-administrativa.jpg 1280w\" sizes=\"auto, (max-width: 1024px) 100vw, 1024px\" \/><\/p>\n<p>O e-book apresenta argumenta\u00e7\u00f5es &#8220;que preservam ideias caras ao ordenamento jur\u00eddico, tais como seguran\u00e7a jur\u00eddica e a defesa do Estado prestacional de servi\u00e7os p\u00fablicos, em um imersivo estudo acerca da PEC 32\/2020, tema sens\u00edvel na vida dos atuais e futuros servidores, e toda a sociedade brasileira&#8221;, destacam os autores.<\/p>\n<p>S\u00e3o analisados os principais pontos da reforma administrativa apresentada, &#8220;destacando os seus retrocessos, deformas, potenciais inconstitucionalidades e desdobramentos que poder\u00e3o advir para o servi\u00e7o p\u00fablico caso tal projeto seja levado adiante&#8221;, reiteram.<\/p>\n<p>O projeto\u00a0<a href=\"http:\/\/site.serjusmig.org.br\/noticia\/6241\/serjusmig-inicia-projeto-em-parceria-com-lucchesi-advogados-sobre-reforma-administrativa-do-governo-bolsonaro\">\u201cSaber Pensar &amp; Saber Intervir &#8211; A Reforma Administrativa: que seguran\u00e7a jur\u00eddica n\u00f3s temos, que seguran\u00e7a jur\u00eddica, n\u00f3s queremos?\u201d<\/a>\u00a0traz informa\u00e7\u00f5es, estudos e reflex\u00f5es acerca dos principais pontos da reforma do governo Bolsonaro, em debate no Congresso Nacional desde o dia 3 de setembro, pela Proposta de Emenda Constitucional-PEC 32\/2020.<\/p>\n","protected":false},"excerpt":{"rendered":"<p>Em continuidade ao projeto \u201cSaber Pensar &amp; Saber Intervir &#8211; A Reforma Administrativa: que seguran\u00e7a jur\u00eddica n\u00f3s temos, que seguran\u00e7a jur\u00eddica, n\u00f3s queremos?\u201d, parceria entre a Lucchesi Advogados Associados e o Sindicato dos Servidores da Justi\u00e7a de Primeira Inst\u00e2ncia do Estado de Minas Gerais (Serjusmig), foi divulgado o\u00a0segundo trabalho apresentado, e-book, com os principais aspectos da reforma administrativa, com an\u00e1lise [&hellip;]<\/p>\n","protected":false},"author":27,"featured_media":0,"comment_status":"open","ping_status":"closed","sticky":false,"template":"","format":"standard","meta":{"footnotes":""},"categories":[2719],"tags":[693,56,2890,18618,4408,18387,18170,101,15938,208,14113,14379],"class_list":["post-18696","post","type-post","status-publish","format-standard","hentry","category-servidor","tag-congresso-nacional","tag-estado","tag-juridica","tag-justica-moralidade","tag-legalidade","tag-lucchesi-advogados","tag-pec-32-2020","tag-projeto","tag-reforma-administrativa","tag-seguranca","tag-serjusmig","tag-servicos-publicos"],"_links":{"self":[{"href":"https:\/\/blogs.correiobraziliense.com.br\/servidor\/wp-json\/wp\/v2\/posts\/18696","targetHints":{"allow":["GET"]}}],"collection":[{"href":"https:\/\/blogs.correiobraziliense.com.br\/servidor\/wp-json\/wp\/v2\/posts"}],"about":[{"href":"https:\/\/blogs.correiobraziliense.com.br\/servidor\/wp-json\/wp\/v2\/types\/post"}],"author":[{"embeddable":true,"href":"https:\/\/blogs.correiobraziliense.com.br\/servidor\/wp-json\/wp\/v2\/users\/27"}],"replies":[{"embeddable":true,"href":"https:\/\/blogs.correiobraziliense.com.br\/servidor\/wp-json\/wp\/v2\/comments?post=18696"}],"version-history":[{"count":1,"href":"https:\/\/blogs.correiobraziliense.com.br\/servidor\/wp-json\/wp\/v2\/posts\/18696\/revisions"}],"predecessor-version":[{"id":18698,"href":"https:\/\/blogs.correiobraziliense.com.br\/servidor\/wp-json\/wp\/v2\/posts\/18696\/revisions\/18698"}],"wp:attachment":[{"href":"https:\/\/blogs.correiobraziliense.com.br\/servidor\/wp-json\/wp\/v2\/media?parent=18696"}],"wp:term":[{"taxonomy":"category","embeddable":true,"href":"https:\/\/blogs.correiobraziliense.com.br\/servidor\/wp-json\/wp\/v2\/categories?post=18696"},{"taxonomy":"post_tag","embeddable":true,"href":"https:\/\/blogs.correiobraziliense.com.br\/servidor\/wp-json\/wp\/v2\/tags?post=18696"}],"curies":[{"name":"wp","href":"https:\/\/api.w.org\/{rel}","templated":true}]}}