{"id":18688,"date":"2021-01-07T18:26:14","date_gmt":"2021-01-07T21:26:14","guid":{"rendered":"https:\/\/blogs.correiobraziliense.com.br\/servidor\/?p=18688"},"modified":"2021-01-07T18:40:35","modified_gmt":"2021-01-07T21:40:35","slug":"justica-mantem-gratuidade-nos-transportes-para-maiores-de-60-anos","status":"publish","type":"post","link":"https:\/\/blogs.correiobraziliense.com.br\/servidor\/justica-mantem-gratuidade-nos-transportes-para-maiores-de-60-anos\/","title":{"rendered":"Justi\u00e7a mant\u00e9m gratuidade nos transportes para maiores de 60 anos"},"content":{"rendered":"<p><em><strong>O juiz Luiz Manuel Fonseca Pires, da 3\u00aa Vara da Fazenda P\u00fablica, revogou decreto do governador de S\u00e3o Paulo, Jo\u00e3o D\u00f3ria, e ordenou que o Estado mantenha a isen\u00e7\u00e3o de pagamento de transportes (\u00f4nibus, trens e metr\u00f4) para os maiores de 60 anos<\/strong><\/em><\/p>\n<p><img loading=\"lazy\" decoding=\"async\" class=\"alignright size-full wp-image-18689\" src=\"https:\/\/blogs.correiobraziliense.com.br\/servidor\/wp-content\/uploads\/sites\/10\/2021\/01\/idosos.jpg\" alt=\"\" width=\"263\" height=\"264\" srcset=\"https:\/\/blogs.correiobraziliense.com.br\/servidor\/wp-content\/uploads\/sites\/10\/2021\/01\/idosos.jpg 263w, https:\/\/blogs.correiobraziliense.com.br\/servidor\/wp-content\/uploads\/sites\/10\/2021\/01\/idosos-150x150.jpg 150w, https:\/\/blogs.correiobraziliense.com.br\/servidor\/wp-content\/uploads\/sites\/10\/2021\/01\/idosos-230x231.jpg 230w\" sizes=\"auto, (max-width: 263px) 100vw, 263px\" \/><\/p>\n<p>O magistrado atendeu o pedido do Sindicato Nacional dos Aposentados, Pensionistas e Idosos da For\u00e7a Sindical (Sindnapi), depois que o Decreto Estadual n\u00ba 65.414\/20 mudou um artigo de uma lei de 2013 e suspendeu a gratuidade. E deu prazo de 30 dias para que o governo apresente novos argumentos.<\/p>\n<p>Para Fonseca Pires, a proibi\u00e7\u00e3o do governo extrapolou seus poderes e afrontou o Legislativo, que deve tratar da mat\u00e9ria. &#8220;N\u00e3o pode o Poder Executivo utilizar-se de atribui\u00e7\u00e3o\u00a0afeta ao Poder Legislativo sob pena de afrontar o princ\u00edpio da triparti\u00e7\u00e3o dos poderes,\u00a0previsto no artigo 2\u00ba da Constitui\u00e7\u00e3o Federal&#8221;, afirma.<\/p>\n<p>&#8220;Por isto, defiro os efeitos da tutela provis\u00f3ria para determinar a\u00a0manuten\u00e7\u00e3o da isen\u00e7\u00e3o de pagamento de transporte aos maiores de 60 anos, obrigando\u00a0os r\u00e9us a permitir o transporte gratuito com a suspens\u00e3o do Decreto Estadual n\u00ba\u00a065.414\/20&#8221;, destacou o juiz.<\/p>\n<p><em>Ilustra\u00e7\u00e3o: Portal da Terceira Idade<\/em><\/p>\n","protected":false},"excerpt":{"rendered":"<p>O juiz Luiz Manuel Fonseca Pires, da 3\u00aa Vara da Fazenda P\u00fablica, revogou decreto do governador de S\u00e3o Paulo, Jo\u00e3o D\u00f3ria, e ordenou que o Estado mantenha a isen\u00e7\u00e3o de pagamento de transportes (\u00f4nibus, trens e metr\u00f4) para os maiores de 60 anos O magistrado atendeu o pedido do Sindicato Nacional dos Aposentados, Pensionistas e Idosos da For\u00e7a Sindical (Sindnapi), [&hellip;]<\/p>\n","protected":false},"author":27,"featured_media":0,"comment_status":"open","ping_status":"closed","sticky":false,"template":"","format":"standard","meta":{"footnotes":""},"categories":[2719],"tags":[2584,1172,9,3285,12335,443,6125,260,10,7521,430,151,1673,18617,4158,3920],"class_list":["post-18688","post","type-post","status-publish","format-standard","hentry","category-servidor","tag-constituicao","tag-decreto","tag-executivo","tag-governador","tag-gratuidade","tag-idosos","tag-isencao","tag-justica","tag-legislativo","tag-metro","tag-onibus","tag-pagamento","tag-sao-paulo","tag-sindnapi","tag-transportes","tag-trem"],"_links":{"self":[{"href":"https:\/\/blogs.correiobraziliense.com.br\/servidor\/wp-json\/wp\/v2\/posts\/18688","targetHints":{"allow":["GET"]}}],"collection":[{"href":"https:\/\/blogs.correiobraziliense.com.br\/servidor\/wp-json\/wp\/v2\/posts"}],"about":[{"href":"https:\/\/blogs.correiobraziliense.com.br\/servidor\/wp-json\/wp\/v2\/types\/post"}],"author":[{"embeddable":true,"href":"https:\/\/blogs.correiobraziliense.com.br\/servidor\/wp-json\/wp\/v2\/users\/27"}],"replies":[{"embeddable":true,"href":"https:\/\/blogs.correiobraziliense.com.br\/servidor\/wp-json\/wp\/v2\/comments?post=18688"}],"version-history":[{"count":2,"href":"https:\/\/blogs.correiobraziliense.com.br\/servidor\/wp-json\/wp\/v2\/posts\/18688\/revisions"}],"predecessor-version":[{"id":18691,"href":"https:\/\/blogs.correiobraziliense.com.br\/servidor\/wp-json\/wp\/v2\/posts\/18688\/revisions\/18691"}],"wp:attachment":[{"href":"https:\/\/blogs.correiobraziliense.com.br\/servidor\/wp-json\/wp\/v2\/media?parent=18688"}],"wp:term":[{"taxonomy":"category","embeddable":true,"href":"https:\/\/blogs.correiobraziliense.com.br\/servidor\/wp-json\/wp\/v2\/categories?post=18688"},{"taxonomy":"post_tag","embeddable":true,"href":"https:\/\/blogs.correiobraziliense.com.br\/servidor\/wp-json\/wp\/v2\/tags?post=18688"}],"curies":[{"name":"wp","href":"https:\/\/api.w.org\/{rel}","templated":true}]}}