{"id":18673,"date":"2021-01-07T11:57:15","date_gmt":"2021-01-07T14:57:15","guid":{"rendered":"https:\/\/blogs.correiobraziliense.com.br\/servidor\/?p=18673"},"modified":"2021-01-07T11:57:15","modified_gmt":"2021-01-07T14:57:15","slug":"unacon-sindical-reage-as-declaracoes-de-que-o-brasil-esta-quebrado","status":"publish","type":"post","link":"https:\/\/blogs.correiobraziliense.com.br\/servidor\/unacon-sindical-reage-as-declaracoes-de-que-o-brasil-esta-quebrado\/","title":{"rendered":"Unacon Sindical reage \u00e0s declara\u00e7\u00f5es de que \u201co Brasil est\u00e1 quebrado\u201d"},"content":{"rendered":"<p><em><strong>Por meio de nota, a Associa\u00e7\u00e3o Nacional dos Auditores e T\u00e9cnicos Federais de Finan\u00e7as e Controle (Unacon Sindical), em respostas \u00e0s declara\u00e7\u00f5es de Jair Bolsonaro, destaca que &#8220;o\u00a0que induz o governo brasileiro a \u2018n\u00e3o fazer nada\u2019 em 2021 s\u00e3o op\u00e7\u00f5es pol\u00edticas e restri\u00e7\u00f5es administrativas, como uma regra de teto de gastos mal desenhada e absolutamente inadequada \u00e0 situa\u00e7\u00e3o de crise atual\u201d<\/strong><\/em><\/p>\n<p><img loading=\"lazy\" decoding=\"async\" class=\"alignright size-full wp-image-18643\" src=\"https:\/\/blogs.correiobraziliense.com.br\/servidor\/wp-content\/uploads\/sites\/10\/2020\/12\/BRASIL-ESPERAN\u00c7A.jpg\" alt=\"\" width=\"500\" height=\"300\" srcset=\"https:\/\/blogs.correiobraziliense.com.br\/servidor\/wp-content\/uploads\/sites\/10\/2020\/12\/BRASIL-ESPERAN\u00c7A.jpg 500w, https:\/\/blogs.correiobraziliense.com.br\/servidor\/wp-content\/uploads\/sites\/10\/2020\/12\/BRASIL-ESPERAN\u00c7A-300x180.jpg 300w, https:\/\/blogs.correiobraziliense.com.br\/servidor\/wp-content\/uploads\/sites\/10\/2020\/12\/BRASIL-ESPERAN\u00c7A-230x138.jpg 230w\" sizes=\"auto, (max-width: 500px) 100vw, 500px\" \/><\/p>\n<p>No documento, a entidade refor\u00e7a, ainda, que &#8220;alternativas existem, assim como muita coisa a fazer: vacinar imediata, gratuita e\u00a0universalmente a popula\u00e7\u00e3o, manter o aux\u00edlio emergencial pelo per\u00edodo que for necess\u00e1rio,\u00a0planejar a retomada com sustentabilidade ambiental, recuperar o investimento p\u00fablico,\u00a0recompor sal\u00e1rios, tributar os mais ricos etc&#8221;.<\/p>\n<p>Veja a nota:<\/p>\n<p>&#8220;NOTA P\u00daBLICA: O BRASIL N\u00c3O EST\u00c1 QUEBRADO, MAS N\u00c3O \u00c9 UMA MARAVILHA<\/p>\n<p>A Diretoria Executiva Nacional (DEN) do Unacon Sindical vem a p\u00fablico manifestar-se em\u00a0rela\u00e7\u00e3o \u00e0s recentes declara\u00e7\u00f5es do presidente da Rep\u00fablica e do ministro da Economia de que\u00a0\u201co Brasil est\u00e1 quebrado\u201d e a \u201cculpa da situa\u00e7\u00e3o financeira dif\u00edcil \u00e9 do setor p\u00fablico\u201d. Passadas\u00a024 horas, o presidente voltou atr\u00e1s, como em outras ocasi\u00f5es, afirmando que \u201cn\u00e3o, o Brasil\u00a0est\u00e1 bem, est\u00e1 uma maravilha\u201d. As manifesta\u00e7\u00f5es foram publicadas na imprensa nesta\u00a0primeira semana de 2021.<\/p>\n<p>Nem o setor p\u00fablico nem o Brasil est\u00e3o quebrados. E n\u00e3o quebrar\u00e3o. Em 2020 o Banco Central\u00a0injetou mais de R$ 1 trilh\u00e3o no sistema financeiro. Do lado fiscal, as receitas do governo\u00a0federal despencaram, ao passo que o gasto aumentou para compensar parcialmente a\u00a0paralisia do circuito privado de produ\u00e7\u00e3o e gera\u00e7\u00e3o de renda. Enquanto isso, a taxa b\u00e1sica de\u00a0juros fixada pela autoridade monet\u00e1ria chegou ao m\u00ednimo hist\u00f3rico e o custo da d\u00edvida p\u00fablica\u00a0interna tamb\u00e9m caiu. Isso ocorreu no Brasil e em outros pa\u00edses soberanos monetariamente.<\/p>\n<p>Finan\u00e7as p\u00fablicas s\u00e3o diferentes de finan\u00e7as privadas. N\u00e3o h\u00e1 restri\u00e7\u00e3o estritamente financeira\u00a0ao gasto p\u00fablico e \u00e0 defesa da renda e do emprego da popula\u00e7\u00e3o por governos que emitem a\u00a0pr\u00f3pria moeda. O que induz o governo brasileiro a \u201cn\u00e3o fazer nada\u201d em 2021 s\u00e3o op\u00e7\u00f5es\u00a0pol\u00edticas e restri\u00e7\u00f5es administrativas, como uma regra de teto de despesas mal desenhada e\u00a0absolutamente inadequada \u00e0 situa\u00e7\u00e3o de crise atual.<\/p>\n<p>O Brasil n\u00e3o est\u00e1 quebrado, mas certamente n\u00e3o \u00e9 uma maravilha. O pa\u00eds se aproxima dos 200\u00a0mil \u00f3bitos oficiais decorrentes da pandemia com quase 8 milh\u00f5es de infectados, sem\u00a0perspectiva de revers\u00e3o da trajet\u00f3ria de cont\u00e1gio e com o sistema de sa\u00fade novamente \u00e0 beira\u00a0do colapso. A taxa de desemprego em ascens\u00e3o supera 14% da for\u00e7a de trabalho, enquanto a\u00a0informalidade chega a 34%. A mis\u00e9ria atinge 14 milh\u00f5es de fam\u00edlias, e dever\u00e1 se agravar com o\u00a0fim do aux\u00edlio emergencial.<\/p>\n<p>Depois da crise de 2015-2016 e da semi-estagna\u00e7\u00e3o do tri\u00eanio\u00a02017-2019, o PIB volta a mergulhar em 2020 regredindo ao n\u00edvel de 2010. Apesar do\u00a0desemprego e da compress\u00e3o de sal\u00e1rios, a infla\u00e7\u00e3o acelera em fun\u00e7\u00e3o da alta do d\u00f3lar, da\u00a0desorganiza\u00e7\u00e3o das cadeias produtivas, do desmonte dos estoques reguladores de alimentos e<br \/>\nda crise da infraestrutura.<\/p>\n<p>Estes problemas passam pela aus\u00eancia de projetos e de perspectiva de desenvolvimento\u00a0inclusivo, uma vez que a insist\u00eancia em cortes indiscriminados de gastos em plena emerg\u00eancia\u00a0sanit\u00e1ria, na redu\u00e7\u00e3o de direitos, no arrocho de sal\u00e1rios e na venda a qualquer pre\u00e7o a\u00a0qualquer momento do patrim\u00f4nio p\u00fablico, aponta para um futuro de regress\u00e3o produtiva com\u00a0pobreza, mis\u00e9ria e desigualdades crescentes, perpassado por instabilidade pol\u00edtica e social.<\/p>\n<p>Alternativas existem, assim como muita coisa a fazer: vacinar imediata, gratuita e\u00a0universalmente a popula\u00e7\u00e3o, manter o aux\u00edlio emergencial pelo per\u00edodo que for necess\u00e1rio,\u00a0planejar a retomada com sustentabilidade ambiental, recuperar o investimento p\u00fablico,\u00a0recompor sal\u00e1rios, tributar os mais ricos etc. A hora \u00e9 de lutar por elas.<\/p>\n<p>Bras\u00edlia, 6 de janeiro de 2021<br \/>\nA Diretoria Executiva Nacional do Unacon Sindical&#8221;<\/p>\n","protected":false},"excerpt":{"rendered":"<p>Por meio de nota, a Associa\u00e7\u00e3o Nacional dos Auditores e T\u00e9cnicos Federais de Finan\u00e7as e Controle (Unacon Sindical), em respostas \u00e0s declara\u00e7\u00f5es de Jair Bolsonaro, destaca que &#8220;o\u00a0que induz o governo brasileiro a \u2018n\u00e3o fazer nada\u2019 em 2021 s\u00e3o op\u00e7\u00f5es pol\u00edticas e restri\u00e7\u00f5es administrativas, como uma regra de teto de gastos mal desenhada e absolutamente inadequada \u00e0 situa\u00e7\u00e3o de crise [&hellip;]<\/p>\n","protected":false},"author":27,"featured_media":0,"comment_status":"open","ping_status":"closed","sticky":false,"template":"","format":"standard","meta":{"footnotes":""},"categories":[2719],"tags":[9386,17262,1236,164,16896,17256,366,2293,98,217,13649,1102,1609,706,2372,18613,358,2368,30,58,3231,12849,18029,1455],"class_list":["post-18673","post","type-post","status-publish","format-standard","hentry","category-servidor","tag-ambiental","tag-auxilio-emergencial","tag-banco-central","tag-brasil","tag-coronavirus","tag-covid-19","tag-crise","tag-desemprego","tag-governo","tag-investimento","tag-jair-bolsonaro","tag-juros","tag-moeda","tag-politicas","tag-producao","tag-quebrado","tag-renda","tag-ricos","tag-salarios","tag-servidores","tag-sustentabilidade","tag-teto-dos-gastos","tag-tributar","tag-unacon-sindical"],"_links":{"self":[{"href":"https:\/\/blogs.correiobraziliense.com.br\/servidor\/wp-json\/wp\/v2\/posts\/18673","targetHints":{"allow":["GET"]}}],"collection":[{"href":"https:\/\/blogs.correiobraziliense.com.br\/servidor\/wp-json\/wp\/v2\/posts"}],"about":[{"href":"https:\/\/blogs.correiobraziliense.com.br\/servidor\/wp-json\/wp\/v2\/types\/post"}],"author":[{"embeddable":true,"href":"https:\/\/blogs.correiobraziliense.com.br\/servidor\/wp-json\/wp\/v2\/users\/27"}],"replies":[{"embeddable":true,"href":"https:\/\/blogs.correiobraziliense.com.br\/servidor\/wp-json\/wp\/v2\/comments?post=18673"}],"version-history":[{"count":1,"href":"https:\/\/blogs.correiobraziliense.com.br\/servidor\/wp-json\/wp\/v2\/posts\/18673\/revisions"}],"predecessor-version":[{"id":18674,"href":"https:\/\/blogs.correiobraziliense.com.br\/servidor\/wp-json\/wp\/v2\/posts\/18673\/revisions\/18674"}],"wp:attachment":[{"href":"https:\/\/blogs.correiobraziliense.com.br\/servidor\/wp-json\/wp\/v2\/media?parent=18673"}],"wp:term":[{"taxonomy":"category","embeddable":true,"href":"https:\/\/blogs.correiobraziliense.com.br\/servidor\/wp-json\/wp\/v2\/categories?post=18673"},{"taxonomy":"post_tag","embeddable":true,"href":"https:\/\/blogs.correiobraziliense.com.br\/servidor\/wp-json\/wp\/v2\/tags?post=18673"}],"curies":[{"name":"wp","href":"https:\/\/api.w.org\/{rel}","templated":true}]}}