{"id":18668,"date":"2021-01-06T13:42:37","date_gmt":"2021-01-06T16:42:37","guid":{"rendered":"https:\/\/blogs.correiobraziliense.com.br\/servidor\/?p=18668"},"modified":"2021-01-06T13:56:34","modified_gmt":"2021-01-06T16:56:34","slug":"denuncias-do-sinagencias-se-baseiam-em-informacoes-equivocadas-afirma-buser","status":"publish","type":"post","link":"https:\/\/blogs.correiobraziliense.com.br\/servidor\/denuncias-do-sinagencias-se-baseiam-em-informacoes-equivocadas-afirma-buser\/","title":{"rendered":"Den\u00fancias do Sinag\u00eancias se baseiam em informa\u00e7\u00f5es equivocadas, afirma Buser"},"content":{"rendered":"<p><em><strong>Em resposta \u00e0s acusa\u00e7\u00f5es do<a href=\"https:\/\/blogs.correiobraziliense.com.br\/servidor\/sinagencias-denuncia-buser-ao-ministerio-publico-por-violacao-a-constituicao\/\"> Sinag\u00eancias, sobre viola\u00e7\u00e3o da empresa \u00e0 Constitui\u00e7\u00e3o,<\/a> a Buser destaca que &#8220;a den\u00fancia se baseia em informa\u00e7\u00f5es equivocadas&#8221; e que \u00e9 amparada pela lei e diz que &#8220;seguir\u00e1 buscando repara\u00e7\u00e3o pela via judicial de todas as autua\u00e7\u00f5es e apreens\u00f5es que descumprirem decis\u00f5es judiciais, ou ignorarem a legitimidade de sua atua\u00e7\u00e3o bem como de suas parceiras&#8221;<\/strong><\/em><\/p>\n<p><img loading=\"lazy\" decoding=\"async\" class=\"alignright size-large wp-image-18180\" src=\"https:\/\/blogs.correiobraziliense.com.br\/servidor\/wp-content\/uploads\/sites\/10\/2020\/10\/BUSER-MANIFESTA\u00c7\u00c3O-1024x768.jpg\" alt=\"\" width=\"1024\" height=\"768\" \/><\/p>\n<p>Veja a nota:<\/p>\n<p>&#8220;A \u201cden\u00fancia\u201d do Sinag\u00eancias se baseia em informa\u00e7\u00f5es equivocadas, que buscam distorcer os fatos e proteger uma minoria de maus profissionais, que hoje s\u00e3o alvo de processos judiciais por ultrapassarem os limites de suas fun\u00e7\u00f5es, cometendo abusos reiterados contra a Buser e seus parceiros.<\/p>\n<p>O sindicato tamb\u00e9m se equivoca ao afirmar que a Buser e suas parceiras n\u00e3o possuem \u201cautoriza\u00e7\u00e3o do poder p\u00fablico\u201d. A atua\u00e7\u00e3o da Buser, bem como de suas parceiras, \u00e9 amparada pela lei, pela Constitui\u00e7\u00e3o Federal e com dezenas de decis\u00f5es judiciais que n\u00e3o apenas reconhecem sua legalidade, como destacam o car\u00e1ter inovador e salutar de sua atua\u00e7\u00e3o para o mercado e, principalmente, aos consumidores.<\/p>\n<p>A t\u00edtulo de exemplo, o Tribunal de Justi\u00e7a de S\u00e3o Paulo, proferiu senten\u00e7a em dezembro de 2020, onde n\u00e3o apenas reconhece a legalidade da atividade exercida pela Buser, como destacou: \u201co monumental incremento da tecnologia permite novas formas de aproxima\u00e7\u00e3o entre fornecedores e os consumidores, em escalas que, antes, eram inimagin\u00e1veis.\u201d<\/p>\n<p>O magistrado ainda registrou sobre a atividade da Buser que \u201cem que pese os esfor\u00e7os empreendidos nas competentes manifesta\u00e7\u00f5es do sindicato autor, n\u00e3o exerce atividade de transporte. Este \u00e9 realizado por empresas conveniadas que sempre puderam, e ainda podem, prestar servi\u00e7os do fretamento individual.\u201d<\/p>\n<p>A Buser seguir\u00e1 buscando repara\u00e7\u00e3o pela via judicial de todas as autua\u00e7\u00f5es e apreens\u00f5es que descumprirem decis\u00f5es judiciais, ou ignorarem a legitimidade de sua atua\u00e7\u00e3o bem como de suas parceiras. A empresa tamb\u00e9m ir\u00e1 requerer a nulidade de todos os autos de infra\u00e7\u00e3o que n\u00e3o contenham de forma clara o nome do fiscal respons\u00e1vel pela apreens\u00e3o ilegal.<\/p>\n<p>A empresa e suas parceiras s\u00e3o igualmente contr\u00e1rias a qualquer forma de transporte clandestino e n\u00e3o ir\u00e3o tolerar, que sob o manto do Estado, maus profissionais cometam crimes e desrespeitem a Justi\u00e7a, colocando em risco milhares de empregos e o desenvolvimento socioecon\u00f4mico, t\u00e3o necess\u00e1rios ao Pa\u00eds, sob o falso pretexto de cumprir as normas vigentes.<\/p>\n<p>A Buser sempre respeitou os bons profissionais e sabe que estes s\u00e3o maioria dentre o quadro de fiscais. Todas as empresas que atuam pela Buser mant\u00e9m gravados em \u00e1udio e v\u00eddeo as apreens\u00f5es, que s\u00e3o analisadas pelo departamento jur\u00eddico, e vem sendo utilizadas como prova em a\u00e7\u00f5es de repara\u00e7\u00e3o e at\u00e9 de descumprimento da Lei de Abuso de Autoridade.<\/p>\n<p>Assessoria de Imprensa da Buser&#8221;<\/p>\n","protected":false},"excerpt":{"rendered":"<p>Em resposta \u00e0s acusa\u00e7\u00f5es do Sinag\u00eancias, sobre viola\u00e7\u00e3o da empresa \u00e0 Constitui\u00e7\u00e3o, a Buser destaca que &#8220;a den\u00fancia se baseia em informa\u00e7\u00f5es equivocadas&#8221; e que \u00e9 amparada pela lei e diz que &#8220;seguir\u00e1 buscando repara\u00e7\u00e3o pela via judicial de todas as autua\u00e7\u00f5es e apreens\u00f5es que descumprirem decis\u00f5es judiciais, ou ignorarem a legitimidade de sua atua\u00e7\u00e3o bem como de suas parceiras&#8221; [&hellip;]<\/p>\n","protected":false},"author":27,"featured_media":0,"comment_status":"open","ping_status":"closed","sticky":false,"template":"","format":"standard","meta":{"footnotes":""},"categories":[2719],"tags":[6123,775,18401,2584,874,1864,134,2086,1250,102,489,6691,1075,4560],"class_list":["post-18668","post","type-post","status-publish","format-standard","hentry","category-servidor","tag-apreensoes","tag-autuacoes","tag-buser","tag-constituicao","tag-consumidores","tag-decisoes","tag-denuncia","tag-judiciais","tag-legitimidade","tag-lei","tag-mercado","tag-parceiros","tag-profissionais","tag-sinagencias"],"_links":{"self":[{"href":"https:\/\/blogs.correiobraziliense.com.br\/servidor\/wp-json\/wp\/v2\/posts\/18668","targetHints":{"allow":["GET"]}}],"collection":[{"href":"https:\/\/blogs.correiobraziliense.com.br\/servidor\/wp-json\/wp\/v2\/posts"}],"about":[{"href":"https:\/\/blogs.correiobraziliense.com.br\/servidor\/wp-json\/wp\/v2\/types\/post"}],"author":[{"embeddable":true,"href":"https:\/\/blogs.correiobraziliense.com.br\/servidor\/wp-json\/wp\/v2\/users\/27"}],"replies":[{"embeddable":true,"href":"https:\/\/blogs.correiobraziliense.com.br\/servidor\/wp-json\/wp\/v2\/comments?post=18668"}],"version-history":[{"count":2,"href":"https:\/\/blogs.correiobraziliense.com.br\/servidor\/wp-json\/wp\/v2\/posts\/18668\/revisions"}],"predecessor-version":[{"id":18672,"href":"https:\/\/blogs.correiobraziliense.com.br\/servidor\/wp-json\/wp\/v2\/posts\/18668\/revisions\/18672"}],"wp:attachment":[{"href":"https:\/\/blogs.correiobraziliense.com.br\/servidor\/wp-json\/wp\/v2\/media?parent=18668"}],"wp:term":[{"taxonomy":"category","embeddable":true,"href":"https:\/\/blogs.correiobraziliense.com.br\/servidor\/wp-json\/wp\/v2\/categories?post=18668"},{"taxonomy":"post_tag","embeddable":true,"href":"https:\/\/blogs.correiobraziliense.com.br\/servidor\/wp-json\/wp\/v2\/tags?post=18668"}],"curies":[{"name":"wp","href":"https:\/\/api.w.org\/{rel}","templated":true}]}}