{"id":18656,"date":"2020-12-29T17:17:14","date_gmt":"2020-12-29T20:17:14","guid":{"rendered":"https:\/\/blogs.correiobraziliense.com.br\/servidor\/?p=18656"},"modified":"2020-12-29T17:17:14","modified_gmt":"2020-12-29T20:17:14","slug":"empresarios-acusam-prefeitura-de-discriminacao-por-fechamento-das-praias-do-rio-no-reveillon","status":"publish","type":"post","link":"https:\/\/blogs.correiobraziliense.com.br\/servidor\/empresarios-acusam-prefeitura-de-discriminacao-por-fechamento-das-praias-do-rio-no-reveillon\/","title":{"rendered":"Empres\u00e1rios acusam prefeitura de discrimina\u00e7\u00e3o por fechamento das praias do Rio no reveillon"},"content":{"rendered":"<p><strong><em>Empres\u00e1rios do setor de fretamento rodovi\u00e1rio do pa\u00eds afirmam que o decreto da prefeitura do Rio de Janeiro \u00e9 discriminat\u00f3rio. Se n\u00e3o for revisado, 60 mil turistas estar\u00e3o impedidos de entrar na cidade a partir do dia 30 de dezembro. Medida tamb\u00e9m ter\u00e1 impacto no transporte de um milh\u00e3o de passageiros que usam vans para locomo\u00e7\u00e3o na cidade<\/em><\/strong><\/p>\n<p><img loading=\"lazy\" decoding=\"async\" class=\"alignright size-full wp-image-18657\" src=\"https:\/\/blogs.correiobraziliense.com.br\/servidor\/wp-content\/uploads\/sites\/10\/2020\/12\/cristo-redentor.jpg\" alt=\"\" width=\"670\" height=\"446\" srcset=\"https:\/\/blogs.correiobraziliense.com.br\/servidor\/wp-content\/uploads\/sites\/10\/2020\/12\/cristo-redentor.jpg 670w, https:\/\/blogs.correiobraziliense.com.br\/servidor\/wp-content\/uploads\/sites\/10\/2020\/12\/cristo-redentor-300x200.jpg 300w, https:\/\/blogs.correiobraziliense.com.br\/servidor\/wp-content\/uploads\/sites\/10\/2020\/12\/cristo-redentor-550x366.jpg 550w, https:\/\/blogs.correiobraziliense.com.br\/servidor\/wp-content\/uploads\/sites\/10\/2020\/12\/cristo-redentor-230x153.jpg 230w\" sizes=\"auto, (max-width: 670px) 100vw, 670px\" \/><\/p>\n<p>A estimativa \u00e9 de profunda perda de renda ao setor e problemas no planejamento dos viajantes.\u00a0O preju\u00edzo para as pequenas empresas e turistas \u00e9 grande, segundo Reinaldo Ferreira, que preside a Associa\u00e7\u00e3o Brasiliense das Ag\u00eancias de Turismo Receptivo (Abare), que estima que apenas da regi\u00e3o Centro-Oeste do pa\u00eds, cerca de 170 \u00f4nibus e vans, com aproximadamente 3.400 passageiros, ser\u00e3o impedidas de adentrar \u00e0 capital carioca.<\/p>\n<p>\u201cN\u00f3s compreendemos que o momento \u00e9 dif\u00edcil, mas essa \u00e9 uma oportunidade \u00fanica para que as pequenas empresas possam diminuir um pouco os preju\u00edzos causados por um ano de grandes perdas. O decreto \u00e9 claramente discriminat\u00f3rio, pois n\u00e3o atinge nenhum outro modal. Al\u00e9m disso, agrava profundamente a crise que se abate sobre o setor do turismo e certamente causar\u00e1 desemprego a curto prazo, apesar da alta temporada\u201d, destaca Ferreira.<\/p>\n<p>Cerca de 60 mil turistas que usam o transporte fretado est\u00e3o impedidos de ingressar na cidade do Rio de Janeiro a partir do primeiro minuto do dia 30 de dezembro de 2020 at\u00e9 as 6 horas da manh\u00e3 do dia 01 de janeiro de 2021. A regra faz parte do decreto 48.322, assinado pelo prefeito em exerc\u00edcio Jorge Felippe (DEM), que pro\u00edbe o acesso de vans e \u00f4nibus fretados \u00e0 cidade.<\/p>\n<p>O texto, publicado nesta ter\u00e7a-feira (29) no Di\u00e1rio Oficial, causou revolta entre os empres\u00e1rios, que acusam a prefeitura de discrimina\u00e7\u00e3o social, uma vez que a proibi\u00e7\u00e3o n\u00e3o se estende aos turistas que chegarem \u00e0 cidade em navios, avi\u00f5es, ve\u00edculos particulares ou mesmo \u00f4nibus de linhas regulares, limitando a proibi\u00e7\u00e3o apenas aqueles que teoricamente t\u00eam poder aquisitivo mais baixo.<\/p>\n<p>\u201cH\u00e1 uma clara discrimina\u00e7\u00e3o contra o acesso de turistas que utilizam os transportes reconhecidamente mais baratos e populares. Isso causa um impacto social profundo e n\u00e3o combina com a tradi\u00e7\u00e3o da pr\u00f3pria cidade. O Rio de Janeiro fechou os bra\u00e7os aos mais pobres, com a desculpa de proteger a sociedade da pandemia\u201d, acrescentou Geraldo Maia, um dos diretores da Associa\u00e7\u00e3o de Micros, Pequenas e M\u00e9dias Empresas de Fretamento e de Turismo do Estado de S\u00e3o Paulo.<\/p>\n<p>Quem tamb\u00e9m se manifestou foi D\u00eanis Marciano, diretor do Movimento Fretadores Pela Liberdade. &#8220;\u00c9 um absurdo. A malha a\u00e9rea vai descer 300 ou 500 voos nesse per\u00edodo. A proibi\u00e7\u00e3o s\u00f3 atinge vans e \u00f4nibus fretados. A regra teria que ser para todos. N\u00e3o pode separar o modal rodovi\u00e1rio do modal aeroporto&#8221;.<\/p>\n<p>Segundo ele, esse tipo de discrimina\u00e7\u00e3o, que atinge sobretudo parte da popula\u00e7\u00e3o que busca transporte mais barato, \u00e9 inaceit\u00e1vel e deveria ser revisto j\u00e1 pela prefeitura ou, em \u00faltimo caso, pela Justi\u00e7a. Ele argumenta que a proibi\u00e7\u00e3o prejudica o direito n\u00e3o apenas de turistas, mas de moradores da cidade. \u201cTem muita gente que aproveita o feriado para passar alguns dias com a fam\u00edlia. Tem que olhar isso tamb\u00e9m&#8221;, afirmou Marciano.<\/p>\n<p>Desde o in\u00edcio da pandemia, as restri\u00e7\u00f5es praticamente inviabilizaram a atua\u00e7\u00e3o de pelo menos 13 mil vans que atuam no Rio de Janeiro. \u201cNosso preju\u00edzo esse ano foi perto de 100%. Precisamos demitir funcion\u00e1rios, muitos n\u00e3o puderam manter as presta\u00e7\u00f5es dos financiamentos em dia. Esse decreto nos pro\u00edbe de fazer o pouco que poder\u00edamos neste ano, afirma Anderson Garcia Borges, o Lob\u00e3o, que representante dos transportadores de fretamento de turismo do Rio de Janeiro.<\/p>\n<p>Segundo Lob\u00e3o, em m\u00e9dia as vans carregam 9 passageiros por viagem, fazendo uma m\u00e9dia de 10 viagens por dia em datas como o r\u00e9veillon, o que significa mais de um milh\u00e3o de passageiros sem acesso ao transporte por conta do decreto.<\/p>\n<p><strong>Foto: Viator<\/strong><\/p>\n","protected":false},"excerpt":{"rendered":"<p>Empres\u00e1rios do setor de fretamento rodovi\u00e1rio do pa\u00eds afirmam que o decreto da prefeitura do Rio de Janeiro \u00e9 discriminat\u00f3rio. Se n\u00e3o for revisado, 60 mil turistas estar\u00e3o impedidos de entrar na cidade a partir do dia 30 de dezembro. Medida tamb\u00e9m ter\u00e1 impacto no transporte de um milh\u00e3o de passageiros que usam vans para locomo\u00e7\u00e3o na cidade A estimativa [&hellip;]<\/p>\n","protected":false},"author":27,"featured_media":0,"comment_status":"open","ping_status":"closed","sticky":false,"template":"","format":"standard","meta":{"footnotes":""},"categories":[2719],"tags":[4698,366,2293,9236,2860,18444,6223,18610,17255,5139,668,14477,9213,1518,10070,754,8559,18611,4697,2679,4738],"class_list":["post-18656","post","type-post","status-publish","format-standard","hentry","category-servidor","tag-centro-oeste","tag-crise","tag-desemprego","tag-diario-oficial","tag-discriminacao","tag-fretamento","tag-locomocao","tag-modal","tag-pandemia","tag-passageiros","tag-perdas","tag-praias","tag-prefeitura","tag-prejuizos","tag-reveillon","tag-rio-de-janeiro","tag-rodoviario","tag-temporada","tag-turismo","tag-turistas","tag-vans"],"_links":{"self":[{"href":"https:\/\/blogs.correiobraziliense.com.br\/servidor\/wp-json\/wp\/v2\/posts\/18656","targetHints":{"allow":["GET"]}}],"collection":[{"href":"https:\/\/blogs.correiobraziliense.com.br\/servidor\/wp-json\/wp\/v2\/posts"}],"about":[{"href":"https:\/\/blogs.correiobraziliense.com.br\/servidor\/wp-json\/wp\/v2\/types\/post"}],"author":[{"embeddable":true,"href":"https:\/\/blogs.correiobraziliense.com.br\/servidor\/wp-json\/wp\/v2\/users\/27"}],"replies":[{"embeddable":true,"href":"https:\/\/blogs.correiobraziliense.com.br\/servidor\/wp-json\/wp\/v2\/comments?post=18656"}],"version-history":[{"count":1,"href":"https:\/\/blogs.correiobraziliense.com.br\/servidor\/wp-json\/wp\/v2\/posts\/18656\/revisions"}],"predecessor-version":[{"id":18658,"href":"https:\/\/blogs.correiobraziliense.com.br\/servidor\/wp-json\/wp\/v2\/posts\/18656\/revisions\/18658"}],"wp:attachment":[{"href":"https:\/\/blogs.correiobraziliense.com.br\/servidor\/wp-json\/wp\/v2\/media?parent=18656"}],"wp:term":[{"taxonomy":"category","embeddable":true,"href":"https:\/\/blogs.correiobraziliense.com.br\/servidor\/wp-json\/wp\/v2\/categories?post=18656"},{"taxonomy":"post_tag","embeddable":true,"href":"https:\/\/blogs.correiobraziliense.com.br\/servidor\/wp-json\/wp\/v2\/tags?post=18656"}],"curies":[{"name":"wp","href":"https:\/\/api.w.org\/{rel}","templated":true}]}}