{"id":18633,"date":"2020-12-23T07:52:40","date_gmt":"2020-12-23T10:52:40","guid":{"rendered":"https:\/\/blogs.correiobraziliense.com.br\/servidor\/?p=18633"},"modified":"2020-12-23T00:00:47","modified_gmt":"2020-12-23T03:00:47","slug":"metalurgicos-farao-hoje-protesto-em-frente-ao-consulado-do-canada","status":"publish","type":"post","link":"https:\/\/blogs.correiobraziliense.com.br\/servidor\/metalurgicos-farao-hoje-protesto-em-frente-ao-consulado-do-canada\/","title":{"rendered":"Metal\u00fargicos far\u00e3o hoje protesto em frente ao Consulado do Canad\u00e1"},"content":{"rendered":"<p><em><strong>O Sindicato dos Metal\u00fargicos de Santo Andr\u00e9 e Mau\u00e1 e os trabalhadores da unidade da Paranapanema em Santo Andr\u00e9 v\u00e3o protestar nesta quarta, dia 23 de dezembro, 10 horas, em frente ao Consulado Canadense, no Centro Empresarial Na\u00e7\u00f5es Unidas &#8211; Torre Norte, Av. das Na\u00e7\u00f5es Unidas, 12901, 16\u00ba andar, S\u00e3o Paulo<\/strong><\/em><\/p>\n<p><img loading=\"lazy\" decoding=\"async\" class=\"alignright size-full wp-image-18634\" src=\"https:\/\/blogs.correiobraziliense.com.br\/servidor\/wp-content\/uploads\/sites\/10\/2020\/12\/PARANAPANEMA-SANTO-ANDR\u00c9.jpg\" alt=\"\" width=\"200\" height=\"200\" \/><\/p>\n<p>Depois, os trabalhadores v\u00e3o seguir em caminhada para sede do Scotiabank, na Av. Faria Lima, 2.277. Eles querem que a institui\u00e7\u00e3o financeira\u00a0canadense negocie a d\u00edvida com a Paranapanema, como j\u00e1 foi feito com outros 10 credores da empresa. O sindicato explica que, sem negociar, o Scotiabank entrou com pedido de fal\u00eancia da Paranapanema, que foi suspenso por liminar.<\/p>\n<p>Se o pedido de fal\u00eancia for mantido, coloca em risco o emprego de 2.300 trabalhadores em unidades da Paranapanema em Santo Andr\u00e9 (SP), Dias D&#8217;Avila (BA) e Serra (ES). No mercado desde 1961, a Paranapanema atua no segmento de semimanufaturados de cobre.<\/p>\n","protected":false},"excerpt":{"rendered":"<p>O Sindicato dos Metal\u00fargicos de Santo Andr\u00e9 e Mau\u00e1 e os trabalhadores da unidade da Paranapanema em Santo Andr\u00e9 v\u00e3o protestar nesta quarta, dia 23 de dezembro, 10 horas, em frente ao Consulado Canadense, no Centro Empresarial Na\u00e7\u00f5es Unidas &#8211; Torre Norte, Av. das Na\u00e7\u00f5es Unidas, 12901, 16\u00ba andar, S\u00e3o Paulo Depois, os trabalhadores v\u00e3o seguir em caminhada para sede [&hellip;]<\/p>\n","protected":false},"author":27,"featured_media":0,"comment_status":"open","ping_status":"closed","sticky":false,"template":"","format":"standard","meta":{"footnotes":""},"categories":[2719],"tags":[18597,18594,7232,1461,197,1736,18592,128,18593,12471,18595,18596,19],"class_list":["post-18633","post","type-post","status-publish","format-standard","hentry","category-servidor","tag-cobre","tag-consulado-canadense","tag-credores","tag-divida","tag-emprego","tag-falencia","tag-maua","tag-metalurgicos","tag-paranapanema","tag-santo-andre","tag-scotiabank","tag-semimanufaturados","tag-trabalhadores"],"_links":{"self":[{"href":"https:\/\/blogs.correiobraziliense.com.br\/servidor\/wp-json\/wp\/v2\/posts\/18633","targetHints":{"allow":["GET"]}}],"collection":[{"href":"https:\/\/blogs.correiobraziliense.com.br\/servidor\/wp-json\/wp\/v2\/posts"}],"about":[{"href":"https:\/\/blogs.correiobraziliense.com.br\/servidor\/wp-json\/wp\/v2\/types\/post"}],"author":[{"embeddable":true,"href":"https:\/\/blogs.correiobraziliense.com.br\/servidor\/wp-json\/wp\/v2\/users\/27"}],"replies":[{"embeddable":true,"href":"https:\/\/blogs.correiobraziliense.com.br\/servidor\/wp-json\/wp\/v2\/comments?post=18633"}],"version-history":[{"count":1,"href":"https:\/\/blogs.correiobraziliense.com.br\/servidor\/wp-json\/wp\/v2\/posts\/18633\/revisions"}],"predecessor-version":[{"id":18635,"href":"https:\/\/blogs.correiobraziliense.com.br\/servidor\/wp-json\/wp\/v2\/posts\/18633\/revisions\/18635"}],"wp:attachment":[{"href":"https:\/\/blogs.correiobraziliense.com.br\/servidor\/wp-json\/wp\/v2\/media?parent=18633"}],"wp:term":[{"taxonomy":"category","embeddable":true,"href":"https:\/\/blogs.correiobraziliense.com.br\/servidor\/wp-json\/wp\/v2\/categories?post=18633"},{"taxonomy":"post_tag","embeddable":true,"href":"https:\/\/blogs.correiobraziliense.com.br\/servidor\/wp-json\/wp\/v2\/tags?post=18633"}],"curies":[{"name":"wp","href":"https:\/\/api.w.org\/{rel}","templated":true}]}}