{"id":18630,"date":"2020-12-22T21:49:57","date_gmt":"2020-12-23T00:49:57","guid":{"rendered":"https:\/\/blogs.correiobraziliense.com.br\/servidor\/?p=18630"},"modified":"2020-12-22T21:49:57","modified_gmt":"2020-12-23T00:49:57","slug":"cgu-quer-expandir-suas-instalacoes-em-plena-pandemia","status":"publish","type":"post","link":"https:\/\/blogs.correiobraziliense.com.br\/servidor\/cgu-quer-expandir-suas-instalacoes-em-plena-pandemia\/","title":{"rendered":"CGU quer expandir suas instala\u00e7\u00f5es em plena pandemia"},"content":{"rendered":"<p><em><strong>Em movimento contr\u00e1rio \u00e0 tend\u00eancia de redu\u00e7\u00e3o de espa\u00e7o f\u00edsico durante a pandemia, a Controladoria-Geral da Uni\u00e3o (CGU) fez um chamamento p\u00fablico, divulgado na sexta-feira passada no Di\u00e1rio Oficial da Uni\u00e3o (DOU), pelo Minist\u00e9rio da Economia, para uma permuta de im\u00f3veis no DF, com o objetivo de &#8220;acomodar 1.548 pessoas, entre servidores (ativos e cedidos), estagi\u00e1rios e terceirizados&#8221;<\/strong><\/em><\/p>\n<p><img loading=\"lazy\" decoding=\"async\" class=\"alignright size-full wp-image-18631\" src=\"https:\/\/blogs.correiobraziliense.com.br\/servidor\/wp-content\/uploads\/sites\/10\/2020\/12\/CGU-PERMUTA.jpeg\" alt=\"\" width=\"266\" height=\"400\" srcset=\"https:\/\/blogs.correiobraziliense.com.br\/servidor\/wp-content\/uploads\/sites\/10\/2020\/12\/CGU-PERMUTA.jpeg 266w, https:\/\/blogs.correiobraziliense.com.br\/servidor\/wp-content\/uploads\/sites\/10\/2020\/12\/CGU-PERMUTA-200x300.jpeg 200w, https:\/\/blogs.correiobraziliense.com.br\/servidor\/wp-content\/uploads\/sites\/10\/2020\/12\/CGU-PERMUTA-230x346.jpeg 230w\" sizes=\"auto, (max-width: 266px) 100vw, 266px\" \/><\/p>\n<p>Para especialistas em finan\u00e7as p\u00fablicas, a iniciativa \u00e9 absurda, principalmente pelas dimens\u00f5es especificadas no DOU: exig\u00eancia de \u00e1rea \u00fatil de 15.780m\u00b2. E tamb\u00e9m n\u00e3o est\u00e3o convencidos da necessidade de expans\u00e3o, j\u00e1 que a maioria dos funcion\u00e1rios est\u00e1 em home office. &#8221;\u00a0A CGU deveria, juntamente com a Economia, estar reestruturando, redesenhando a Esplanada. As grandes empresas est\u00e3o racionalizando os espa\u00e7os,l entregando pr\u00e9dios e salas. O setor p\u00fablico brasileiro \u00e9 paquid\u00e9rmico, corporativo, ineficiente e caro. O pa\u00eds com uma d\u00edvida de 95% do PIB, e os \u00f3rg\u00e3os p\u00fablicos pleiteando mais espa\u00e7os em plena pandemia. Os im\u00f3veis ofertados em permuta deveriam ser vendidos&#8221;, afirma o economista Gil Castello Branco, secret\u00e1rio-geral da Associa\u00e7\u00e3o Contas Abertas.<\/p>\n<p>Ele citou exemplos de empresas p\u00fablica e privadas. Not\u00edcias divulgadas pela m\u00eddia informam que a Petrobras, por exemplo, anunciou que pode liberar pr\u00e9dios e cortar custos com escrit\u00f3rios. At\u00e9 as ricas do mercado financeiro seguem o mesmo caminho. A XP Investimentos, igualmente, anunciou que vai &#8220;adotar trabalho remoto permanente&#8221;. &#8220;A CGU e a administra\u00e7\u00e3o p\u00fablica federal na contram\u00e3o.\u00a0O pior \u00e9 que ser\u00e1 um p\u00e9ssimo exemplo. Se a CGU est\u00e1 nessa linha, o que esperar dos outros \u00f3rg\u00e3os?&#8221;, questiona Castello Branco.<\/p>\n","protected":false},"excerpt":{"rendered":"<p>Em movimento contr\u00e1rio \u00e0 tend\u00eancia de redu\u00e7\u00e3o de espa\u00e7o f\u00edsico durante a pandemia, a Controladoria-Geral da Uni\u00e3o (CGU) fez um chamamento p\u00fablico, divulgado na sexta-feira passada no Di\u00e1rio Oficial da Uni\u00e3o (DOU), pelo Minist\u00e9rio da Economia, para uma permuta de im\u00f3veis no DF, com o objetivo de &#8220;acomodar 1.548 pessoas, entre servidores (ativos e cedidos), estagi\u00e1rios e terceirizados&#8221; Para especialistas [&hellip;]<\/p>\n","protected":false},"author":27,"featured_media":0,"comment_status":"open","ping_status":"closed","sticky":false,"template":"","format":"standard","meta":{"footnotes":""},"categories":[2719],"tags":[2910,865,1785,2035,18589,1769,390,3100,56,901,2302,1832,7067,14327,17255,18590,13439,1804,241,58,9835,1090,18591],"class_list":["post-18630","post","type-post","status-publish","format-standard","hentry","category-servidor","tag-area","tag-ativos","tag-cedidos","tag-cgu","tag-chamamento","tag-dou","tag-empresas","tag-espaco","tag-estado","tag-estagiarios","tag-home-office","tag-imoveis","tag-instalacoes","tag-ministerio-da-economia","tag-pandemia","tag-permuta","tag-permutar","tag-pib","tag-publico","tag-servidores","tag-setor-privado","tag-terceirizados","tag-util"],"_links":{"self":[{"href":"https:\/\/blogs.correiobraziliense.com.br\/servidor\/wp-json\/wp\/v2\/posts\/18630","targetHints":{"allow":["GET"]}}],"collection":[{"href":"https:\/\/blogs.correiobraziliense.com.br\/servidor\/wp-json\/wp\/v2\/posts"}],"about":[{"href":"https:\/\/blogs.correiobraziliense.com.br\/servidor\/wp-json\/wp\/v2\/types\/post"}],"author":[{"embeddable":true,"href":"https:\/\/blogs.correiobraziliense.com.br\/servidor\/wp-json\/wp\/v2\/users\/27"}],"replies":[{"embeddable":true,"href":"https:\/\/blogs.correiobraziliense.com.br\/servidor\/wp-json\/wp\/v2\/comments?post=18630"}],"version-history":[{"count":1,"href":"https:\/\/blogs.correiobraziliense.com.br\/servidor\/wp-json\/wp\/v2\/posts\/18630\/revisions"}],"predecessor-version":[{"id":18632,"href":"https:\/\/blogs.correiobraziliense.com.br\/servidor\/wp-json\/wp\/v2\/posts\/18630\/revisions\/18632"}],"wp:attachment":[{"href":"https:\/\/blogs.correiobraziliense.com.br\/servidor\/wp-json\/wp\/v2\/media?parent=18630"}],"wp:term":[{"taxonomy":"category","embeddable":true,"href":"https:\/\/blogs.correiobraziliense.com.br\/servidor\/wp-json\/wp\/v2\/categories?post=18630"},{"taxonomy":"post_tag","embeddable":true,"href":"https:\/\/blogs.correiobraziliense.com.br\/servidor\/wp-json\/wp\/v2\/tags?post=18630"}],"curies":[{"name":"wp","href":"https:\/\/api.w.org\/{rel}","templated":true}]}}