{"id":18627,"date":"2020-12-22T17:01:44","date_gmt":"2020-12-22T20:01:44","guid":{"rendered":"https:\/\/blogs.correiobraziliense.com.br\/servidor\/?p=18627"},"modified":"2020-12-22T17:01:44","modified_gmt":"2020-12-22T20:01:44","slug":"horarios-de-atendimento-do-inss-no-final-de-ano","status":"publish","type":"post","link":"https:\/\/blogs.correiobraziliense.com.br\/servidor\/horarios-de-atendimento-do-inss-no-final-de-ano\/","title":{"rendered":"Hor\u00e1rios de atendimento do INSS no final de ano"},"content":{"rendered":"<p><em><strong>O INSS informa que, nos dias 24 e 31 de dezembro, as ag\u00eancias de atendimento v\u00e3o funcionar das 7h \u00e0s 14h e estar\u00e3o fechadas nos dias 25 de dezembro e 1 de janeiro de 2021, devido aos feriados nacionais.<\/strong><\/em><\/p>\n<p>Haver\u00e1 altera\u00e7\u00e3o tamb\u00e9m no hor\u00e1rio de atendimento pela Central 135, nos dias 24 e 31, que ser\u00e1 das 7h \u00e0s 19h. Segurados que necessitarem de servi\u00e7os e requerimento de benef\u00edcios podem utilizar o Meu INSS (gov.br\/meuinss) e tamb\u00e9m pelo aplicativo.<\/p>\n","protected":false},"excerpt":{"rendered":"<p>O INSS informa que, nos dias 24 e 31 de dezembro, as ag\u00eancias de atendimento v\u00e3o funcionar das 7h \u00e0s 14h e estar\u00e3o fechadas nos dias 25 de dezembro e 1 de janeiro de 2021, devido aos feriados nacionais. Haver\u00e1 altera\u00e7\u00e3o tamb\u00e9m no hor\u00e1rio de atendimento pela Central 135, nos dias 24 e 31, que ser\u00e1 das 7h \u00e0s 19h. [&hellip;]<\/p>\n","protected":false},"author":27,"featured_media":0,"comment_status":"open","ping_status":"closed","sticky":false,"template":"","format":"standard","meta":{"footnotes":""},"categories":[2719],"tags":[551,852,4487,14157,12039,11,1379],"class_list":["post-18627","post","type-post","status-publish","format-standard","hentry","category-servidor","tag-atendimento","tag-beneficios","tag-feriados","tag-fim-de-ano","tag-horarios","tag-inss","tag-servicos"],"_links":{"self":[{"href":"https:\/\/blogs.correiobraziliense.com.br\/servidor\/wp-json\/wp\/v2\/posts\/18627","targetHints":{"allow":["GET"]}}],"collection":[{"href":"https:\/\/blogs.correiobraziliense.com.br\/servidor\/wp-json\/wp\/v2\/posts"}],"about":[{"href":"https:\/\/blogs.correiobraziliense.com.br\/servidor\/wp-json\/wp\/v2\/types\/post"}],"author":[{"embeddable":true,"href":"https:\/\/blogs.correiobraziliense.com.br\/servidor\/wp-json\/wp\/v2\/users\/27"}],"replies":[{"embeddable":true,"href":"https:\/\/blogs.correiobraziliense.com.br\/servidor\/wp-json\/wp\/v2\/comments?post=18627"}],"version-history":[{"count":1,"href":"https:\/\/blogs.correiobraziliense.com.br\/servidor\/wp-json\/wp\/v2\/posts\/18627\/revisions"}],"predecessor-version":[{"id":18628,"href":"https:\/\/blogs.correiobraziliense.com.br\/servidor\/wp-json\/wp\/v2\/posts\/18627\/revisions\/18628"}],"wp:attachment":[{"href":"https:\/\/blogs.correiobraziliense.com.br\/servidor\/wp-json\/wp\/v2\/media?parent=18627"}],"wp:term":[{"taxonomy":"category","embeddable":true,"href":"https:\/\/blogs.correiobraziliense.com.br\/servidor\/wp-json\/wp\/v2\/categories?post=18627"},{"taxonomy":"post_tag","embeddable":true,"href":"https:\/\/blogs.correiobraziliense.com.br\/servidor\/wp-json\/wp\/v2\/tags?post=18627"}],"curies":[{"name":"wp","href":"https:\/\/api.w.org\/{rel}","templated":true}]}}