{"id":18619,"date":"2020-12-21T13:45:50","date_gmt":"2020-12-21T16:45:50","guid":{"rendered":"https:\/\/blogs.correiobraziliense.com.br\/servidor\/?p=18619"},"modified":"2020-12-21T13:45:50","modified_gmt":"2020-12-21T16:45:50","slug":"conamp-defende-aprovacao-de-projeto-sobre-prevencao-e-tratamento-de-superindividamento","status":"publish","type":"post","link":"https:\/\/blogs.correiobraziliense.com.br\/servidor\/conamp-defende-aprovacao-de-projeto-sobre-prevencao-e-tratamento-de-superindividamento\/","title":{"rendered":"Conamp defende aprova\u00e7\u00e3o de projeto sobre preven\u00e7\u00e3o e tratamento de superindividamento"},"content":{"rendered":"<p><strong><em>A<\/em> Associa\u00e7\u00e3o Nacional dos Membros do Minist\u00e9rio P\u00fablico (Conamp)\u00a0publicou, hoje (21), nota t\u00e9cnica favor\u00e1vel aprova\u00e7\u00e3o do PL 3.515\/2015, que altera o C\u00f3digo de Defesa do Consumidor para aperfei\u00e7oar e disciplinar o cr\u00e9dito ao consumidor. O PL est\u00e1 na pauta para ser votado ainda nessa tarde, na C\u00e2mara dos Deputados, em regime de urg\u00eancia<\/strong><\/p>\n<p>No documento, a entidade destaca que, enquanto &#8220;as pessoas jur\u00eddicas s\u00e3o j\u00e1 contempladas com institutos de\u00a0aux\u00edlio legal e equil\u00edbrio entre credores (fal\u00eancia e recupera\u00e7\u00e3o judicial), as\u00a0pessoas naturais n\u00e3o t\u00eam legisla\u00e7\u00f5es da mesma natureza, estando\u00a0desprovidas da necess\u00e1ria prote\u00e7\u00e3o&#8221;.\u00a0O relator, deputado Franco Cartafina (PP-MG), apresentou substitutivo com altera\u00e7\u00f5esano texto. Se aprovado sem novas mudan\u00e7as, a proposta segue para san\u00e7\u00e3o.<\/p>\n<p>\u201cNeste sentido, a CONAMP reitera aos senhores ilustres parlamentares que, em \u00e9pocas como a presente, o PL 3.515\/15 potencializa a concretude e efetividade do C\u00f3digo de Defesa do Consumidor de forma a incluir, precaver, prevenir e acolher a pessoa vulner\u00e1vel, tornando o mercado mais equilibrado, democr\u00e1tico e, sobretudo, humano. Ao ensejo, reafirmamos que o PL 3.515\/2015 que disp\u00f5e sobre a preven\u00e7\u00e3o e tratamento do superendividamento, em tr\u00e2mite na C\u00e2mara dos Deputados, constitui ex\u00edmio modelo funcional e contribui\u00e7\u00e3o legislativa para a retomada do papel protagonista do consumidor no que tange a respectiva tutela ao m\u00ednimo existencial (CF, art. 6\u00ba), permitindo, inclusive, retorno de aportes financeiros aos pr\u00f3prios fornecedores.\u201d<\/p>\n<p>Veja a <a href=\"https:\/\/www.conamp.org.br\/images\/bkp\/notas-tecnicas\/PL_3515_-_conamp_-_superendividamento.pdf\">nota t\u00e9cnica<\/a>.<\/p>\n<p>&nbsp;<\/p>\n","protected":false},"excerpt":{"rendered":"<p>A Associa\u00e7\u00e3o Nacional dos Membros do Minist\u00e9rio P\u00fablico (Conamp)\u00a0publicou, hoje (21), nota t\u00e9cnica favor\u00e1vel aprova\u00e7\u00e3o do PL 3.515\/2015, que altera o C\u00f3digo de Defesa do Consumidor para aperfei\u00e7oar e disciplinar o cr\u00e9dito ao consumidor. O PL est\u00e1 na pauta para ser votado ainda nessa tarde, na C\u00e2mara dos Deputados, em regime de urg\u00eancia No documento, a entidade destaca que, enquanto [&hellip;]<\/p>\n","protected":false},"author":27,"featured_media":0,"comment_status":"open","ping_status":"closed","sticky":false,"template":"","format":"standard","meta":{"footnotes":""},"categories":[2719],"tags":[1531,4460,1767,2827,18587,101,18586],"class_list":["post-18619","post","type-post","status-publish","format-standard","hentry","category-servidor","tag-camara-dos-deputados","tag-conamp","tag-credito","tag-endividamento","tag-pl-3-515-2015","tag-projeto","tag-superendividamento"],"_links":{"self":[{"href":"https:\/\/blogs.correiobraziliense.com.br\/servidor\/wp-json\/wp\/v2\/posts\/18619","targetHints":{"allow":["GET"]}}],"collection":[{"href":"https:\/\/blogs.correiobraziliense.com.br\/servidor\/wp-json\/wp\/v2\/posts"}],"about":[{"href":"https:\/\/blogs.correiobraziliense.com.br\/servidor\/wp-json\/wp\/v2\/types\/post"}],"author":[{"embeddable":true,"href":"https:\/\/blogs.correiobraziliense.com.br\/servidor\/wp-json\/wp\/v2\/users\/27"}],"replies":[{"embeddable":true,"href":"https:\/\/blogs.correiobraziliense.com.br\/servidor\/wp-json\/wp\/v2\/comments?post=18619"}],"version-history":[{"count":1,"href":"https:\/\/blogs.correiobraziliense.com.br\/servidor\/wp-json\/wp\/v2\/posts\/18619\/revisions"}],"predecessor-version":[{"id":18620,"href":"https:\/\/blogs.correiobraziliense.com.br\/servidor\/wp-json\/wp\/v2\/posts\/18619\/revisions\/18620"}],"wp:attachment":[{"href":"https:\/\/blogs.correiobraziliense.com.br\/servidor\/wp-json\/wp\/v2\/media?parent=18619"}],"wp:term":[{"taxonomy":"category","embeddable":true,"href":"https:\/\/blogs.correiobraziliense.com.br\/servidor\/wp-json\/wp\/v2\/categories?post=18619"},{"taxonomy":"post_tag","embeddable":true,"href":"https:\/\/blogs.correiobraziliense.com.br\/servidor\/wp-json\/wp\/v2\/tags?post=18619"}],"curies":[{"name":"wp","href":"https:\/\/api.w.org\/{rel}","templated":true}]}}