{"id":18606,"date":"2020-12-18T17:25:31","date_gmt":"2020-12-18T20:25:31","guid":{"rendered":"https:\/\/blogs.correiobraziliense.com.br\/servidor\/?p=18606"},"modified":"2020-12-18T17:25:31","modified_gmt":"2020-12-18T20:25:31","slug":"a-adcap-vai-processar-paulo-guedes-por-declaracoes-caluniosas","status":"publish","type":"post","link":"https:\/\/blogs.correiobraziliense.com.br\/servidor\/a-adcap-vai-processar-paulo-guedes-por-declaracoes-caluniosas\/","title":{"rendered":"A ADCAP vai processar Paulo Guedes por declara\u00e7\u00f5es caluniosas"},"content":{"rendered":"<p><strong><em>A Associa\u00e7\u00e3o dos Profissionais dos Correios (ADCAP) afirma que s\u00e3o &#8220;caluniosas&#8221; as declara\u00e7\u00f5es do ministro da Economia. Ao falar sobre as prioridades de privatiza\u00e7\u00f5es em 2021, em um balan\u00e7o sobre a atua\u00e7\u00e3o de sua pasta, Guedes disse que \u00e9 preciso salvar os\u00a0Correios, antes que a empresa deixe de ser funcional e n\u00e3o consiga garantir o pagamento das aposentadorias dos funcion\u00e1rios que contribuem para o fundo de pens\u00e3o<\/em><br \/>\n<\/strong><\/p>\n<p>Veja a nota:<\/p>\n<p>&#8220;Ap\u00f3s novas declara\u00e7\u00f5es caluniosas sobre os Correios, proferidas pelo ministro Paulo Guedes, conforme mat\u00e9rias de imprensa, incluindo a do jornal Valor de 18\/12\/2020, a ADCAP \u2013 Associa\u00e7\u00e3o dos Profissionais dos Correios decidiu processar Paulo Guedes, a exemplo do que j\u00e1 fez com rela\u00e7\u00e3o ao ex-Secret\u00e1rio Salim Mattar.<\/p>\n<p>As declara\u00e7\u00f5es injustas e caluniosas do ministro atentam contra os Correios, prejudicando a imagem, a reputa\u00e7\u00e3o e o pr\u00f3prio valor da organiza\u00e7\u00e3o que o governo insiste em tentar privatizar. A autoridade p\u00fablica age, assim, contra os interesses do Estado e dos brasileiros, leg\u00edtimos donos dos Correios.<\/p>\n<p>Na justi\u00e7a, Paulo Guedes responder\u00e1 pelas inverdades que espalha sobre os Correios em seus arroubos de ret\u00f3rica.<\/p>\n<p>A decis\u00e3o da ADCAP tenta suprir o v\u00e1cuo deixado pela aus\u00eancia de manifesta\u00e7\u00e3o da dire\u00e7\u00e3o da Empresa em defesa da organiza\u00e7\u00e3o que \u00e9 t\u00e3o importante para os brasileiros e que n\u00e3o merece ser enxovalhada por autoridades despreparadas, desinformadas e mal intencionadas.<\/p>\n<p>Os Correios pertencem aos brasileiros. S\u00e3o uma institui\u00e7\u00e3o que presta um relevante servi\u00e7o p\u00fablico, sem demandar recursos do Tesouro, e que tem se mostrado sustent\u00e1vel economicamente, com um resultado neste exerc\u00edcio que deve se situar pr\u00f3ximo a R$ 1 bilh\u00e3o de reais. N\u00e3o pode ser vendida a amigos do poder apenas para satisfazer alguns e enriquecer uns poucos.<\/p>\n<p>Dire\u00e7\u00e3o Nacional da ADCAP<\/p>\n","protected":false},"excerpt":{"rendered":"<p>A Associa\u00e7\u00e3o dos Profissionais dos Correios (ADCAP) afirma que s\u00e3o &#8220;caluniosas&#8221; as declara\u00e7\u00f5es do ministro da Economia. Ao falar sobre as prioridades de privatiza\u00e7\u00f5es em 2021, em um balan\u00e7o sobre a atua\u00e7\u00e3o de sua pasta, Guedes disse que \u00e9 preciso salvar os\u00a0Correios, antes que a empresa deixe de ser funcional e n\u00e3o consiga garantir o pagamento das aposentadorias dos funcion\u00e1rios [&hellip;]<\/p>\n","protected":false},"author":27,"featured_media":0,"comment_status":"open","ping_status":"closed","sticky":false,"template":"","format":"standard","meta":{"footnotes":""},"categories":[2719],"tags":[5181,20,3144,15187,14501,1001,5567,9748,13990],"class_list":["post-18606","post","type-post","status-publish","format-standard","hentry","category-servidor","tag-adcap","tag-correios","tag-imagem","tag-ministro-da-economia","tag-paulo-guedes","tag-privatizacao","tag-processar","tag-reputacao","tag-retorica"],"_links":{"self":[{"href":"https:\/\/blogs.correiobraziliense.com.br\/servidor\/wp-json\/wp\/v2\/posts\/18606","targetHints":{"allow":["GET"]}}],"collection":[{"href":"https:\/\/blogs.correiobraziliense.com.br\/servidor\/wp-json\/wp\/v2\/posts"}],"about":[{"href":"https:\/\/blogs.correiobraziliense.com.br\/servidor\/wp-json\/wp\/v2\/types\/post"}],"author":[{"embeddable":true,"href":"https:\/\/blogs.correiobraziliense.com.br\/servidor\/wp-json\/wp\/v2\/users\/27"}],"replies":[{"embeddable":true,"href":"https:\/\/blogs.correiobraziliense.com.br\/servidor\/wp-json\/wp\/v2\/comments?post=18606"}],"version-history":[{"count":1,"href":"https:\/\/blogs.correiobraziliense.com.br\/servidor\/wp-json\/wp\/v2\/posts\/18606\/revisions"}],"predecessor-version":[{"id":18607,"href":"https:\/\/blogs.correiobraziliense.com.br\/servidor\/wp-json\/wp\/v2\/posts\/18606\/revisions\/18607"}],"wp:attachment":[{"href":"https:\/\/blogs.correiobraziliense.com.br\/servidor\/wp-json\/wp\/v2\/media?parent=18606"}],"wp:term":[{"taxonomy":"category","embeddable":true,"href":"https:\/\/blogs.correiobraziliense.com.br\/servidor\/wp-json\/wp\/v2\/categories?post=18606"},{"taxonomy":"post_tag","embeddable":true,"href":"https:\/\/blogs.correiobraziliense.com.br\/servidor\/wp-json\/wp\/v2\/tags?post=18606"}],"curies":[{"name":"wp","href":"https:\/\/api.w.org\/{rel}","templated":true}]}}