{"id":18598,"date":"2020-12-18T13:41:35","date_gmt":"2020-12-18T16:41:35","guid":{"rendered":"https:\/\/blogs.correiobraziliense.com.br\/servidor\/?p=18598"},"modified":"2020-12-18T13:41:35","modified_gmt":"2020-12-18T16:41:35","slug":"percepcoes-sobre-a-violencia-e-o-assedio-contra-mulheres-no-trabalho","status":"publish","type":"post","link":"https:\/\/blogs.correiobraziliense.com.br\/servidor\/percepcoes-sobre-a-violencia-e-o-assedio-contra-mulheres-no-trabalho\/","title":{"rendered":"Percep\u00e7\u00f5es sobre a viol\u00eancia e o ass\u00e9dio contra mulheres no trabalho"},"content":{"rendered":"<p><em><strong>A deputada Isa Penna (PSOL\/SP) teve o seio apalpado por Fernando Cury (Cidadania) em uma sess\u00e3o plen\u00e1ria. Ela fez uma den\u00fancia no Conselho de \u00c9tica por quebra de decoro e importuna\u00e7\u00e3o sexual. &#8220;Infelizmente o ocorrido na Assembleia Legislativa, sob o olhar das c\u00e2meras de TV, n\u00e3o \u00e9 exce\u00e7\u00e3o no mercado de trabalho: 27% das trabalhadoras brasileiras j\u00e1 sofreram abordagem sexual (contato f\u00edsico, atitudes sexuais, passar a m\u00e3o, tentar agarrar) no trabalho. S\u00e3o 17.8 milh\u00f5es de trabalhadoras&#8221;, ressalta Renato Meirelles, presidente do Instituto Locomotiva<\/strong><\/em><\/p>\n<p><img loading=\"lazy\" decoding=\"async\" class=\"alignright size-full wp-image-18599\" src=\"https:\/\/blogs.correiobraziliense.com.br\/servidor\/wp-content\/uploads\/sites\/10\/2020\/12\/simbolos-fem-masc.jpg\" alt=\"\" width=\"800\" height=\"600\" srcset=\"https:\/\/blogs.correiobraziliense.com.br\/servidor\/wp-content\/uploads\/sites\/10\/2020\/12\/simbolos-fem-masc.jpg 800w, https:\/\/blogs.correiobraziliense.com.br\/servidor\/wp-content\/uploads\/sites\/10\/2020\/12\/simbolos-fem-masc-300x225.jpg 300w, https:\/\/blogs.correiobraziliense.com.br\/servidor\/wp-content\/uploads\/sites\/10\/2020\/12\/simbolos-fem-masc-768x576.jpg 768w, https:\/\/blogs.correiobraziliense.com.br\/servidor\/wp-content\/uploads\/sites\/10\/2020\/12\/simbolos-fem-masc-550x413.jpg 550w, https:\/\/blogs.correiobraziliense.com.br\/servidor\/wp-content\/uploads\/sites\/10\/2020\/12\/simbolos-fem-masc-230x173.jpg 230w\" sizes=\"auto, (max-width: 800px) 100vw, 800px\" \/><\/p>\n<p>De acordo com estudo do Locomotiva, em parceria com o Instituto Patr\u00edcia Galv\u00e3o, na maior parte dos casos (36%), a v\u00edtima n\u00e3o soube o que houve com o agressor, ou nada aconteceu. Em apenas 28% dos\u00a0casos, a v\u00edtima soube que\u00a0agressor sofreu alguma\u00a0consequ\u00eancia. J\u00e1 com rela\u00e7\u00e3o \u00e0 v\u00edtima, o caso foi tratado no \u00e2mbito pessoal. Ou seja, 34% evitaram ter contato com o assediador, 30% contaram para amigos ou familiares e 25% pediram demiss\u00e3o.<\/p>\n<p>A empresa onde o fato aconteceu tamb\u00e9m pouco atuou na defesa das mulheres. Em apenas 34% dos casos denunciados, a companhia ouviu o relato e puniu o agressor. E 54% das mulheres que participaram da pesquisa afirmam que a empresa ouviu o relato, mas n\u00e3o houve puni\u00e7\u00e3o do agressor. Em 12% das situa\u00e7\u00f5es, o relato sequer foi ouvido.<\/p>\n<p><strong>Humilha\u00e7\u00e3o e constrangimento s\u00e3o as principais associa\u00e7\u00f5es de ass\u00e9dio moral<\/strong><\/p>\n<p>Entre os fatos que chamaram a aten\u00e7\u00e3o, est\u00e3o humilha\u00e7\u00e3o (repetidas, \u00fanica, colocada para baixo), 27%; constrangimento (moral, para obter vantagem), 22%; abuso de poder\/confian\u00e7a, 13%. Em rela\u00e7\u00e3o ao ass\u00e9dio sexual, os entrevistados entenderam que ele ocorre quando: h\u00e1 cantadas repetidas e frequentes (30%), abordagem f\u00edsica (passar a m\u00e3o, tentar agarrar), ou palavras maldosas e insinua\u00e7\u00f5es obscenas (19%).\u00a0O aspecto cultural contribui para isso: para 57%, a apar\u00eancia f\u00edsica \u00e9 importante na hora da contrata\u00e7\u00e3o.<\/p>\n<p>A pesquisa foi feita entre os dias 7 e 20 de outubro, com 1,5 mil entrevistados.<\/p>\n","protected":false},"excerpt":{"rendered":"<p>A deputada Isa Penna (PSOL\/SP) teve o seio apalpado por Fernando Cury (Cidadania) em uma sess\u00e3o plen\u00e1ria. Ela fez uma den\u00fancia no Conselho de \u00c9tica por quebra de decoro e importuna\u00e7\u00e3o sexual. &#8220;Infelizmente o ocorrido na Assembleia Legislativa, sob o olhar das c\u00e2meras de TV, n\u00e3o \u00e9 exce\u00e7\u00e3o no mercado de trabalho: 27% das trabalhadoras brasileiras j\u00e1 sofreram abordagem sexual [&hellip;]<\/p>\n","protected":false},"author":27,"featured_media":0,"comment_status":"open","ping_status":"closed","sticky":false,"template":"","format":"standard","meta":{"footnotes":""},"categories":[2719],"tags":[14898,1870,6954,457,4466,390,10496,18580,1701,1263,7953,187,3476,4427],"class_list":["post-18598","post","type-post","status-publish","format-standard","hentry","category-servidor","tag-agressor","tag-assedio","tag-constrangimento","tag-denuncias","tag-deputada","tag-empresas","tag-humilhacao","tag-isa-penna","tag-moral","tag-mulheres","tag-percepcoes","tag-pesquisa","tag-sexual","tag-violencia"],"_links":{"self":[{"href":"https:\/\/blogs.correiobraziliense.com.br\/servidor\/wp-json\/wp\/v2\/posts\/18598","targetHints":{"allow":["GET"]}}],"collection":[{"href":"https:\/\/blogs.correiobraziliense.com.br\/servidor\/wp-json\/wp\/v2\/posts"}],"about":[{"href":"https:\/\/blogs.correiobraziliense.com.br\/servidor\/wp-json\/wp\/v2\/types\/post"}],"author":[{"embeddable":true,"href":"https:\/\/blogs.correiobraziliense.com.br\/servidor\/wp-json\/wp\/v2\/users\/27"}],"replies":[{"embeddable":true,"href":"https:\/\/blogs.correiobraziliense.com.br\/servidor\/wp-json\/wp\/v2\/comments?post=18598"}],"version-history":[{"count":1,"href":"https:\/\/blogs.correiobraziliense.com.br\/servidor\/wp-json\/wp\/v2\/posts\/18598\/revisions"}],"predecessor-version":[{"id":18600,"href":"https:\/\/blogs.correiobraziliense.com.br\/servidor\/wp-json\/wp\/v2\/posts\/18598\/revisions\/18600"}],"wp:attachment":[{"href":"https:\/\/blogs.correiobraziliense.com.br\/servidor\/wp-json\/wp\/v2\/media?parent=18598"}],"wp:term":[{"taxonomy":"category","embeddable":true,"href":"https:\/\/blogs.correiobraziliense.com.br\/servidor\/wp-json\/wp\/v2\/categories?post=18598"},{"taxonomy":"post_tag","embeddable":true,"href":"https:\/\/blogs.correiobraziliense.com.br\/servidor\/wp-json\/wp\/v2\/tags?post=18598"}],"curies":[{"name":"wp","href":"https:\/\/api.w.org\/{rel}","templated":true}]}}