{"id":18592,"date":"2020-12-17T21:05:36","date_gmt":"2020-12-18T00:05:36","guid":{"rendered":"https:\/\/blogs.correiobraziliense.com.br\/servidor\/?p=18592"},"modified":"2020-12-17T21:05:36","modified_gmt":"2020-12-18T00:05:36","slug":"unificacao-das-centrais-sindicais-cgtb-e-ctb","status":"publish","type":"post","link":"https:\/\/blogs.correiobraziliense.com.br\/servidor\/unificacao-das-centrais-sindicais-cgtb-e-ctb\/","title":{"rendered":"Unifica\u00e7\u00e3o das centrais sindicais CGTB e CTB"},"content":{"rendered":"<p><em><strong>Ubiraci Dantas de Oliveira, o Bira, presidente da CGTB, foi reeleito presidente e conduzir\u00e1 a unifica\u00e7\u00e3o definitiva das centrais sindicais<\/strong><\/em><\/p>\n<p><img loading=\"lazy\" decoding=\"async\" class=\"alignright size-large wp-image-18593\" src=\"https:\/\/blogs.correiobraziliense.com.br\/servidor\/wp-content\/uploads\/sites\/10\/2020\/12\/Unifica\u00e7\u00e3o-CGTB-e-CTB-1024x576.jpg\" alt=\"\" width=\"1024\" height=\"576\" srcset=\"https:\/\/blogs.correiobraziliense.com.br\/servidor\/wp-content\/uploads\/sites\/10\/2020\/12\/Unifica\u00e7\u00e3o-CGTB-e-CTB.jpg 1024w, https:\/\/blogs.correiobraziliense.com.br\/servidor\/wp-content\/uploads\/sites\/10\/2020\/12\/Unifica\u00e7\u00e3o-CGTB-e-CTB-300x169.jpg 300w, https:\/\/blogs.correiobraziliense.com.br\/servidor\/wp-content\/uploads\/sites\/10\/2020\/12\/Unifica\u00e7\u00e3o-CGTB-e-CTB-768x432.jpg 768w, https:\/\/blogs.correiobraziliense.com.br\/servidor\/wp-content\/uploads\/sites\/10\/2020\/12\/Unifica\u00e7\u00e3o-CGTB-e-CTB-800x450.jpg 800w, https:\/\/blogs.correiobraziliense.com.br\/servidor\/wp-content\/uploads\/sites\/10\/2020\/12\/Unifica\u00e7\u00e3o-CGTB-e-CTB-550x309.jpg 550w, https:\/\/blogs.correiobraziliense.com.br\/servidor\/wp-content\/uploads\/sites\/10\/2020\/12\/Unifica\u00e7\u00e3o-CGTB-e-CTB-230x129.jpg 230w\" sizes=\"auto, (max-width: 1024px) 100vw, 1024px\" \/><\/p>\n<p>Central Geral dos Trabalhadores do Brasil (CGTB) \u00e9\u00a0uma das seis que atingiram os crit\u00e9rios de reconhecimento ap\u00f3s a aprova\u00e7\u00e3o da Lei n\u00ba 11.648, publicada no Di\u00e1rio Oficial da Uni\u00e3o em 31 de mar\u00e7o de 2008.\u00a0A Central dos Trabalhadores e Trabalhadoras do Brasil (CTB) foi fundada em 14 de dezembro de 2007 na cidade de Belo Horizonte (MG),<\/p>\n<p>No VII Congresso da CGTB, de forma virtual, delegados de todo o pa\u00eds decidiram por unanimidade a unifica\u00e7\u00e3o da CGTB com a CTB, que vai ocorrer no pr\u00f3ximo Congresso, em agosto de 2021.<\/p>\n<p>Al\u00e9m da unifica\u00e7\u00e3o, foi aprovado o plano de lutas.<\/p>\n<p>1) Fortalecer a cria\u00e7\u00e3o da Frente Ampla em defesa da vida e da democracia, com a participa\u00e7\u00e3o de todos democratas, contra o fascismo e pelos direitos<\/p>\n<p>2)Defesa do emprego e de uma pol\u00edtica nacional desenvolvimentista.<\/p>\n<p>3)Defesa do patrim\u00f4nio p\u00fablico e das estatais estrat\u00e9gicas.<\/p>\n<p>4)Defesa e fortalecimento do SUS \u2013 Sistema \u00danico de Sa\u00fade<\/p>\n<p>5)Defesa dos direitos trabalhista<\/p>\n<p>6)Defesa da Constitui\u00e7\u00e3o Cidad\u00e3<\/p>\n<p>7)Por uma pol\u00edtica nacional para recupera\u00e7\u00e3o do valor do sal\u00e1rio m\u00ednimo, com aumento real todo ano.<\/p>\n<p>8)Fortalecer a organiza\u00e7\u00e3o sindical com base na unicidade sindical<\/p>\n<p>9) Defesa da Previd\u00eancia Social e P\u00fablica, com aposentadoria decente para os trabalhadores<\/p>\n<p>10) Reforma Agr\u00e1ria<\/p>\n<p>11)Por uma pol\u00edtica econ\u00f4mica com juros a n\u00edveis internacionais, uma pol\u00edtica industrial que fortale\u00e7a a micro, pequena, m\u00e9dia e grandes empresas nacionais n\u00e3o monopolistas. Aumento substancial dos investimentos p\u00fablicos<\/p>\n<p>12)Luta contra o imperialismo norte americano e defesa da soberania e auto determina\u00e7\u00e3o dos povos.<\/p>\n<p>13) Pleno \u00eaxito ao plano econ\u00f4mico da China, e uma grande sauda\u00e7\u00e3o ao grande feito do fim da mis\u00e9ria, que com a firme dire\u00e7\u00e3o do Partido Comunista da China eleva o pa\u00eds condi\u00e7\u00e3o de constru\u00e7\u00e3o coletiva de uma sociedade justa : O Socialismo.<\/p>\n","protected":false},"excerpt":{"rendered":"<p>Ubiraci Dantas de Oliveira, o Bira, presidente da CGTB, foi reeleito presidente e conduzir\u00e1 a unifica\u00e7\u00e3o definitiva das centrais sindicais Central Geral dos Trabalhadores do Brasil (CGTB) \u00e9\u00a0uma das seis que atingiram os crit\u00e9rios de reconhecimento ap\u00f3s a aprova\u00e7\u00e3o da Lei n\u00ba 11.648, publicada no Di\u00e1rio Oficial da Uni\u00e3o em 31 de mar\u00e7o de 2008.\u00a0A Central dos Trabalhadores e Trabalhadoras [&hellip;]<\/p>\n","protected":false},"author":27,"featured_media":0,"comment_status":"open","ping_status":"closed","sticky":false,"template":"","format":"standard","meta":{"footnotes":""},"categories":[2719],"tags":[6,1101,3326,2584,2383,232,197,1454,615,549,241,1805,2000,2157,2440,159],"class_list":["post-18592","post","type-post","status-publish","format-standard","hentry","category-servidor","tag-aposentadoria","tag-centrais-sindicais","tag-cgtb","tag-constituicao","tag-ctb","tag-delegados","tag-emprego","tag-patrimonio","tag-plano","tag-previdencia","tag-publico","tag-salario-minimo","tag-sus","tag-trabalhista","tag-unanimidade","tag-unificacao"],"_links":{"self":[{"href":"https:\/\/blogs.correiobraziliense.com.br\/servidor\/wp-json\/wp\/v2\/posts\/18592","targetHints":{"allow":["GET"]}}],"collection":[{"href":"https:\/\/blogs.correiobraziliense.com.br\/servidor\/wp-json\/wp\/v2\/posts"}],"about":[{"href":"https:\/\/blogs.correiobraziliense.com.br\/servidor\/wp-json\/wp\/v2\/types\/post"}],"author":[{"embeddable":true,"href":"https:\/\/blogs.correiobraziliense.com.br\/servidor\/wp-json\/wp\/v2\/users\/27"}],"replies":[{"embeddable":true,"href":"https:\/\/blogs.correiobraziliense.com.br\/servidor\/wp-json\/wp\/v2\/comments?post=18592"}],"version-history":[{"count":1,"href":"https:\/\/blogs.correiobraziliense.com.br\/servidor\/wp-json\/wp\/v2\/posts\/18592\/revisions"}],"predecessor-version":[{"id":18594,"href":"https:\/\/blogs.correiobraziliense.com.br\/servidor\/wp-json\/wp\/v2\/posts\/18592\/revisions\/18594"}],"wp:attachment":[{"href":"https:\/\/blogs.correiobraziliense.com.br\/servidor\/wp-json\/wp\/v2\/media?parent=18592"}],"wp:term":[{"taxonomy":"category","embeddable":true,"href":"https:\/\/blogs.correiobraziliense.com.br\/servidor\/wp-json\/wp\/v2\/categories?post=18592"},{"taxonomy":"post_tag","embeddable":true,"href":"https:\/\/blogs.correiobraziliense.com.br\/servidor\/wp-json\/wp\/v2\/tags?post=18592"}],"curies":[{"name":"wp","href":"https:\/\/api.w.org\/{rel}","templated":true}]}}