{"id":18579,"date":"2020-12-15T15:55:52","date_gmt":"2020-12-15T18:55:52","guid":{"rendered":"https:\/\/blogs.correiobraziliense.com.br\/servidor\/?p=18579"},"modified":"2020-12-15T15:55:52","modified_gmt":"2020-12-15T18:55:52","slug":"servidores-temem-aglomeracao-em-evento-no-ministerio-da-cidadania","status":"publish","type":"post","link":"https:\/\/blogs.correiobraziliense.com.br\/servidor\/servidores-temem-aglomeracao-em-evento-no-ministerio-da-cidadania\/","title":{"rendered":"Servidores temem aglomera\u00e7\u00e3o em evento no Minist\u00e9rio da Cidadania"},"content":{"rendered":"<p><em><strong>De acordo com as informa\u00e7\u00f5es, o ministro da Cidadania, Onyx Lorenzoni, est\u00e1 convidando os servidores para a confraterniza\u00e7\u00e3o Cantata de Natal, que acontecer\u00e1, hoje (15\/12), \u00e0s 17 horas, no audit\u00f3rio do subsolo, no bloco A da Esplanada. A previs\u00e3o \u00e9 de aglomerar cerca de 120 pessoas em um local fechado, com ar condicionado e sem ventila\u00e7\u00e3o adequada, contam<\/strong><\/em><\/p>\n<p><img loading=\"lazy\" decoding=\"async\" class=\"alignright size-full wp-image-18580\" src=\"https:\/\/blogs.correiobraziliense.com.br\/servidor\/wp-content\/uploads\/sites\/10\/2020\/12\/Minist\u00e9rio-da-Cidadania.jpg\" alt=\"\" width=\"594\" height=\"827\" \/><\/p>\n<p>&#8220;Estamos preocupados com a sa\u00fade dos servidores, porque, diante do avan\u00e7o da contamina\u00e7\u00e3o pelo coronav\u00edrus, principalmente em Bras\u00edlia, a convoca\u00e7\u00e3o do ministro n\u00e3o faz sentido&#8221;, contou um servidor. Outra fonte que preferiu o anonimato narrou que os principais executivos do \u00f3rg\u00e3o divulgam pelos corredores que n\u00e3o est\u00e3o &#8220;preocupados com a Covid-19&#8221;. At\u00e9 o momento da publica\u00e7\u00e3o, o Minist\u00e9rio da Cidadania n\u00e3o deu retorno.<\/p>\n","protected":false},"excerpt":{"rendered":"<p>De acordo com as informa\u00e7\u00f5es, o ministro da Cidadania, Onyx Lorenzoni, est\u00e1 convidando os servidores para a confraterniza\u00e7\u00e3o Cantata de Natal, que acontecer\u00e1, hoje (15\/12), \u00e0s 17 horas, no audit\u00f3rio do subsolo, no bloco A da Esplanada. A previs\u00e3o \u00e9 de aglomerar cerca de 120 pessoas em um local fechado, com ar condicionado e sem ventila\u00e7\u00e3o adequada, contam &#8220;Estamos preocupados [&hellip;]<\/p>\n","protected":false},"author":27,"featured_media":0,"comment_status":"open","ping_status":"closed","sticky":false,"template":"","format":"standard","meta":{"footnotes":""},"categories":[2719],"tags":[17263,10474,16790,616,58,274],"class_list":["post-18579","post","type-post","status-publish","format-standard","hentry","category-servidor","tag-aglomeracao","tag-contaminacao","tag-ministerio-da-cidadania","tag-saude","tag-servidores","tag-virus"],"_links":{"self":[{"href":"https:\/\/blogs.correiobraziliense.com.br\/servidor\/wp-json\/wp\/v2\/posts\/18579","targetHints":{"allow":["GET"]}}],"collection":[{"href":"https:\/\/blogs.correiobraziliense.com.br\/servidor\/wp-json\/wp\/v2\/posts"}],"about":[{"href":"https:\/\/blogs.correiobraziliense.com.br\/servidor\/wp-json\/wp\/v2\/types\/post"}],"author":[{"embeddable":true,"href":"https:\/\/blogs.correiobraziliense.com.br\/servidor\/wp-json\/wp\/v2\/users\/27"}],"replies":[{"embeddable":true,"href":"https:\/\/blogs.correiobraziliense.com.br\/servidor\/wp-json\/wp\/v2\/comments?post=18579"}],"version-history":[{"count":1,"href":"https:\/\/blogs.correiobraziliense.com.br\/servidor\/wp-json\/wp\/v2\/posts\/18579\/revisions"}],"predecessor-version":[{"id":18581,"href":"https:\/\/blogs.correiobraziliense.com.br\/servidor\/wp-json\/wp\/v2\/posts\/18579\/revisions\/18581"}],"wp:attachment":[{"href":"https:\/\/blogs.correiobraziliense.com.br\/servidor\/wp-json\/wp\/v2\/media?parent=18579"}],"wp:term":[{"taxonomy":"category","embeddable":true,"href":"https:\/\/blogs.correiobraziliense.com.br\/servidor\/wp-json\/wp\/v2\/categories?post=18579"},{"taxonomy":"post_tag","embeddable":true,"href":"https:\/\/blogs.correiobraziliense.com.br\/servidor\/wp-json\/wp\/v2\/tags?post=18579"}],"curies":[{"name":"wp","href":"https:\/\/api.w.org\/{rel}","templated":true}]}}