{"id":18570,"date":"2020-12-15T14:16:05","date_gmt":"2020-12-15T17:16:05","guid":{"rendered":"https:\/\/blogs.correiobraziliense.com.br\/servidor\/?p=18570"},"modified":"2020-12-15T14:16:05","modified_gmt":"2020-12-15T17:16:05","slug":"justica-anula-edital-do-concurso-para-peritos-criminais-temporarios-em-ms","status":"publish","type":"post","link":"https:\/\/blogs.correiobraziliense.com.br\/servidor\/justica-anula-edital-do-concurso-para-peritos-criminais-temporarios-em-ms\/","title":{"rendered":"Justi\u00e7a anula edital do concurso para Peritos Criminais tempor\u00e1rios em MS"},"content":{"rendered":"<p><em><strong>A Segunda Se\u00e7\u00e3o Civil do Tribunal de Justi\u00e7a de Mato Grosso do Sul anulou, ontem (14\/12), o edital 1\/2020 para processo seletivo simplificado de contrata\u00e7\u00e3o de Peritos Criminais Tempor\u00e1rios<\/strong><\/em><\/p>\n<p><img loading=\"lazy\" decoding=\"async\" class=\"alignright size-full wp-image-18571\" src=\"https:\/\/blogs.correiobraziliense.com.br\/servidor\/wp-content\/uploads\/sites\/10\/2020\/12\/pertos-criminais.jpg\" alt=\"\" width=\"287\" height=\"175\" \/><\/p>\n<p><em><strong>Foto: Aspec\/GO<\/strong><\/em><\/p>\n<p>A decis\u00e3o foi em resposta a mandado de seguran\u00e7a da Associa\u00e7\u00e3o Brasileira de Criminal\u00edstica (ABC) e pela Associa\u00e7\u00e3o dos Peritos Criminais Federais (APCF) contra ato da Secretaria de Estado de Administra\u00e7\u00e3o e Desburocratiza\u00e7\u00e3o do Estado de Mato Grosso do Sul e da Secretaria de Estado de Justi\u00e7a e Seguran\u00e7a P\u00fablica de Mato Grosso do Sul. A decis\u00e3o estava suspensa por liminar desde junho.<\/p>\n<p>De acordo com o presidente da ABC, Leandro Lima, a decis\u00e3o era esperada. \u201cA contrata\u00e7\u00e3o tempor\u00e1ria de Peritos Criminais, al\u00e9m de ilegal, \u00e9 absurda, tendo em vista que a lei exige concurso p\u00fablico e os laudos produzidos pelos Peritos Criminais acompanham os inqu\u00e9ritos e processos criminais por anos, muitas vezes por d\u00e9cadas, e este pseudo-servidor n\u00e3o mais faria parte dos quadros do Estado, nem como aposentado\u201d, afirma.<\/p>\n<p>\u201cEsperamos que esta acertada decis\u00e3o do TJMS sirva de exemplo para que nenhum outro estado tente usar tal subterf\u00fagio para burlar o princ\u00edpio do concurso p\u00fablico e desvalorizar a Per\u00edcia Criminal\u201d, refor\u00e7a Lima. Ele lembra que s\u00f3 com aprova\u00e7\u00e3o em concurso p\u00fablico \u00e9 poss\u00edvel se tornar Perito Criminal.<\/p>\n<p>No final do primeiro semestre, o governo estadual abriu o processo para convoca\u00e7\u00e3o de peritos criminais sem a necessidade de concurso p\u00fablico devido \u00e0 falta de peritos na regi\u00e3o, que chegou a 65%. Dados do Sindicato dos Peritos Oficiais Forenses de Mato Grosso do Sul (SINPOF-MS) revelam que o estado tem apenas um ter\u00e7o do n\u00famero de peritos criminais que seriam necess\u00e1rios.<\/p>\n<p>De acordo com os argumentos apresentados pela ABC, o edital estava em desacordo com as normas gerais federais que disciplinam a atividade dos Peritos Oficiais de Natureza Criminal, previstas no C\u00f3digo de Processo Penal e na Lei 12.030\/2009, que estabelece a sujei\u00e7\u00e3o a regime especial de trabalho, bem como a exig\u00eancia de concurso p\u00fablico para contrata\u00e7\u00e3o desses profissionais, observada a legisla\u00e7\u00e3o espec\u00edfica do ente a que se encontram vinculados.<\/p>\n","protected":false},"excerpt":{"rendered":"<p>A Segunda Se\u00e7\u00e3o Civil do Tribunal de Justi\u00e7a de Mato Grosso do Sul anulou, ontem (14\/12), o edital 1\/2020 para processo seletivo simplificado de contrata\u00e7\u00e3o de Peritos Criminais Tempor\u00e1rios Foto: Aspec\/GO A decis\u00e3o foi em resposta a mandado de seguran\u00e7a da Associa\u00e7\u00e3o Brasileira de Criminal\u00edstica (ABC) e pela Associa\u00e7\u00e3o dos Peritos Criminais Federais (APCF) contra ato da Secretaria de Estado [&hellip;]<\/p>\n","protected":false},"author":27,"featured_media":0,"comment_status":"open","ping_status":"closed","sticky":false,"template":"","format":"standard","meta":{"footnotes":""},"categories":[2719],"tags":[7813,1646,3454,93,172,92,260,18570,14933,241,5434],"class_list":["post-18570","post","type-post","status-publish","format-standard","hentry","category-servidor","tag-abc","tag-apcf","tag-atividade","tag-concurso","tag-contratacao","tag-edital","tag-justica","tag-mato-grosso","tag-peritos-criminais","tag-publico","tag-simplificado"],"_links":{"self":[{"href":"https:\/\/blogs.correiobraziliense.com.br\/servidor\/wp-json\/wp\/v2\/posts\/18570","targetHints":{"allow":["GET"]}}],"collection":[{"href":"https:\/\/blogs.correiobraziliense.com.br\/servidor\/wp-json\/wp\/v2\/posts"}],"about":[{"href":"https:\/\/blogs.correiobraziliense.com.br\/servidor\/wp-json\/wp\/v2\/types\/post"}],"author":[{"embeddable":true,"href":"https:\/\/blogs.correiobraziliense.com.br\/servidor\/wp-json\/wp\/v2\/users\/27"}],"replies":[{"embeddable":true,"href":"https:\/\/blogs.correiobraziliense.com.br\/servidor\/wp-json\/wp\/v2\/comments?post=18570"}],"version-history":[{"count":1,"href":"https:\/\/blogs.correiobraziliense.com.br\/servidor\/wp-json\/wp\/v2\/posts\/18570\/revisions"}],"predecessor-version":[{"id":18572,"href":"https:\/\/blogs.correiobraziliense.com.br\/servidor\/wp-json\/wp\/v2\/posts\/18570\/revisions\/18572"}],"wp:attachment":[{"href":"https:\/\/blogs.correiobraziliense.com.br\/servidor\/wp-json\/wp\/v2\/media?parent=18570"}],"wp:term":[{"taxonomy":"category","embeddable":true,"href":"https:\/\/blogs.correiobraziliense.com.br\/servidor\/wp-json\/wp\/v2\/categories?post=18570"},{"taxonomy":"post_tag","embeddable":true,"href":"https:\/\/blogs.correiobraziliense.com.br\/servidor\/wp-json\/wp\/v2\/tags?post=18570"}],"curies":[{"name":"wp","href":"https:\/\/api.w.org\/{rel}","templated":true}]}}