{"id":18549,"date":"2020-12-14T14:11:04","date_gmt":"2020-12-14T17:11:04","guid":{"rendered":"https:\/\/blogs.correiobraziliense.com.br\/servidor\/?p=18549"},"modified":"2020-12-14T14:11:04","modified_gmt":"2020-12-14T17:11:04","slug":"banco-central-e-febraban-lancam-programa-inedito-de-aceleracao-de-projetos-de-educacao-financeira","status":"publish","type":"post","link":"https:\/\/blogs.correiobraziliense.com.br\/servidor\/banco-central-e-febraban-lancam-programa-inedito-de-aceleracao-de-projetos-de-educacao-financeira\/","title":{"rendered":"Banco Central e Febraban lan\u00e7am programa in\u00e9dito de acelera\u00e7\u00e3o de projetos de educa\u00e7\u00e3o financeira"},"content":{"rendered":"<p><em><strong>O Banco Central e a Federa\u00e7\u00e3o Brasileira de Bancos (Febraban) lan\u00e7am, amanh\u00e3, nesta ter\u00e7a-feira (15\/12), \u00e0s 9 horas, o Programa de Acelera\u00e7\u00e3o Meu Bolso em Dia Febraban.\u00a0Entre mentorias, workshops e aportes financeiros a Febraban investir\u00e1 R$ 1 milh\u00e3o no programa<\/strong><\/em><\/p>\n<p><img loading=\"lazy\" decoding=\"async\" class=\"alignright size-full wp-image-18551\" src=\"https:\/\/blogs.correiobraziliense.com.br\/servidor\/wp-content\/uploads\/sites\/10\/2020\/12\/educa\u00e7\u00e3o-financeira.jpeg\" alt=\"\" width=\"993\" height=\"620\" srcset=\"https:\/\/blogs.correiobraziliense.com.br\/servidor\/wp-content\/uploads\/sites\/10\/2020\/12\/educa\u00e7\u00e3o-financeira.jpeg 993w, https:\/\/blogs.correiobraziliense.com.br\/servidor\/wp-content\/uploads\/sites\/10\/2020\/12\/educa\u00e7\u00e3o-financeira-300x187.jpeg 300w, https:\/\/blogs.correiobraziliense.com.br\/servidor\/wp-content\/uploads\/sites\/10\/2020\/12\/educa\u00e7\u00e3o-financeira-768x480.jpeg 768w, https:\/\/blogs.correiobraziliense.com.br\/servidor\/wp-content\/uploads\/sites\/10\/2020\/12\/educa\u00e7\u00e3o-financeira-800x499.jpeg 800w, https:\/\/blogs.correiobraziliense.com.br\/servidor\/wp-content\/uploads\/sites\/10\/2020\/12\/educa\u00e7\u00e3o-financeira-550x343.jpeg 550w, https:\/\/blogs.correiobraziliense.com.br\/servidor\/wp-content\/uploads\/sites\/10\/2020\/12\/educa\u00e7\u00e3o-financeira-230x144.jpeg 230w\" sizes=\"auto, (max-width: 993px) 100vw, 993px\" \/><\/p>\n<p>Foto: Brazilian Times<\/p>\n<p>A iniciativa, segundo informou o Banco Central, tem o objetivo impulsionar empresas com projetos de educa\u00e7\u00e3o financeira com alto potencial de ganho de escala, para o desenvolvimento de solu\u00e7\u00f5es inovadoras, abrangentes, inclusivas e gratuitas para o usu\u00e1rio final.<\/p>\n<p>O diretor de Relacionamento, Cidadania e Supervis\u00e3o de Conduta do Banco Central, Mauricio Moura, e o presidente da Febraban, Isaac Sidney, participam do evento. Eles far\u00e3o um balan\u00e7o dos projetos desenvolvidos no acordo de coopera\u00e7\u00e3o t\u00e9cnica entre o BC e a Febraban para o desenvolvimento de a\u00e7\u00f5es coordenadas de educa\u00e7\u00e3o financeira, como a cria\u00e7\u00e3o da plataforma de educa\u00e7\u00e3o e de um \u00edndice de sa\u00fade financeira.<\/p>\n<p>Na segunda parte do encontro, o chefe do Departamento de Promo\u00e7\u00e3o da Cidadania Financeira (DEPEF) do Banco Central, Luis Gustavo Mansur Siqueira, e o diretor de Sustentabilidade, Cidadania Financeira, Rela\u00e7\u00e3o com o Consumidor e Autorregula\u00e7\u00e3o da Febraban, Amaury Oliva, apresentar\u00e3o detalhes sobre o programa de acelera\u00e7\u00e3o de empresas e responder\u00e3o d\u00favidas dos jornalistas.<\/p>\n","protected":false},"excerpt":{"rendered":"<p>O Banco Central e a Federa\u00e7\u00e3o Brasileira de Bancos (Febraban) lan\u00e7am, amanh\u00e3, nesta ter\u00e7a-feira (15\/12), \u00e0s 9 horas, o Programa de Acelera\u00e7\u00e3o Meu Bolso em Dia Febraban.\u00a0Entre mentorias, workshops e aportes financeiros a Febraban investir\u00e1 R$ 1 milh\u00e3o no programa Foto: Brazilian Times A iniciativa, segundo informou o Banco Central, tem o objetivo impulsionar empresas com projetos de educa\u00e7\u00e3o financeira [&hellip;]<\/p>\n","protected":false},"author":27,"featured_media":0,"comment_status":"open","ping_status":"closed","sticky":false,"template":"","format":"standard","meta":{"footnotes":""},"categories":[2719],"tags":[18557,1236,1818,15270,8532,1445,3864,1596,616,1360],"class_list":["post-18549","post","type-post","status-publish","format-standard","hentry","category-servidor","tag-aceleracao","tag-banco-central","tag-bc","tag-educacao-financeira","tag-escala","tag-febraban","tag-plataforma","tag-programa","tag-saude","tag-solucoes"],"_links":{"self":[{"href":"https:\/\/blogs.correiobraziliense.com.br\/servidor\/wp-json\/wp\/v2\/posts\/18549","targetHints":{"allow":["GET"]}}],"collection":[{"href":"https:\/\/blogs.correiobraziliense.com.br\/servidor\/wp-json\/wp\/v2\/posts"}],"about":[{"href":"https:\/\/blogs.correiobraziliense.com.br\/servidor\/wp-json\/wp\/v2\/types\/post"}],"author":[{"embeddable":true,"href":"https:\/\/blogs.correiobraziliense.com.br\/servidor\/wp-json\/wp\/v2\/users\/27"}],"replies":[{"embeddable":true,"href":"https:\/\/blogs.correiobraziliense.com.br\/servidor\/wp-json\/wp\/v2\/comments?post=18549"}],"version-history":[{"count":1,"href":"https:\/\/blogs.correiobraziliense.com.br\/servidor\/wp-json\/wp\/v2\/posts\/18549\/revisions"}],"predecessor-version":[{"id":18552,"href":"https:\/\/blogs.correiobraziliense.com.br\/servidor\/wp-json\/wp\/v2\/posts\/18549\/revisions\/18552"}],"wp:attachment":[{"href":"https:\/\/blogs.correiobraziliense.com.br\/servidor\/wp-json\/wp\/v2\/media?parent=18549"}],"wp:term":[{"taxonomy":"category","embeddable":true,"href":"https:\/\/blogs.correiobraziliense.com.br\/servidor\/wp-json\/wp\/v2\/categories?post=18549"},{"taxonomy":"post_tag","embeddable":true,"href":"https:\/\/blogs.correiobraziliense.com.br\/servidor\/wp-json\/wp\/v2\/tags?post=18549"}],"curies":[{"name":"wp","href":"https:\/\/api.w.org\/{rel}","templated":true}]}}