{"id":18543,"date":"2020-12-11T19:58:28","date_gmt":"2020-12-11T22:58:28","guid":{"rendered":"https:\/\/blogs.correiobraziliense.com.br\/servidor\/?p=18543"},"modified":"2020-12-11T19:58:28","modified_gmt":"2020-12-11T22:58:28","slug":"funcionarios-da-caixa-pedem-investigacao-do-mpt-sobre-possiveis-medidas-discriminatorias","status":"publish","type":"post","link":"https:\/\/blogs.correiobraziliense.com.br\/servidor\/funcionarios-da-caixa-pedem-investigacao-do-mpt-sobre-possiveis-medidas-discriminatorias\/","title":{"rendered":"Funcion\u00e1rios da Caixa pedem investiga\u00e7\u00e3o do MPT sobre &#8220;poss\u00edveis medidas discriminat\u00f3rias&#8221;"},"content":{"rendered":"<p><em><strong>Banc\u00e1rios pedem investiga\u00e7\u00e3o de prov\u00e1veis medidas discriminat\u00f3rias. Nesta sexta-feira, empregados da estatal participaram do \u201cDia de Luta\u201d em protesto \u00e0 reestrutura\u00e7\u00e3o e \u00e0s amea\u00e7as de privatiza\u00e7\u00e3o do banco<\/strong><\/em><\/p>\n<p><img loading=\"lazy\" decoding=\"async\" class=\"alignright size-large wp-image-18544\" src=\"https:\/\/blogs.correiobraziliense.com.br\/servidor\/wp-content\/uploads\/sites\/10\/2020\/12\/Caixa-MPT-1024x682.jpg\" alt=\"\" width=\"1024\" height=\"682\" srcset=\"https:\/\/blogs.correiobraziliense.com.br\/servidor\/wp-content\/uploads\/sites\/10\/2020\/12\/Caixa-MPT-1024x682.jpg 1024w, https:\/\/blogs.correiobraziliense.com.br\/servidor\/wp-content\/uploads\/sites\/10\/2020\/12\/Caixa-MPT-300x200.jpg 300w, https:\/\/blogs.correiobraziliense.com.br\/servidor\/wp-content\/uploads\/sites\/10\/2020\/12\/Caixa-MPT-768x512.jpg 768w, https:\/\/blogs.correiobraziliense.com.br\/servidor\/wp-content\/uploads\/sites\/10\/2020\/12\/Caixa-MPT-800x533.jpg 800w, https:\/\/blogs.correiobraziliense.com.br\/servidor\/wp-content\/uploads\/sites\/10\/2020\/12\/Caixa-MPT-550x367.jpg 550w, https:\/\/blogs.correiobraziliense.com.br\/servidor\/wp-content\/uploads\/sites\/10\/2020\/12\/Caixa-MPT-230x153.jpg 230w, https:\/\/blogs.correiobraziliense.com.br\/servidor\/wp-content\/uploads\/sites\/10\/2020\/12\/Caixa-MPT.jpg 1280w\" sizes=\"auto, (max-width: 1024px) 100vw, 1024px\" \/><\/p>\n<p>Chegou ao Minist\u00e9rio P\u00fablico do Trabalho (MPT) o processo de reestrutura\u00e7\u00e3o da Caixa Econ\u00f4mica Federal, que vem sendo feito de &#8220;forma a\u00e7odada e sem a participa\u00e7\u00e3o dos empregados do banco&#8221;, de acordo com a Federa\u00e7\u00e3o Nacional das Associa\u00e7\u00f5es do Pessoal da Caixa Econ\u00f4mica Federal (Fenae). Trabalhadores da estatal em diferentes locais do pa\u00eds est\u00e3o encaminhando den\u00fancias ao MPT para a investiga\u00e7\u00e3o de prov\u00e1veis medidas discriminat\u00f3rias neste processo de mudan\u00e7as.<\/p>\n<p>A Fenae destaca que cerca de 170 im\u00f3veis ocupados pela Caixa n\u00e3o ter\u00e3o os alugu\u00e9is renovados e outros ser\u00e3o vendidos. A reestrutura\u00e7\u00e3o tamb\u00e9m atinge diferentes \u00e1reas do banco, como as ger\u00eancias executivas de Governo (Gigov) e de Habita\u00e7\u00e3o (Gihab), respons\u00e1veis pelo planejamento urbano dos munic\u00edpios.<\/p>\n<p>\u201cMais uma vez, o que estamos vendo por parte da dire\u00e7\u00e3o da Caixa \u00e9 falta de planejamento e desrespeito com os empregados\u201d, afirma o presidente da Federa\u00e7\u00e3o Nacional das Associa\u00e7\u00f5es do Pessoal da Caixa Econ\u00f4mica Federal (Fenae), S\u00e9rgio Takemoto. \u201cAs mudan\u00e7as come\u00e7aram no final de novembro e, at\u00e9 o momento, n\u00e3o tivemos nenhuma informa\u00e7\u00e3o oficial sobre a reestrutura\u00e7\u00e3o em curso, o que tem gerado p\u00e2nico entre os trabalhadores\u201d, ressalta.<\/p>\n<p>A reestrutura\u00e7\u00e3o ainda abrange \u00e1reas ligadas \u00e0s vice-presid\u00eancias Rede de Varejo (Vired), Tecnologia e Digital (Vitec) e Log\u00edstica e Opera\u00e7\u00f5es (Vilop), al\u00e9m de ger\u00eancias como as de Tecnologia (Gitec), de Log\u00edstica (Gilog), de Seguran\u00e7a (Giseg) e de Aliena\u00e7\u00e3o de Bens M\u00f3veis e Im\u00f3veis (Gilie), com filiais que devem ser extintas e parte das atividades transferidas para novas centrais. \u201cN\u00e3o est\u00e3o pensando [a dire\u00e7\u00e3o do banco] nem nas pessoas [trabalhadores] nem em como as pol\u00edticas p\u00fablicas v\u00e3o chegar aos munic\u00edpios e \u00e0 popula\u00e7\u00e3o\u201d, refor\u00e7a Takemoto.<\/p>\n<p>A principal reclama\u00e7\u00e3o ao Minist\u00e9rio P\u00fablico do Trabalho \u00e9 quanto \u00e0 transfer\u00eancia dos empregados para outras unidades, sem qualquer aviso pr\u00e9vio. \u201cA forma abrupta e inesperada como a Caixa comunicou os deslocamentos ocasionou medo e inseguran\u00e7a entre os empregados, que temem altera\u00e7\u00f5es significativas na vida funcional\u201d, destaca a coordenadora da Comiss\u00e3o Executiva dos Empregados (CEE) da Caixa e secret\u00e1ria de Cultura da Confedera\u00e7\u00e3o Nacional dos Trabalhadores do Ramo Financeiro (Contraf-CUT), Fabiana Uehara Proscholdt.<br \/>\nA Contraf enviou of\u00edcio ao banco questionando os deslocamentos de trabalhadores e a falta de negocia\u00e7\u00e3o da dire\u00e7\u00e3o da estatal com os empregados, conforme garante o Acordo Coletivo de Trabalho. \u201c<\/p>\n<p><strong>Manifesta\u00e7\u00f5es<\/strong><\/p>\n<p>Hoje (11), trabalhadores do banco participaram do \u201cDia de Luta\u201d em protesto \u00e0 reestrutura\u00e7\u00e3o da Caixa Econ\u00f4mica. A\u00e7\u00f5es virtuais e presenciais ocorreram em todo o pa\u00eds, organizadas pelas representa\u00e7\u00f5es sindicais. Entre os atos de manifesta\u00e7\u00e3o, houve um tuita\u00e7o pela manh\u00e3. Presencialmente, os trabalhadores a vestiram de preto. Tamb\u00e9m houve proje\u00e7\u00f5es em pr\u00e9dios de seis capitais \u2014 S\u00e3o Paulo (SP), Bras\u00edlia (DF), Porto Alegre (RS), Belo Horizonte (MG), Salvador (BA) e Fortaleza (CE) \u2014 com a hashtag &#8220;#MexeuComACaixa MexeuComOBrasil&#8221;.<\/p>\n<p>&#8220;A forma como a reestrutura\u00e7\u00e3o vem sendo conduzida pela dire\u00e7\u00e3o do banco tem pressionado os banc\u00e1rios a aderirem ao Programa de Desligamento Volunt\u00e1rio (PDV). Com a sa\u00edda dos mais de dois mil empregados no \u00faltimo Programa de Desligamento Volunt\u00e1rio, o d\u00e9ficit de trabalhadores na Caixa Econ\u00f4mica se aproxima de 20 mil, colocando em risco real a capacidade e a qualidade da assist\u00eancia \u00e0 sociedade&#8221;, afirma a Fenae.<\/p>\n<p>At\u00e9 o encerramento do \u00faltimo PDV, no \u00faltimo dia 20, o d\u00e9ficit no quadro de pessoal da Caixa j\u00e1 superava 17 mil profissionais. A empresa, que chegou a ter 101,5 mil trabalhadores em 2014, conta atualmente com 84,2 mil empregados. Apesar disso, o banco trabalha com a estimativa de desligamento de 7,2 mil trabalhadores, s\u00f3 este ano, e reabriu o Programa de Desligamento at\u00e9 esta sexta-feira (11).<\/p>\n<p><strong>Privatiza\u00e7\u00f5es<\/strong><\/p>\n<p>O enxugamento do quadro de pessoal da Caixa Econ\u00f4mica \u00e9 \u2014 na avalia\u00e7\u00e3o da Fenae e de outras entidades sindicais como tamb\u00e9m de congressistas \u2014 mais uma estrat\u00e9gia de privatiza\u00e7\u00e3o do banco. Nesta quinta-feira (10), representantes dos trabalhadores de empresas p\u00fablicas e parlamentares realizaram uma reuni\u00e3o virtual para debater a\u00e7\u00f5es em defesa das institui\u00e7\u00f5es e da soberania nacional.<\/p>\n<p>No encontro, foram apresentadas propostas para intensificar a resist\u00eancia contra a venda do patrim\u00f4nio p\u00fablico. No in\u00edcio do m\u00eas, o governo voltou a reafirmar a inten\u00e7\u00e3o de privatizar, em 2021, empresas como Correios, Eletrobras, Companhia Brasileira de Trens Urbanos (CBTU) e Trensurb, entre outras.<\/p>\n<p>Al\u00e9m da Caixa Seguridade, a dire\u00e7\u00e3o da estatal vem reiterando o plano de vender outras \u00e1reas estrat\u00e9gicas e rent\u00e1veis da empresa. Entre elas, o setor de Cart\u00f5es e o ainda nem criado Banco Digital, estruturado para o pagamento do aux\u00edlio emergencial e de outros benef\u00edcios sociais para mais de 100 milh\u00f5es de brasileiros.<\/p>\n<p>O encontro virtual foi proposto pela deputada Erika Kokay (PT-DF), que coordena a Frente Parlamentar em Defesa do Setor El\u00e9trico Brasileiro, e pelos deputados Patrus Ananias (PT-MG), secret\u00e1rio-geral da Frente Parlamentar em Defesa da Soberania Nacional, e Z\u00e9 Carlos (PT-MA), presidente da Frente Parlamentar em Defesa dos Bancos P\u00fablicos.<\/p>\n","protected":false},"excerpt":{"rendered":"<p>Banc\u00e1rios pedem investiga\u00e7\u00e3o de prov\u00e1veis medidas discriminat\u00f3rias. Nesta sexta-feira, empregados da estatal participaram do \u201cDia de Luta\u201d em protesto \u00e0 reestrutura\u00e7\u00e3o e \u00e0s amea\u00e7as de privatiza\u00e7\u00e3o do banco Chegou ao Minist\u00e9rio P\u00fablico do Trabalho (MPT) o processo de reestrutura\u00e7\u00e3o da Caixa Econ\u00f4mica Federal, que vem sendo feito de &#8220;forma a\u00e7odada e sem a participa\u00e7\u00e3o dos empregados do banco&#8221;, de acordo [&hellip;]<\/p>\n","protected":false},"author":27,"featured_media":0,"comment_status":"open","ping_status":"closed","sticky":false,"template":"","format":"standard","meta":{"footnotes":""},"categories":[2719],"tags":[1013,1149,18555,7408,891,2523,1341,722,3474,1001],"class_list":["post-18543","post","type-post","status-publish","format-standard","hentry","category-servidor","tag-bancarios","tag-caixa","tag-dia-de-luta","tag-discriminatorias","tag-empregados","tag-estatal","tag-funcionarios","tag-investigacao","tag-mpt","tag-privatizacao"],"_links":{"self":[{"href":"https:\/\/blogs.correiobraziliense.com.br\/servidor\/wp-json\/wp\/v2\/posts\/18543","targetHints":{"allow":["GET"]}}],"collection":[{"href":"https:\/\/blogs.correiobraziliense.com.br\/servidor\/wp-json\/wp\/v2\/posts"}],"about":[{"href":"https:\/\/blogs.correiobraziliense.com.br\/servidor\/wp-json\/wp\/v2\/types\/post"}],"author":[{"embeddable":true,"href":"https:\/\/blogs.correiobraziliense.com.br\/servidor\/wp-json\/wp\/v2\/users\/27"}],"replies":[{"embeddable":true,"href":"https:\/\/blogs.correiobraziliense.com.br\/servidor\/wp-json\/wp\/v2\/comments?post=18543"}],"version-history":[{"count":1,"href":"https:\/\/blogs.correiobraziliense.com.br\/servidor\/wp-json\/wp\/v2\/posts\/18543\/revisions"}],"predecessor-version":[{"id":18545,"href":"https:\/\/blogs.correiobraziliense.com.br\/servidor\/wp-json\/wp\/v2\/posts\/18543\/revisions\/18545"}],"wp:attachment":[{"href":"https:\/\/blogs.correiobraziliense.com.br\/servidor\/wp-json\/wp\/v2\/media?parent=18543"}],"wp:term":[{"taxonomy":"category","embeddable":true,"href":"https:\/\/blogs.correiobraziliense.com.br\/servidor\/wp-json\/wp\/v2\/categories?post=18543"},{"taxonomy":"post_tag","embeddable":true,"href":"https:\/\/blogs.correiobraziliense.com.br\/servidor\/wp-json\/wp\/v2\/tags?post=18543"}],"curies":[{"name":"wp","href":"https:\/\/api.w.org\/{rel}","templated":true}]}}