{"id":18531,"date":"2020-12-11T14:59:01","date_gmt":"2020-12-11T17:59:01","guid":{"rendered":"https:\/\/blogs.correiobraziliense.com.br\/servidor\/?p=18531"},"modified":"2020-12-11T15:10:42","modified_gmt":"2020-12-11T18:10:42","slug":"abin-nega-que-orientou-defesa-de-flavio-bolsonaro-no-caso-queiroz","status":"publish","type":"post","link":"https:\/\/blogs.correiobraziliense.com.br\/servidor\/abin-nega-que-orientou-defesa-de-flavio-bolsonaro-no-caso-queiroz\/","title":{"rendered":"Abin nega que orientou defesa de Fl\u00e1vio Bolsonaro no caso Queiroz"},"content":{"rendered":"<p>Por meio de nota, a\u00a0Associa\u00e7\u00e3o Nacional dos Oficiais de Intelig\u00eancia (AOFI) destaca que &#8220;a atividade de Intelig\u00eancia tem prop\u00f3sitos republicanos de\u00a0assessoramento, que visam \u00e0 defesa do Estado Democr\u00e1tico de\u00a0Direito, n\u00e3o se colocando a servi\u00e7o de grupos, ideologias e\u00a0objetivos mut\u00e1veis e sujeitos \u00e0s conjunturas pol\u00edtico-partid\u00e1rias&#8221;<\/p>\n<p>A nota de esclarecimento tem o objetivo de negar acusa\u00e7\u00f5es feitas pela <em>Revista \u00c9poca<\/em>, <a href=\"https:\/\/www.correiobraziliense.com.br\/politica\/2020\/12\/4894375-moro-diz-que-ha-desvio-de-finalidade-na-acao-da-abin-em-beneficio-de-flavio-bolsonaro.html\">de que a\u00a0Ag\u00eancia Brasileira de Intelig\u00eancia (Abin) produziu pelo menos dois relat\u00f3rios de orienta\u00e7\u00e3o para Fl\u00e1vio Bolsonaro (Republicanos-RJ)<\/a>, filho do presidente Jair Bolsonaro, e seus advogados sobre o que deveria ser feito para conseguir os documentos para a anula\u00e7\u00e3o do caso Queiroz, que investigava a pr\u00e1tica de &#8220;rachadinhas&#8221; na Assembleia Legislativa do Rio de Janeiro (Alerj).<\/p>\n<p>V\u00e1rios nomes foram citados na reportagem, inclusive do\u00a0general Augusto Heleno, ministro-chefe do Gabinete de Seguran\u00e7a Institucional, e Alexandre Ramagem, diretor da Abin. Al\u00e9m de\u00a0Jos\u00e9 Tostes Neto, chefe da Receita.<\/p>\n<h3><strong>Veja a nota:<\/strong><\/h3>\n<p><em>&#8220;A Associa\u00e7\u00e3o Nacional dos Oficiais de Intelig\u00eancia (AOFI),\u00a0entidade civil constitu\u00edda sob os princ\u00edpios da Constitui\u00e7\u00e3o\u00a0Federal de 1988, vem manifestar-se em rela\u00e7\u00e3o \u00e0 mat\u00e9ria\u00a0publicada hoje pela Revista \u00c9poca, no sentido de que:<\/em><\/p>\n<p><em>1) os documentos produzidos pelos Oficiais de Intelig\u00eancia t\u00eam\u00a0padr\u00f5es de reda\u00e7\u00e3o pr\u00f3prios, preconizados por manual da\u00a0Presid\u00eancia da Rep\u00fablica, por doutrina e atos normativos\u00a0internos, que s\u00e3o incompat\u00edveis com os conte\u00fados aos quais a\u00a0mat\u00e9ria faz refer\u00eancia;<\/em><\/p>\n<p><em>2) a atividade de Intelig\u00eancia tem prop\u00f3sitos republicanos de\u00a0assessoramento, que visam \u00e0 defesa do Estado Democr\u00e1tico de\u00a0Direito, n\u00e3o se colocando a servi\u00e7o de grupos, ideologias e\u00a0objetivos mut\u00e1veis e sujeitos \u00e0s conjunturas pol\u00edtico-partid\u00e1rias. N\u00e3o cabe, nesse contexto, em um documento de\u00a0Intelig\u00eancia, sugerir nomes ou categoriais para assun\u00e7\u00e3o de\u00a0cargos governamentais;<\/em><\/p>\n<p><em>3) o controle civil \u00e9 visto pela AOFI como ferramenta de\u00a0fortalecimento da Atividade de Intelig\u00eancia, o que n\u00e3o se<\/em><br \/>\n<em>coaduna com a atribui\u00e7\u00e3o de documentos ap\u00f3crifos a uma\u00a0carreira de Estado constru\u00edda, regida, pautada e controlada\u00a0pelas leis, institui\u00e7\u00f5es e pela Constitui\u00e7\u00e3o da Rep\u00fablica.&#8221;<\/em><\/p>\n","protected":false},"excerpt":{"rendered":"<p>Por meio de nota, a\u00a0Associa\u00e7\u00e3o Nacional dos Oficiais de Intelig\u00eancia (AOFI) destaca que &#8220;a atividade de Intelig\u00eancia tem prop\u00f3sitos republicanos de\u00a0assessoramento, que visam \u00e0 defesa do Estado Democr\u00e1tico de\u00a0Direito, n\u00e3o se colocando a servi\u00e7o de grupos, ideologias e\u00a0objetivos mut\u00e1veis e sujeitos \u00e0s conjunturas pol\u00edtico-partid\u00e1rias&#8221; A nota de esclarecimento tem o objetivo de negar acusa\u00e7\u00f5es feitas pela Revista \u00c9poca, de que [&hellip;]<\/p>\n","protected":false},"author":27,"featured_media":0,"comment_status":"open","ping_status":"closed","sticky":false,"template":"","format":"standard","meta":{"footnotes":""},"categories":[2719],"tags":[7478,5636,18553,188,2584,760,17574,5547,2439,17117,8805,58],"class_list":["post-18531","post","type-post","status-publish","format-standard","hentry","category-servidor","tag-abin","tag-alerj","tag-aofi","tag-carreira","tag-constituicao","tag-documentos","tag-flavio-bolsonaro","tag-inteligencia","tag-oficiais","tag-rachadinha","tag-relatorios","tag-servidores"],"_links":{"self":[{"href":"https:\/\/blogs.correiobraziliense.com.br\/servidor\/wp-json\/wp\/v2\/posts\/18531","targetHints":{"allow":["GET"]}}],"collection":[{"href":"https:\/\/blogs.correiobraziliense.com.br\/servidor\/wp-json\/wp\/v2\/posts"}],"about":[{"href":"https:\/\/blogs.correiobraziliense.com.br\/servidor\/wp-json\/wp\/v2\/types\/post"}],"author":[{"embeddable":true,"href":"https:\/\/blogs.correiobraziliense.com.br\/servidor\/wp-json\/wp\/v2\/users\/27"}],"replies":[{"embeddable":true,"href":"https:\/\/blogs.correiobraziliense.com.br\/servidor\/wp-json\/wp\/v2\/comments?post=18531"}],"version-history":[{"count":3,"href":"https:\/\/blogs.correiobraziliense.com.br\/servidor\/wp-json\/wp\/v2\/posts\/18531\/revisions"}],"predecessor-version":[{"id":18536,"href":"https:\/\/blogs.correiobraziliense.com.br\/servidor\/wp-json\/wp\/v2\/posts\/18531\/revisions\/18536"}],"wp:attachment":[{"href":"https:\/\/blogs.correiobraziliense.com.br\/servidor\/wp-json\/wp\/v2\/media?parent=18531"}],"wp:term":[{"taxonomy":"category","embeddable":true,"href":"https:\/\/blogs.correiobraziliense.com.br\/servidor\/wp-json\/wp\/v2\/categories?post=18531"},{"taxonomy":"post_tag","embeddable":true,"href":"https:\/\/blogs.correiobraziliense.com.br\/servidor\/wp-json\/wp\/v2\/tags?post=18531"}],"curies":[{"name":"wp","href":"https:\/\/api.w.org\/{rel}","templated":true}]}}