{"id":1853,"date":"2016-06-09T17:42:56","date_gmt":"2016-06-09T20:42:56","guid":{"rendered":"https:\/\/blogs.correiobraziliense.com.br\/servidor\/?p=1853"},"modified":"2016-06-09T17:42:56","modified_gmt":"2016-06-09T20:42:56","slug":"nota-do-sinprofaz","status":"publish","type":"post","link":"https:\/\/blogs.correiobraziliense.com.br\/servidor\/nota-do-sinprofaz\/","title":{"rendered":"Nota do Sinprofaz"},"content":{"rendered":"<p>Procuradores da Fazenda est\u00e3o indignados com as mudan\u00e7as previstas no projeto de reajuste de sal\u00e1rios<\/p>\n<p>Por meio de nota, o Sindicato Nacional dos Procuradores da Fazenda Nacional (Sinprofaz) informa que, diante do descumprimento do acordo consubstanciado no PL n\u00ba 4254\/2015, a diretoria, com base nas sugest\u00f5es enviadas pelas unidades locais, delibera pela ado\u00e7\u00e3o de v\u00e1rias medidas:<\/p>\n<p>(A) Paralisa\u00e7\u00f5es de 1 (um) dia por semana no m\u00eas de junho e de 2 (dois) dias por semana no m\u00eas de julho, com reuni\u00f5es locais nas referidas datas para discutir as a\u00e7\u00f5es e os rumos do movimento, incluindo aprova\u00e7\u00e3o de indicativo de greve;<\/p>\n<p>(B) Paralisa\u00e7\u00e3o das atividades no E-CAC;<\/p>\n<p>(C) Dissolu\u00e7\u00e3o das divis\u00f5es estrat\u00e9gicas, em especial DIGRA e DIAES;<\/p>\n<p>(D) Posterga\u00e7\u00e3o de todos os servi\u00e7os n\u00e3o essenciais, em especial paralisa\u00e7\u00e3o dos processos de parcelamento e emiss\u00e3o de certid\u00f5es apenas no derradeiro dia do dec\u00eandio legal;<\/p>\n<p>(E) Cria\u00e7\u00e3o de comiss\u00f5es locais para visitas imediatas aos senadores nas respectivas bases;<\/p>\n<p>&#8220;Reitera-se a necessidade da n\u00e3o realiza\u00e7\u00e3o de atividades administrativas pelos procuradores da Fazenda Nacional, em especial nas execu\u00e7\u00f5es fiscais acima de R$ 1.000.000,00 (um milh\u00e3o), cujas dilig\u00eancias ainda s\u00e3o atribu\u00eddas aos membros da PFN&#8221;, destaca a nota.<\/p>\n<p>&#8220;Finalmente, a diretoria do Sinprofaz informa que ser\u00e1 realizada enquete eletr\u00f4nica, cujo link ser\u00e1 disponibilizado na p\u00e1gina do Sinprofaz, para apreciar a entrega de cargos em comiss\u00e3o no \u00e2mbito da PGFN. A vota\u00e7\u00e3o ser\u00e1 iniciada na quinta-feira, dia 09 de junho, e ser\u00e1 encerrada na pr\u00f3xima ter\u00e7a-feira, dia 14 de junho, \u00e0s 18 horas, com a seguinte reda\u00e7\u00e3o:<\/p>\n<p>\u201cConsiderando o descumprimento do acordo,<br \/>\nvoc\u00ea \u00e9 favor\u00e1vel \u00e0 entrega de todos os cargos em comiss\u00e3o no \u00e2mbito da PGFN?\u201d<\/p>\n<p>( ) Sim ( ) N\u00e3o<\/p>\n<p>Diretoria do Sinfprofaz&#8221;<\/p>\n","protected":false},"excerpt":{"rendered":"<p>Procuradores da Fazenda est\u00e3o indignados com as mudan\u00e7as previstas no projeto de reajuste de sal\u00e1rios Por meio de nota, o Sindicato Nacional dos Procuradores da Fazenda Nacional (Sinprofaz) informa que, diante do descumprimento do acordo consubstanciado no PL n\u00ba 4254\/2015, a diretoria, com base nas sugest\u00f5es enviadas pelas unidades locais, delibera pela ado\u00e7\u00e3o de v\u00e1rias medidas: (A) Paralisa\u00e7\u00f5es de 1 [&hellip;]<\/p>\n","protected":false},"author":27,"featured_media":0,"comment_status":"open","ping_status":"closed","sticky":false,"template":"","format":"standard","meta":{"footnotes":""},"categories":[1],"tags":[302,15,1683,2215,376,37,506,2214,101,63,643,2175],"class_list":["post-1853","post","type-post","status-publish","format-standard","hentry","category-sem-categoria","tag-fazenda","tag-greve","tag-indicativo","tag-indignados","tag-mudancas","tag-nota","tag-paralisacao","tag-procuradoes","tag-projeto","tag-reajuste","tag-salario","tag-sinprofaz"],"_links":{"self":[{"href":"https:\/\/blogs.correiobraziliense.com.br\/servidor\/wp-json\/wp\/v2\/posts\/1853","targetHints":{"allow":["GET"]}}],"collection":[{"href":"https:\/\/blogs.correiobraziliense.com.br\/servidor\/wp-json\/wp\/v2\/posts"}],"about":[{"href":"https:\/\/blogs.correiobraziliense.com.br\/servidor\/wp-json\/wp\/v2\/types\/post"}],"author":[{"embeddable":true,"href":"https:\/\/blogs.correiobraziliense.com.br\/servidor\/wp-json\/wp\/v2\/users\/27"}],"replies":[{"embeddable":true,"href":"https:\/\/blogs.correiobraziliense.com.br\/servidor\/wp-json\/wp\/v2\/comments?post=1853"}],"version-history":[{"count":1,"href":"https:\/\/blogs.correiobraziliense.com.br\/servidor\/wp-json\/wp\/v2\/posts\/1853\/revisions"}],"predecessor-version":[{"id":1854,"href":"https:\/\/blogs.correiobraziliense.com.br\/servidor\/wp-json\/wp\/v2\/posts\/1853\/revisions\/1854"}],"wp:attachment":[{"href":"https:\/\/blogs.correiobraziliense.com.br\/servidor\/wp-json\/wp\/v2\/media?parent=1853"}],"wp:term":[{"taxonomy":"category","embeddable":true,"href":"https:\/\/blogs.correiobraziliense.com.br\/servidor\/wp-json\/wp\/v2\/categories?post=1853"},{"taxonomy":"post_tag","embeddable":true,"href":"https:\/\/blogs.correiobraziliense.com.br\/servidor\/wp-json\/wp\/v2\/tags?post=1853"}],"curies":[{"name":"wp","href":"https:\/\/api.w.org\/{rel}","templated":true}]}}